{"id":104025,"date":"2025-11-30T15:10:10","date_gmt":"2025-11-30T15:10:10","guid":{"rendered":"https:\/\/www.europesays.com\/fi\/104025\/"},"modified":"2025-11-30T15:10:10","modified_gmt":"2025-11-30T15:10:10","slug":"karviassa-kahden-nuoren-vakava-liikenneonnettomuus-poliisi-epailee-16-vuotiasta-kuskia-rattijuoppoudesta-kotimaa","status":"publish","type":"post","link":"https:\/\/www.europesays.com\/fi\/104025\/","title":{"rendered":"Karviassa kahden nuoren vakava liikenneonnettomuus \u2013 poliisi ep\u00e4ilee 16-vuotiasta kuskia rattijuoppoudesta | Kotimaa"},"content":{"rendered":"<p class=\"aw-1gybjub aw-5vja16 kEtdKx kmuxyA yle__article__paragraph\">Onnettomuus sattui sunnuntaiaamuna ennen puolta p\u00e4iv\u00e4\u00e4. Paikalle saapui my\u00f6s l\u00e4\u00e4k\u00e4rikopteri.<\/p>\n<p><img decoding=\"async\" alt=\"Poliisin partioauto eli mustamaija on parkissa.\" src=\"https:\/\/www.europesays.com\/fi\/wp-content\/uploads\/2025\/11\/39-13678596718cda4cad1d.jpeg\" class=\"aw-1l9m598 hKVVvP\"\/><\/p>\n<p>Avaa kuvien katselu<\/p>\n<p>Poliisin partioauto. Arkistokuva. Kuva: Soila Ojanen \/ Yle<\/p>\n<p class=\"aw-1gybjub aw-1p7kakr kEtdKx cEmitX yle__article__paragraph\">Poliisi tutkii Karviassa, Satakunnassa, tapahtunutta vakavaa liikenneonnettomuutta, jossa oli mukana kaksi nuorta miest\u00e4. 16-vuotiaan nuoren kuljettama auto oli py\u00f6r\u00e4ht\u00e4nyt katon kautta ymp\u00e4ri ojaan.<\/p>\n<p class=\"aw-1gybjub aw-1p7kakr kEtdKx cEmitX yle__article__paragraph\">Poliisi ep\u00e4ilee alustavasti auton 16-vuotiasta kuljettajaa t\u00f6rke\u00e4st\u00e4 rattijuopumuksesta ja liikenneturvallisuuden vaarantamisesta sek\u00e4 kulkuneuvon kuljettamisesta oikeudetta.<\/p>\n<p class=\"aw-1gybjub aw-1p7kakr kEtdKx cEmitX yle__article__paragraph\">Kuljettajan lis\u00e4ksi autossa oli yksi matkustaja, 18-vuotias mies. Kumpikaan ei loukkaantunut vakavasti, mutta kuljettaja toimitettiin onnettomuuspaikalta sairaalaan.<\/p>\n<p class=\"aw-1gybjub aw-1p7kakr kEtdKx cEmitX yle__article__paragraph\">H\u00e4t\u00e4keskus sai ilmoituksen liikenneonnettomuudesta aamup\u00e4iv\u00e4ll\u00e4 hieman ennen kello 11.00. Onnettomuus tapahtui Yl\u00e4-Satakunnantiell\u00e4 J\u00e4rvel\u00e4n kohdilla. Auto oli liikkunut onnettomuushetkell\u00e4 Karvian suunnasta.<\/p>\n<p class=\"aw-1gybjub aw-1p7kakr kEtdKx cEmitX yle__article__paragraph\">Paikalla oli runsaasti poliisin ja pelastuslaitoksen partioita sek\u00e4 l\u00e4\u00e4k\u00e4rihelikopteri.<\/p>\n","protected":false},"excerpt":{"rendered":"Onnettomuus sattui sunnuntaiaamuna ennen puolta p\u00e4iv\u00e4\u00e4. Paikalle saapui my\u00f6s l\u00e4\u00e4k\u00e4rikopteri. Avaa kuvien katselu Poliisin partioauto. Arkistokuva. Kuva: Soila&hellip;\n","protected":false},"author":2,"featured_media":104026,"comment_status":"","ping_status":"","sticky":false,"template":"","format":"standard","meta":{"footnotes":""},"categories":[12],"tags":[22,23,26,27,33,31,30,17,5543,71,24,25,990,28,29,15,814,18,21,1263,968,32,6179,128,19,20,16],"class_list":{"0":"post-104025","1":"post","2":"type-post","3":"status-publish","4":"format-standard","5":"has-post-thumbnail","7":"category-suomi","8":"tag-breaking-news","9":"tag-breakingnews","10":"tag-featured-news","11":"tag-featurednews","12":"tag-fi","13":"tag-finland","14":"tag-finnish","15":"tag-headlines","16":"tag-karvia","17":"tag-kotimaa","18":"tag-latest-news","19":"tag-latestnews","20":"tag-liikenneonnettomuudet","21":"tag-main-news","22":"tag-mainnews","23":"tag-news","24":"tag-nuoret","25":"tag-otsikot","26":"tag-paauutiset","27":"tag-rikosepailyt","28":"tag-satakunta","29":"tag-suomi","30":"tag-tapaturmat","31":"tag-tieliikenne","32":"tag-top-stories","33":"tag-topstories","34":"tag-uutiset"},"share_on_mastodon":{"url":"https:\/\/pubeurope.com\/@fi\/115639289668050427","error":""},"_links":{"self":[{"href":"https:\/\/www.europesays.com\/fi\/wp-json\/wp\/v2\/posts\/104025","targetHints":{"allow":["GET"]}}],"collection":[{"href":"https:\/\/www.europesays.com\/fi\/wp-json\/wp\/v2\/posts"}],"about":[{"href":"https:\/\/www.europesays.com\/fi\/wp-json\/wp\/v2\/types\/post"}],"author":[{"embeddable":true,"href":"https:\/\/www.europesays.com\/fi\/wp-json\/wp\/v2\/users\/2"}],"replies":[{"embeddable":true,"href":"https:\/\/www.europesays.com\/fi\/wp-json\/wp\/v2\/comments?post=104025"}],"version-history":[{"count":0,"href":"https:\/\/www.europesays.com\/fi\/wp-json\/wp\/v2\/posts\/104025\/revisions"}],"wp:featuredmedia":[{"embeddable":true,"href":"https:\/\/www.europesays.com\/fi\/wp-json\/wp\/v2\/media\/104026"}],"wp:attachment":[{"href":"https:\/\/www.europesays.com\/fi\/wp-json\/wp\/v2\/media?parent=104025"}],"wp:term":[{"taxonomy":"category","embeddable":true,"href":"https:\/\/www.europesays.com\/fi\/wp-json\/wp\/v2\/categories?post=104025"},{"taxonomy":"post_tag","embeddable":true,"href":"https:\/\/www.europesays.com\/fi\/wp-json\/wp\/v2\/tags?post=104025"}],"curies":[{"name":"wp","href":"https:\/\/api.w.org\/{rel}","templated":true}]}}