{"id":104027,"date":"2025-11-30T15:11:09","date_gmt":"2025-11-30T15:11:09","guid":{"rendered":"https:\/\/www.europesays.com\/fi\/104027\/"},"modified":"2025-11-30T15:11:09","modified_gmt":"2025-11-30T15:11:09","slug":"silminnakijat-vaittavat-turma-autosta-nostettiin-ulos-ilokaasupulloja","status":"publish","type":"post","link":"https:\/\/www.europesays.com\/fi\/104027\/","title":{"rendered":"Silminn\u00e4kij\u00e4t v\u00e4itt\u00e4v\u00e4t: Turma-autosta nostettiin ulos ilokaasupulloja"},"content":{"rendered":"<p>Tikkurilan turma|Lauantai-iltana Vantaan Tikkurilassa tapahtuneessa onnettomuudessa kuoli 15-vuotias poika. Ravintolan terassille suistunutta autoa kuljetti 22-vuotias mies.<\/p>\n<p>Lue tiivistelm\u00e4<\/p>\n<p>Tiivistelm\u00e4 on teko\u00e4lyn tekem\u00e4 ja ihmisen tarkistama.<\/p>\n<p class=\"article-body mb-nof-24 px-nof-16 sndp-summary-bullet-point-font\">Vantaan Tikkurilassa lauantai-iltana 15-vuotiaan kuolemaan johtaneessa p\u00e4\u00e4lleajossa 22-vuotias kuljettaja k\u00e4ytti silminn\u00e4kij\u00f6iden mukaan autossa ilokaasua.<\/p>\n<p class=\"article-body mb-nof-24 px-nof-16 sndp-summary-bullet-point-font\">Kuljettaja ajoi toisen auton per\u00e4\u00e4n Talvikkitien ja Hernetien risteyksess\u00e4 ja jatkoi jalkak\u00e4yt\u00e4v\u00e4lle sy\u00f6ksyen nuorten p\u00e4\u00e4lle.<\/p>\n<p class=\"article-body mb-nof-24 px-nof-16 sndp-summary-bullet-point-font\">P\u00e4ivyst\u00e4v\u00e4 tutkinnanjohtaja rikoskomisario Rauno J\u00e4ms\u00e4 It\u00e4-Uudenmaan poliisista ei vahvista ilokaasun k\u00e4ytt\u00f6\u00e4. Kuljettajan puhallustesti ja huumeaineiden pikatesti olivat negatiiviset.<\/p>\n<p class=\"article-body mb-nof-24 px-nof-16 sndp-summary-bullet-point-font\">22-vuotiasta mieskuljettajaa ep\u00e4ill\u00e4\u00e4n t\u00f6rke\u00e4st\u00e4 liikenneturvallisuuden vaarantamisesta ja t\u00f6rke\u00e4st\u00e4 kuolemantuottamuksesta.<\/p>\n<p class=\"article-body mb-nof-24 px-nof-16\">Talvikkitiell\u00e4 Vantaan Tikkurilassa on sunnuntaina keskip\u00e4iv\u00e4ll\u00e4 surullinen ja j\u00e4rkyttynyt tunnelma.<\/p>\n<p class=\"article-body mb-nof-24 px-nof-16\">Onnettomuuspaikalle ravintola Pizza Express Grill Housen eteen virtaa nuoria surijoita kunnioittamaan kuollutta yst\u00e4v\u00e4\u00e4ns\u00e4.<\/p>\n<p class=\"article-body mb-nof-24 px-nof-16\">Kynttil\u00f6it\u00e4 sytytet\u00e4\u00e4n, ja monet nuorista itkev\u00e4t.<\/p>\n<p class=\"article-body mb-nof-24 px-nof-16\">\u201dEi voi ymm\u00e4rt\u00e4\u00e4, kaikki tapahtui niin nopeasti\u201d, sanoo 15-vuotias <a class=\"article-personlink\" href=\"https:\/\/www.hs.fi\/haku\/?query=Ezel\" rel=\"nofollow noopener\" target=\"_blank\">Ezel<\/a>.<\/p>\n<p class=\"article-body mb-nof-24 px-nof-16\">Ezel oli paikalla, kun auto sy\u00f6ksyi h\u00e4nen vierest\u00e4\u00e4n nuorten p\u00e4\u00e4lle ravintolan edess\u00e4. Kuollut poika oli h\u00e4nen kaverinsa rinnakkaisluokalta.<\/p>\n<p class=\"article-body mb-nof-24 px-nof-16\">\u201dKuka tahansa meist\u00e4 olisi voinut j\u00e4\u00e4d\u00e4 alle. Se vain tapahtui, auto tuli tuolta ja yksi j\u00e4i alle\u201d, Ezel viittoo Hernetien risteykseen p\u00e4in.<\/p>\n<p><img decoding=\"async\" src=\"https:\/\/www.europesays.com\/fi\/wp-content\/uploads\/2025\/11\/1764515469_200_468.jpg\" alt=\"Onnettomuus johtui per\u00e4\u00e4najosta Talvikkitien ja Hernetien risteyksess\u00e4. Kolarin seurauksena per\u00e4\u00e4najajan auto sy\u00f6ksyi ihmisten p\u00e4\u00e4lle ravintola Grill Housen edess\u00e4.\" class=\"_Img_1rerz_1\" style=\"aspect-ratio:1.5\" loading=\"eager\"\/><\/p>\n<p class=\"article-picture-caption\">Onnettomuus johtui per\u00e4\u00e4najosta Talvikkitien ja Hernetien risteyksess\u00e4. Kolarin seurauksena per\u00e4\u00e4najajan auto sy\u00f6ksyi ihmisten p\u00e4\u00e4lle ravintola Grill Housen edess\u00e4. Kuva:\u00a0Juha Salminen \/ HS<\/p>\n<p class=\"article-body mb-nof-24 px-nof-16\">Onnettomuus tapahtui lauantai-iltana kello 19.20.<\/p>\n<p class=\"article-body mb-nof-24 px-nof-16\">22-vuotias kuljettaja ajoi toisen auton per\u00e4\u00e4n Talvikkitien ja Hernetien risteyksess\u00e4 ja jatkoi matkaansa jalkak\u00e4yt\u00e4v\u00e4lle sy\u00f6ksyen ihmisten p\u00e4\u00e4lle.<\/p>\n<p class=\"article-body mb-nof-24 px-nof-16\">Osa nuorista ehti hyp\u00e4t\u00e4 pois alta, mutta yksi heist\u00e4 ei.<\/p>\n<p class=\"article-body mb-nof-24 px-nof-16\">Matkaa onnettomuuspaikalta risteykseen on arviolta 20\u201330 metri\u00e4.<\/p>\n<p class=\"article-body mb-nof-24 px-nof-16\">\u201dEmme ehtineet tajuta mit\u00e4 tapahtui. Hetken p\u00e4\u00e4st\u00e4 ihmettelimme, miss\u00e4 yksi kavereistamme on. Yritimme soittaa ja tekstata h\u00e4nelle, mutta h\u00e4n ei vastannut\u201d, Ezel kertoo.<\/p>\n<p class=\"article-body mb-nof-24 px-nof-16\">Toisin kuin HS kirjoitti aiemmin, poikia oli enemm\u00e4n kuin kaksi ja he eiv\u00e4t seisoneet ravintolan terassilla, vaan olivat k\u00e4velem\u00e4ss\u00e4 ravintolan ohi edess\u00e4 kulkevalla kevyen liikenteen v\u00e4yl\u00e4ll\u00e4.<\/p>\n<p class=\"article-body mb-nof-24 px-nof-16\">Per\u00e4\u00e4najo tapahtui, kun Tikkurilan keskustaa kohti Talvikkitiet\u00e4 tullut auto oli k\u00e4\u00e4ntym\u00e4ss\u00e4 oikealle Hernetielle, ja takaa tullut 22-vuotias mies t\u00f6rm\u00e4si autollaan per\u00e4\u00e4n.<\/p>\n<p><img decoding=\"async\" src=\"https:\/\/www.europesays.com\/fi\/wp-content\/uploads\/2025\/11\/1764515469_357_468.jpg\" alt=\"Nuoret toivat sunnuntaina paikalle kynttil\u00f6it\u00e4 ja kukkia.\" class=\"_Img_1rerz_1\" style=\"aspect-ratio:1.5\" loading=\"eager\"\/><\/p>\n<p class=\"article-picture-caption\">Nuoret toivat sunnuntaina paikalle kynttil\u00f6it\u00e4 ja kukkia. Kuva:\u00a0Juha Salminen \/ HS<\/p>\n<p class=\"article-body mb-nof-24 px-nof-16\">Kuljettaja ajoi ilokaasusta p\u00e4ihtyneen\u00e4, v\u00e4itt\u00e4v\u00e4t Ezel ja h\u00e4nen kaksi kaveriaan. Onnettomuusautosta nostettiin ulos ilokaasupulloja, yksi pojista kertoo.<\/p>\n<p class=\"article-body mb-nof-24 px-nof-16\">Ezel eik\u00e4 h\u00e4nen kaverinsa halua kertoa nimi\u00e4\u00e4n. Pojat ovat silmin n\u00e4hden j\u00e4rkyttyneit\u00e4 koko tapahtumasta.<\/p>\n<p class=\"article-body mb-nof-24 px-nof-16\">P\u00e4ivyst\u00e4v\u00e4 tutkinnanjohtaja rikoskomisario <a class=\"article-personlink\" href=\"https:\/\/www.hs.fi\/haku\/?query=Rauno%20J%C3%A4ms%C3%A4\" rel=\"nofollow noopener\" target=\"_blank\">Rauno J\u00e4ms\u00e4<\/a> It\u00e4-Uudenmaan poliisista ei vahvista ilokaasun k\u00e4ytt\u00f6\u00e4, vaan pysyy aiemmassa lausunnossaan.<\/p>\n<p class=\"article-body mb-nof-24 px-nof-16\">\u201dPoliisi teki tapahtumapaikalla kuljettajalle puhallustestin ja huumeaineiden pikatestin. Ne osoittautuivat negatiiviseksi.\u201d<\/p>\n<p class=\"article-body mb-nof-24 px-nof-16\">Poliisi ei ota kantaa siihenk\u00e4\u00e4n, oliko tilanteen syyn\u00e4 liian kova tilannenopeus. Asiaa tutkitaan, J\u00e4ms\u00e4 sanoi aiemmin sunnuntaina HS:lle.<\/p>\n<p class=\"article-body mb-nof-24 px-nof-16\">Kuljettajaa ep\u00e4ill\u00e4\u00e4n t\u00f6rke\u00e4st\u00e4 liikenneturvallisuuden vaarantamisesta ja t\u00f6rke\u00e4st\u00e4 kuolemantuottamuksesta. Nimikkeet voivat t\u00e4smenty\u00e4 tutkinnan edetess\u00e4.<\/p>\n<p class=\"article-body mb-nof-24 px-nof-16\">Per\u00e4\u00e4n ajettu auto t\u00f6rm\u00e4si kolarin seurauksena katuvalotolppaan, joka kaatui.<\/p>\n<p class=\"article-body mb-nof-24 px-nof-16\">Per\u00e4\u00e4n ajetussa autossa oli kolme matkustajaa, mutta kukaan heist\u00e4 ei loukkaantunut kolarissa.<\/p>\n<p><img decoding=\"async\" src=\"https:\/\/www.europesays.com\/fi\/wp-content\/uploads\/2025\/11\/1764515469_391_468.jpg\" alt=\"Per\u00e4\u00e4n ajettu auto t\u00f6rm\u00e4si kolarissa katuvalotolppaan Talvikkitien ja Hernetien risteyksess\u00e4, ja tolppa kaatui. Sunnuntaina puoliltap\u00e4ivin It\u00e4-Uudenmaan poliisi oli paikalla tekem\u00e4ss\u00e4 rikosteknist\u00e4 tukimusta.\" class=\"_Img_1rerz_1\" style=\"aspect-ratio:1.5\" loading=\"eager\"\/><\/p>\n<p class=\"article-picture-caption\">Per\u00e4\u00e4n ajettu auto t\u00f6rm\u00e4si kolarissa katuvalotolppaan Talvikkitien ja Hernetien risteyksess\u00e4, ja tolppa kaatui. Sunnuntaina puoliltap\u00e4ivin It\u00e4-Uudenmaan poliisi oli paikalla tekem\u00e4ss\u00e4 rikosteknist\u00e4 tukimusta. Kuva:\u00a0Juha Salminen \/ HS<\/p>\n<p class=\"article-body mb-nof-24 px-nof-16\">Paikalle ravintolan eteen saapuu useita nuoria, jotka kaikki kertovat olleensa kuolleen pojan kavereita. Pian paikalla on yli kaksikymment\u00e4 nuorta.<\/p>\n<p class=\"article-body mb-nof-24 px-nof-16\">\u201dH\u00e4n ei halunnut ikin\u00e4 kenellek\u00e4\u00e4n mit\u00e4\u00e4n pahaa\u201d, sanoo yksi tyt\u00f6ist\u00e4 kyyneleet silmiss\u00e4\u00e4n.<\/p>\n<p class=\"article-body mb-nof-24 px-nof-16\">15-vuotias <a class=\"article-personlink\" href=\"https:\/\/www.hs.fi\/haku\/?query=Tomas%20Martikainen\" rel=\"nofollow noopener\" target=\"_blank\">Tomas Martikainen<\/a> kertoo tulleensa paikalle lauantai-iltana kymmenen minuuttia onnettomuuden j\u00e4lkeen. H\u00e4nen mukaansa tilanteessa loukkaantui my\u00f6s toinen poika liev\u00e4sti, mutta t\u00e4m\u00e4 ei hakeutunut sairaalahoitoon.<\/p>\n<p class=\"article-body mb-nof-24 px-nof-16\">Martikainen tunsi kuolleen pojan ja muut onnettomuudessa olleet pojat koulusta. Tapahtuma tuntuu h\u00e4nest\u00e4 ja h\u00e4nen kavereistaan vaikealta ja surulliselta. My\u00f6s h\u00e4nen kotonaan oltiin tapahtumasta j\u00e4rkyttyneit\u00e4.<\/p>\n<p class=\"article-body mb-nof-24 px-nof-16\">\u201dJouduin suostuttelemaan \u00e4iti\u00e4 p\u00e4\u00e4st\u00e4m\u00e4\u00e4n minut ulos t\u00e4n\u00e4\u00e4n\u201d, Martikainen kertoo.<\/p>\n","protected":false},"excerpt":{"rendered":"Tikkurilan turma|Lauantai-iltana Vantaan Tikkurilassa tapahtuneessa onnettomuudessa kuoli 15-vuotias poika. Ravintolan terassille suistunutta autoa kuljetti 22-vuotias mies. Lue tiivistelm\u00e4&hellip;\n","protected":false},"author":2,"featured_media":104028,"comment_status":"","ping_status":"","sticky":false,"template":"","format":"standard","meta":{"footnotes":""},"categories":[5],"tags":[22,23,26,27,33,31,30,17,46,24,25,28,29,15,18,21,32,19,20,16],"class_list":{"0":"post-104027","1":"post","2":"type-post","3":"status-publish","4":"format-standard","5":"has-post-thumbnail","7":"category-otsikot","8":"tag-breaking-news","9":"tag-breakingnews","10":"tag-featured-news","11":"tag-featurednews","12":"tag-fi","13":"tag-finland","14":"tag-finnish","15":"tag-headlines","16":"tag-helsingin-sanomat","17":"tag-latest-news","18":"tag-latestnews","19":"tag-main-news","20":"tag-mainnews","21":"tag-news","22":"tag-otsikot","23":"tag-paauutiset","24":"tag-suomi","25":"tag-top-stories","26":"tag-topstories","27":"tag-uutiset"},"share_on_mastodon":{"url":"https:\/\/pubeurope.com\/@fi\/115639293444165981","error":""},"_links":{"self":[{"href":"https:\/\/www.europesays.com\/fi\/wp-json\/wp\/v2\/posts\/104027","targetHints":{"allow":["GET"]}}],"collection":[{"href":"https:\/\/www.europesays.com\/fi\/wp-json\/wp\/v2\/posts"}],"about":[{"href":"https:\/\/www.europesays.com\/fi\/wp-json\/wp\/v2\/types\/post"}],"author":[{"embeddable":true,"href":"https:\/\/www.europesays.com\/fi\/wp-json\/wp\/v2\/users\/2"}],"replies":[{"embeddable":true,"href":"https:\/\/www.europesays.com\/fi\/wp-json\/wp\/v2\/comments?post=104027"}],"version-history":[{"count":0,"href":"https:\/\/www.europesays.com\/fi\/wp-json\/wp\/v2\/posts\/104027\/revisions"}],"wp:featuredmedia":[{"embeddable":true,"href":"https:\/\/www.europesays.com\/fi\/wp-json\/wp\/v2\/media\/104028"}],"wp:attachment":[{"href":"https:\/\/www.europesays.com\/fi\/wp-json\/wp\/v2\/media?parent=104027"}],"wp:term":[{"taxonomy":"category","embeddable":true,"href":"https:\/\/www.europesays.com\/fi\/wp-json\/wp\/v2\/categories?post=104027"},{"taxonomy":"post_tag","embeddable":true,"href":"https:\/\/www.europesays.com\/fi\/wp-json\/wp\/v2\/tags?post=104027"}],"curies":[{"name":"wp","href":"https:\/\/api.w.org\/{rel}","templated":true}]}}