{"id":104031,"date":"2025-11-30T15:24:17","date_gmt":"2025-11-30T15:24:17","guid":{"rendered":"https:\/\/www.europesays.com\/fi\/104031\/"},"modified":"2025-11-30T15:24:17","modified_gmt":"2025-11-30T15:24:17","slug":"mita-ihmetta-selvitimme-miksi-polkupyora-on-sujahtanut-kallion-sisalle-kulttuuri","status":"publish","type":"post","link":"https:\/\/www.europesays.com\/fi\/104031\/","title":{"rendered":"Mit\u00e4 ihmett\u00e4? Selvitimme, miksi polkupy\u00f6r\u00e4 on sujahtanut kallion sis\u00e4lle | Kulttuuri"},"content":{"rendered":"<p class=\"aw-1gybjub aw-1p7kakr kEtdKx cEmitX yle__article__paragraph\">Kauppakeskus Triplan l\u00e4hist\u00f6ll\u00e4 sijaitsevalla kevyen liikenteen v\u00e4yl\u00e4ll\u00e4, junaradan kupeessa on n\u00e4ky, joka on saanut monet hieraisemaan silmi\u00e4\u00e4n.<\/p>\n<p class=\"aw-1gybjub aw-1p7kakr kEtdKx cEmitX yle__article__paragraph\">Kallioleikkauksessa, muutaman metrin korkeudessa t\u00f6r\u00f6tt\u00e4\u00e4 sinirunkoisen polkupy\u00f6r\u00e4n takaosa. Muu osa fillarista on uponnut syv\u00e4lle kallion uumeniin. Lis\u00e4ksi takapy\u00f6r\u00e4 py\u00f6rii vinhasti, ihan kuin jotakin olisi sattunut juuri \u00e4sken.<\/p>\n<p><img decoding=\"async\" alt=\"Markku Puustisen Py\u00f6r\u00e4ilij\u00e4-teos ja taiteilija Markku Puustinen. \" src=\"https:\/\/www.europesays.com\/fi\/wp-content\/uploads\/2025\/11\/39-15595056926b7db6b51e.jpeg\" loading=\"lazy\" class=\"aw-1l9m598 hKVVvP\"\/><\/p>\n<p>Avaa kuvien katselu<\/p>\n<p>Taiteilija Puustinen Py\u00f6r\u00e4ilij\u00e4-teoksen edustalla.  Kuva: Jussi Mankkinen \/ Yle<img decoding=\"async\" alt=\"Markku Puustisen Py\u00f6r\u00e4ilij\u00e4-teos. \" src=\"https:\/\/www.europesays.com\/fi\/wp-content\/uploads\/2025\/11\/39-15595106926b7dd9f0c0.jpeg\" loading=\"lazy\" class=\"aw-1l9m598 hKVVvP\"\/><\/p>\n<p>Avaa kuvien katselu<\/p>\n<p>Huomaa siivekkeet, jotka saavat py\u00f6r\u00e4n py\u00f6rim\u00e4\u00e4n tuulisella s\u00e4\u00e4ll\u00e4.  Kuva: Jussi Mankkinen \/ Yle<\/p>\n<p class=\"aw-1gybjub aw-1p7kakr kEtdKx cEmitX yle__article__paragraph\">Tilanteesta tulee ensimm\u00e4isen\u00e4 mieleen absurdi polkupy\u00f6r\u00e4onnettomuus ja siit\u00e4h\u00e4n t\u00e4ss\u00e4 oikeastaan onkin kyse. Taiteilija <strong class=\"aw-ak79eh KyCXm yle__article__strong\">Markku \u201dSika\u201d Puustisen<\/strong> Py\u00f6r\u00e4ilij\u00e4-niminen ymp\u00e4rist\u00f6taideteos sai alkusys\u00e4yksens\u00e4, kun h\u00e4n oli ty\u00f6st\u00e4m\u00e4ss\u00e4 saman kevyen liikenteen v\u00e4yl\u00e4n varrella sijaitsevaa Neula-teostaan.<\/p>\n<p class=\"aw-1gybjub aw-1p7kakr kEtdKx cEmitX yle__article__paragraph\">\u2013 Siin\u00e4 suhasi py\u00f6r\u00e4ilij\u00f6it\u00e4 kovaa vauhtia etenkin ruuhka-aikana. Er\u00e4s ohikulkija arveli, ett\u00e4 nuohan voivat viel\u00e4 jossakin vaiheessa t\u00f6rm\u00e4t\u00e4 kallioon. Ajattelin ett\u00e4 hetkinen, py\u00f6r\u00e4 kallioon&#8230;<\/p>\n<p class=\"aw-1gybjub aw-1p7kakr kEtdKx cEmitX yle__article__paragraph\">Puustinen hankki silt\u00e4 istumalta romupolkupy\u00f6r\u00e4n, josta poisti ketjut ja etupy\u00f6r\u00e4n. Sen j\u00e4lkeen h\u00e4n leikkasi kulkupelin r\u00e4ll\u00e4k\u00e4ll\u00e4 kahtia.<\/p>\n<p class=\"aw-1gybjub aw-1p7kakr kEtdKx cEmitX yle__article__paragraph\">\u2013 Laakeroin takapy\u00f6r\u00e4n todella herk\u00e4ksi ja lis\u00e4sin siihen pienet siivekkeet. Tuulisella s\u00e4\u00e4ll\u00e4 takapy\u00f6r\u00e4 py\u00f6rii, ja viel\u00e4p\u00e4 menosuuntaan.<\/p>\n<p>Yll\u00e4tt\u00e4v\u00e4\u00e4 ymp\u00e4rist\u00f6taidetta<\/p>\n<p class=\"aw-1gybjub aw-1p7kakr kEtdKx cEmitX yle__article__paragraph\">Markku Puustinen on viime vuosina toteuttanut taidettaan ymp\u00e4ri Helsinki\u00e4. T\u00e4n\u00e4 vuonna teoksia on syntynyt useampi kappale. Py\u00f6r\u00e4ilij\u00e4n ja Neulan lis\u00e4ksi T\u00f6\u00f6l\u00f6nlahdelle on kohonnut luonnonkivist\u00e4 rakennettu, korkeuksia hipova Seita ja sen l\u00e4hettyville Kalatiira. Niiden kupeessa sijaitsee my\u00f6s minikokoinen vesivoimala Hugo, jonka Puustinen rakensi jo vuonna 2019.<\/p>\n<p class=\"aw-1gybjub aw-1p7kakr kEtdKx cEmitX yle__article__paragraph\">\u2013 Hyv\u00e4\u00e4n ymp\u00e4rist\u00f6taiteeseen kuuluu, ett\u00e4 ihmiset huomaavat sen. Samalla se on my\u00f6s l\u00e4hell\u00e4 ihmist\u00e4. Omat teokseni eiv\u00e4t ole mill\u00e4\u00e4n tavalla p\u00f6n\u00e4k\u00f6it\u00e4: niihin kuuluu vitsi\u00e4 ja hauskuutta, mutta taustalta l\u00f6ytyy my\u00f6s selv\u00e4 sanoma. Hyv\u00e4\u00e4n ymp\u00e4rist\u00f6taiteeseen kuuluu yll\u00e4tt\u00e4vyys, Puustinen m\u00e4\u00e4rittelee.<\/p>\n<p><img decoding=\"async\" alt=\"Markku Puustisen Neula-teos. \" src=\"https:\/\/www.europesays.com\/fi\/wp-content\/uploads\/2025\/11\/39-15595036926b7dade666.jpeg\" loading=\"lazy\" class=\"aw-1l9m598 hKVVvP\"\/><\/p>\n<p>Avaa kuvien katselu<\/p>\n<p>Neula-teoksessa j\u00e4ttim\u00e4inen parsinneula lankoineen on l\u00e4vist\u00e4nyt kallion. Neula sijaitsee Tivolitien vieress\u00e4 Linnanm\u00e4en l\u00e4hell\u00e4.  Kuva: Jussi Mankkinen \/ Yle<img decoding=\"async\" alt=\"Markku Puustisen Tiira-teos T\u00f6\u00f6l\u00f6nlahdella. \" src=\"https:\/\/www.europesays.com\/fi\/wp-content\/uploads\/2025\/11\/39-15595046926b7db6a1ee.jpeg\" loading=\"lazy\" class=\"aw-1l9m598 hKVVvP\"\/><\/p>\n<p>Avaa kuvien katselu<\/p>\n<p>Kalatiira taas l\u00f6ytyy T\u00f6\u00f6l\u00f6nlahdelta.  Kuva: Jussi Mankkinen \/ Yle<img decoding=\"async\" alt=\"Markku Puustisen Seita-teos T\u00f6\u00f6l\u00f6nlahdella ja sorsa. \" src=\"https:\/\/www.europesays.com\/fi\/wp-content\/uploads\/2025\/11\/39-15595076926b7dc659d2.jpeg\" loading=\"lazy\" class=\"aw-1l9m598 hKVVvP\"\/><\/p>\n<p>Avaa kuvien katselu<\/p>\n<p>V\u00e4h\u00e4n matkan p\u00e4\u00e4ss\u00e4 Kalatiirasta sijatseva Seita-teos inspiroi paikallista sinisorsaa.  Kuva: Jussi Mankkinen \/ Yle<img decoding=\"async\" alt=\"Markku Puustisen Seita-teos T\u00f6\u00f6l\u00f6nlahdella. \" src=\"https:\/\/www.europesays.com\/fi\/wp-content\/uploads\/2025\/11\/39-1560365692804221c64d.jpeg\" loading=\"lazy\" class=\"aw-1l9m598 hKVVvP\"\/><\/p>\n<p>Avaa kuvien katselu<\/p>\n<p>Pime\u00e4ll\u00e4 Seita on my\u00f6s valaistu&#8230; Kuva: Jussi Mankkinen \/ Yle<img decoding=\"async\" alt=\"Markku Puustisen Hugo-teos T\u00f6\u00f6l\u00f6nlahdella. \" src=\"https:\/\/www.europesays.com\/fi\/wp-content\/uploads\/2025\/11\/39-156036669280422739bf.jpeg\" loading=\"lazy\" class=\"aw-1l9m598 hKVVvP\"\/><\/p>\n<p>Avaa kuvien katselu<\/p>\n<p>&#8230;kuten sen vieress\u00e4 py\u00f6riv\u00e4 minikokoinen vesivoimala Hugokin, joka on valmistunut jo vuonna 2019.  Kuva: Jussi Mankkinen \/ Yle<\/p>\n<p class=\"aw-1gybjub aw-1p7kakr kEtdKx cEmitX yle__article__paragraph\">Yll\u00e4tt\u00e4vyytt\u00e4 Puustisen teoksista l\u00f6ytyy: ne ilmestyv\u00e4t kaupunkilaisten ihmetelt\u00e4v\u00e4viksi ilman ennakkovaroitusta ja pienen anarkian siivitt\u00e4min\u00e4. Helsingin kaupunki ei tilaa Puustiselta taidetta, vaan h\u00e4n luo sit\u00e4 oma-aloitteisesti.<\/p>\n<p class=\"aw-1gybjub aw-1p7kakr kEtdKx cEmitX yle__article__paragraph\">\u2013 Kaupunki ottaa minuun hyvinkin nopeasti yhteytt\u00e4, jos joku valittaa jostakin teoksestani. Annan selvityksen ja t\u00e4m\u00e4n j\u00e4lkeen tulee p\u00e4\u00e4t\u00f6s jossa todetaan, ettei teoksesta ole kenellek\u00e4\u00e4n mink\u00e4\u00e4nlaista harmia tai haittaa. Pid\u00e4n itse huolta siit\u00e4, ettei taiteeni vahingoita ymp\u00e4rist\u00f6\u00e4 tai ihmisi\u00e4.<\/p>\n<p><img decoding=\"async\" alt=\"Veli Halsti ja Heikki Halsti kuvattuna py\u00f6rineen Pasilassa. \" src=\"https:\/\/www.europesays.com\/fi\/wp-content\/uploads\/2025\/11\/39-15595026926b7daa0c30.jpeg\" loading=\"lazy\" class=\"aw-1l9m598 hKVVvP\"\/><\/p>\n<p>Avaa kuvien katselu<\/p>\n<p>\u201dT\u00e4m\u00e4 on minulle vakiopaikka. J\u00e4\u00e4n aika usein katselemaan ja ihastelemaan Py\u00f6r\u00e4ilij\u00e4-teosta\u201d, Veli Halsti (oik) sanoo. \u201dAivan super\u201d, Heikki Halsti jatkaa.  Kuva: Jussi Mankkinen \/ Yle<\/p>\n<p class=\"aw-1gybjub aw-1p7kakr kEtdKx cEmitX yle__article__paragraph\">Mittasuhteilla ja absurdeilla tilanteilla leikittelevist\u00e4 Py\u00f6r\u00e4ilij\u00e4- ja Neula -teoksista tulee vahvasti mieleen surrealismi, mink\u00e4 Puustinen itsekin allekirjoittaa.<\/p>\n<p class=\"aw-1gybjub aw-1p7kakr kEtdKx cEmitX yle__article__paragraph\">\u2013 Joistakin teoksistani tosin on sanottu, ett\u00e4 ne eiv\u00e4t ole taidetta. Minulla on t\u00e4h\u00e4n yksinkertainen vastaus: kyse ei ole my\u00f6sk\u00e4\u00e4n k\u00e4ytt\u00f6esineist\u00e4.<\/p>\n<p>V\u00e4rkk\u00e4\u00e4minen vaatii teknist\u00e4 osaamista<\/p>\n<p class=\"aw-1gybjub aw-1p7kakr kEtdKx cEmitX yle__article__paragraph\">Markku Puustinen on toiminut rakennusalan yritt\u00e4j\u00e4n\u00e4. Ymp\u00e4rist\u00f6taiteilijan uralle t\u00e4st\u00e4 on ollut paljon hy\u00f6ty\u00e4: Puustisen teokset ovat vaatineet teknist\u00e4 osaamista.<\/p>\n<p class=\"aw-1gybjub aw-1p7kakr kEtdKx cEmitX yle__article__paragraph\">\u2013 On t\u00e4rke\u00e4\u00e4 tiet\u00e4\u00e4 elektroniikasta ja k\u00e4dentaitojenkin pit\u00e4\u00e4 olla kuosissa. Jos oivaltaa jotakin, sen voi toteuttaa teknisen tietotaidon avulla. Jos teknist\u00e4 tietotaitoa ei ole, ei synny my\u00f6sk\u00e4\u00e4n oivallusta.<\/p>\n<p><img decoding=\"async\" alt=\"Ymp\u00e4rist\u00f6taiteilija Markku &quot;Sika&quot; Puustinen. \" src=\"https:\/\/www.europesays.com\/fi\/wp-content\/uploads\/2025\/11\/39-15595016926b7da39398.jpeg\" loading=\"lazy\" class=\"aw-1l9m598 hKVVvP\"\/><\/p>\n<p>Avaa kuvien katselu<\/p>\n<p>Poseeraus, johon taiteilija on ottanut mallia Suosikki-lehdest\u00e4.  Kuva: Jussi Mankkinen \/ YleMarkku Puustinen kertoo kallioon sujahtaneesta py\u00f6r\u00e4st\u00e4. <\/p>\n<p class=\"aw-1gybjub aw-1p7kakr kEtdKx cEmitX yle__article__paragraph\">Mutta miksi Puustinen sitten haluaa v\u00e4ritt\u00e4\u00e4 kaupunkikuvaa omaehtoisella ja erikoisella ymp\u00e4rist\u00f6taiteellaan?<\/p>\n<p class=\"aw-1gybjub aw-1p7kakr kEtdKx cEmitX yle__article__paragraph\">\u2013 T\u00e4h\u00e4n kysymykseen vastaamiseen tarvittaisiin psykologia, psykiatria, antropologia ja niin edelleen. Olen v\u00e4rk\u00e4nnyt ja toteuttanut kaikkea mahdollista pienest\u00e4 pit\u00e4en. Muun ty\u00f6ni ohella olen tehnyt kaikkea t\u00e4llaista jo viitisenkymment\u00e4 vuotta.<\/p>\n<p class=\"aw-1gybjub aw-1p7kakr kEtdKx cEmitX yle__article__paragraph\">Koska Puustisen teokset ovat julkisilla paikoilla, niihin saatetaan kajota. Joku oli esimerkiksi k\u00e4ynyt \u00e4skett\u00e4in v\u00e4\u00e4nt\u00e4m\u00e4ss\u00e4 Py\u00f6r\u00e4ilij\u00e4n satulan vastakkaiseen suuntaan. Puustinen suhtautuu t\u00e4llaiseen toimintaan lempe\u00e4ll\u00e4 asenteella.<\/p>\n<p class=\"aw-1gybjub aw-1p7kakr kEtdKx cEmitX yle__article__paragraph\">\u2013 Se on ollut jonkun toisen n\u00e4kemys taideteoksestani, ja kyll\u00e4 min\u00e4 t\u00e4llaisen hyv\u00e4ksyn. Eip\u00e4 n\u00e4it\u00e4 t\u00f6it\u00e4ni muuten ole juurikaan tuhottu.<\/p>\n<p><img decoding=\"async\" alt=\"Markku Puustinen fiksaamassa Py\u00f6r\u00e4ilij\u00e4-teostaan. \" src=\"https:\/\/www.europesays.com\/fi\/wp-content\/uploads\/2025\/11\/39-15595066926b7dc05087.jpeg\" loading=\"lazy\" class=\"aw-1l9m598 hKVVvP\"\/><\/p>\n<p>Avaa kuvien katselu<\/p>\n<p>Markku Puustinen korjaamassa Py\u00f6r\u00e4ilij\u00e4-teoksen satulaa, jonka joku oli k\u00e4ynyt v\u00e4\u00e4nt\u00e4m\u00e4ss\u00e4 vastakkaiseen suuntaan.  Kuva: Jussi Mankkinen \/ Yle<\/p>\n<p class=\"aw-1gybjub aw-1p7kakr kEtdKx cEmitX yle__article__paragraph\">Puustisen teosten ohella Helsingist\u00e4 l\u00f6ytyy toki my\u00f6s kaupungin tilaamaa ymp\u00e4rist\u00f6taidetta.<\/p>\n<p class=\"aw-1gybjub aw-1p7kakr kEtdKx cEmitX yle__article__paragraph\">Erillist\u00e4 ymp\u00e4rist\u00f6taiteen strategiaa Helsingill\u00e4 ei kuitenkaan ole, koska yhten\u00e4 kuvataiteen lajina ymp\u00e4rist\u00f6taide on osa Helsingin kaupungin taidekokoelman kokoelmapolitiikkaa. Sit\u00e4 hallinnoi Helsingin taidemuseo HAM, jonka taidekokoelmassa julkinen taide on hyvin merkitt\u00e4v\u00e4ss\u00e4 osassa. Julkisen taiteen ja ymp\u00e4rist\u00f6taiteen rajanveto on my\u00f6s usein h\u00e4ilyv\u00e4\u00e4.<\/p>\n<p class=\"aw-1gybjub aw-1p7kakr kEtdKx cEmitX yle__article__paragraph\">Ymp\u00e4rist\u00f6taidetta on Helsingiss\u00e4 esitelty runsain mitoin Helsinki Biennaaliin yhteydess\u00e4. Sit\u00e4 organisoi ja kuratoi HAM sek\u00e4 HAMin valitsemat vaihtuvat kuraattorit. Biennaali on kytkeytynyt tiiviisti Vallisaaren luontoon ja ihmisen luontosuhteeseen. Lue lis\u00e4\u00e4 liitteen\u00e4 olevista jutuista.<\/p>\n","protected":false},"excerpt":{"rendered":"Kauppakeskus Triplan l\u00e4hist\u00f6ll\u00e4 sijaitsevalla kevyen liikenteen v\u00e4yl\u00e4ll\u00e4, junaradan kupeessa on n\u00e4ky, joka on saanut monet hieraisemaan silmi\u00e4\u00e4n. Kallioleikkauksessa,&hellip;\n","protected":false},"author":2,"featured_media":104032,"comment_status":"","ping_status":"","sticky":false,"template":"","format":"standard","meta":{"footnotes":""},"categories":[135],"tags":[389,387,388,390,137,33,31,30,104,19715,108,1013,1161,19716,2046,9967,32,394,397,393,391,392,109,19713,19714],"class_list":{"0":"post-104031","1":"post","2":"type-post","3":"status-publish","4":"format-standard","5":"has-post-thumbnail","7":"category-taiteet-ja-suunnittelu","8":"tag-arts","9":"tag-arts-and-design","10":"tag-artsanddesign","11":"tag-design","12":"tag-entertainment","13":"tag-fi","14":"tag-finland","15":"tag-finnish","16":"tag-helsinki","17":"tag-kallioleikkaukset","18":"tag-kulttuuri","19":"tag-kuvataide","20":"tag-liikenne","21":"tag-markku-puustinen","22":"tag-nykytaide","23":"tag-polkupyorat","24":"tag-suomi","25":"tag-suunnittelu","26":"tag-taide","27":"tag-taiteet","28":"tag-taiteet-ja-suunnittelu","29":"tag-taiteetsuunnittelu","30":"tag-viihde","31":"tag-ymparistotaide","32":"tag-ymparistotaiteilijat"},"share_on_mastodon":{"url":"https:\/\/pubeurope.com\/@fi\/115639344685722934","error":""},"_links":{"self":[{"href":"https:\/\/www.europesays.com\/fi\/wp-json\/wp\/v2\/posts\/104031","targetHints":{"allow":["GET"]}}],"collection":[{"href":"https:\/\/www.europesays.com\/fi\/wp-json\/wp\/v2\/posts"}],"about":[{"href":"https:\/\/www.europesays.com\/fi\/wp-json\/wp\/v2\/types\/post"}],"author":[{"embeddable":true,"href":"https:\/\/www.europesays.com\/fi\/wp-json\/wp\/v2\/users\/2"}],"replies":[{"embeddable":true,"href":"https:\/\/www.europesays.com\/fi\/wp-json\/wp\/v2\/comments?post=104031"}],"version-history":[{"count":0,"href":"https:\/\/www.europesays.com\/fi\/wp-json\/wp\/v2\/posts\/104031\/revisions"}],"wp:featuredmedia":[{"embeddable":true,"href":"https:\/\/www.europesays.com\/fi\/wp-json\/wp\/v2\/media\/104032"}],"wp:attachment":[{"href":"https:\/\/www.europesays.com\/fi\/wp-json\/wp\/v2\/media?parent=104031"}],"wp:term":[{"taxonomy":"category","embeddable":true,"href":"https:\/\/www.europesays.com\/fi\/wp-json\/wp\/v2\/categories?post=104031"},{"taxonomy":"post_tag","embeddable":true,"href":"https:\/\/www.europesays.com\/fi\/wp-json\/wp\/v2\/tags?post=104031"}],"curies":[{"name":"wp","href":"https:\/\/api.w.org\/{rel}","templated":true}]}}