{"id":104047,"date":"2025-11-30T15:49:11","date_gmt":"2025-11-30T15:49:11","guid":{"rendered":"https:\/\/www.europesays.com\/fi\/104047\/"},"modified":"2025-11-30T15:49:11","modified_gmt":"2025-11-30T15:49:11","slug":"robert-helenius-meni-sanattomaksi-olen-hyvin-otettu","status":"publish","type":"post","link":"https:\/\/www.europesays.com\/fi\/104047\/","title":{"rendered":"Robert Helenius meni sanattomaksi: &#8221;Olen hyvin otettu&#8221;"},"content":{"rendered":"<p>\n            Olet mit\u00e4 sy\u00f6t, 7. kausi, 2025, Robert Helenius.<br \/>\n            MTV\n        <\/p>\n<p class=\"subtitle \">Kaksimetrinen Robert Helenius on mies isolla M-kirjaimella. Perjantai-iltana &#8221;Robbe&#8221; her\u00e4tti ihastusta toiminnallaan Kiuruvedell\u00e4, sill\u00e4 h\u00e4nell\u00e4 oli aikaa jokaiselle omaan fanikuvaan.<\/p>\n<p class=\"article-content article-content-width !bg-background\">Kiuruvedell\u00e4 j\u00e4rjestettiin perjantaina jo klassikoksi muodostuneet Turpaanvetotalakoot.<\/p>\n<p class=\"article-content article-content-width !bg-background\">Paikalla n\u00e4htiin ottelijoita aina lupaavista nuorista n\u00e4yt\u00f6sottelijoihin.<\/p>\n<p class=\"article-content article-content-width !bg-background\">V\u00e4ke\u00e4 riitti, kun oman kyl\u00e4n pojat, muusikko  eli  ja \u201dJyv\u00e4ukko\u201d eli , ottelivat omissa n\u00e4yt\u00f6sotteluissaan.<\/p>\n<p class=\"article-content article-content-width !bg-background\">Bablon nyrkit olivat liikaa muusikko , ja Matti taas antoi lempe\u00e4n k\u00e4sittelyn .<\/p>\n<p>        <a itemprop=\"url\" href=\"https:\/\/www.seiska.fi\/kotimaa\/robert-helenius-avautuu-suhteestaan-viivi-pumpaseen-harvinainen-paljastus\/1967757\" rel=\"nofollow noopener\" target=\"_blank\"><\/p>\n<p>\nHarvinainen paljastus!\n<\/p>\n<p class=\"section-date\">\n        <strong class=\"article-section\" data-section=\"kotimaa\"><br \/>\n            kotimaa<br \/>\n        <\/strong><br \/>\n        22.10. 06:30\n    <\/p>\n<p>Robert Helenius avautuu suhteestaan Viivi Pumpaseen \u2013 harvinainen paljastus\n    <\/p>\n<p itemprop=\"description\" class=\"subtitle \">\n    Rakkausel\u00e4m\u00e4st\u00e4\u00e4n vaitonainen ex-nyrkkeilij\u00e4 paljastaa harvinaista lis\u00e4tietoa.\n<\/p>\n<p>        <\/a><\/p>\n<p class=\"article-content article-content-width !bg-background\">Karl eli &#8221;Kalle &#8221;on 74-vuotias nyrkkeilyvaikuttaja, jonka poika on muuan .<\/p>\n<p>                <img decoding=\"async\" src=\"https:\/\/www.europesays.com\/fi\/wp-content\/uploads\/2025\/11\/2007520.webp\" width=\"576\" height=\"639\" alt=\"Robert Helenius toimi Karl-is\u00e4ns\u00e4 kulmamiehen\u00e4 Kiuruvedell\u00e4.\" loading=\"lazy\" \/>            <\/p>\n<p>\n            Robert Helenius toimi Karl-is\u00e4ns\u00e4 kulmamiehen\u00e4 Kiuruvedell\u00e4.<br \/>\n            Miikka Kaskinen\n        <\/p>\n<p>Taistelija <\/p>\n<p class=\"article-content article-content-width !bg-background\">\u201dRobbe\u201d eli \u201dNordic Shadow\u201d oli is\u00e4ns\u00e4 \u201dNordic Shadow\u2019n\u201d yhten\u00e4 kulmamiehen\u00e4 ottelussa, jossa Jyv\u00e4ukon 62-vuotias nuoruus vei voiton.<\/p>\n<p class=\"article-content article-content-width !bg-background\">Turpaanvetotalakoiden viimeinen ottelu oli ammattilaisottelu, jossa \u201dHuotarin h\u00e4rk\u00e4\u201d  voitti selv\u00e4sti slovakialaisen .<\/p>\n<p>        <a itemprop=\"url\" href=\"https:\/\/www.seiska.fi\/vain-seiskassa\/robert-helenius-heratti-huomiota-ravintolassa-missa-poytatavat\/1999539\" rel=\"nofollow noopener\" target=\"_blank\"><\/p>\n<p>\nRobert Helenius\n<\/p>\n<p class=\"section-date\">\n        <strong class=\"article-section\" data-section=\"vain seiskassa\"><br \/>\n            vain seiskassa<br \/>\n        <\/strong><br \/>\n        28.11. 07:00\n    <\/p>\n<p>Robert Helenius her\u00e4tti huomiota ravintolassa \u2013 miss\u00e4 p\u00f6yt\u00e4tavat?\n    <\/p>\n<p itemprop=\"description\" class=\"subtitle \">\n    Nyrkkeilylegenda Robert Helenius vaihtoi hanskat haarukkaan. P\u00f6yt\u00e4tavat tyrm\u00e4ttiin ensim\u00e4isess\u00e4 er\u00e4ss\u00e4.\n<\/p>\n<p>        <\/a><\/p>\n<p class=\"article-content article-content-width !bg-background\">Illan kruunasi palkintoseremonia, jossa kunniaa jaettiin uransa virallisesti t\u00e4n\u00e4 syksyn\u00e4 lopettaneelle Robbelle.<\/p>\n<p class=\"article-content article-content-width !bg-background\">90 vuoden ik\u00e4\u00e4n ehtinyt Suomen ammattinyrkkeilyliitto palkitsi Robben \u201dTaistelija-palkinnolla\u201d.<\/p>\n<p>                <img decoding=\"async\" src=\"https:\/\/www.europesays.com\/fi\/wp-content\/uploads\/2025\/11\/2007522.webp\" width=\"576\" height=\"639\" alt=\"Robert vaikutti jopa h\u00e4mmentyneelt\u00e4 saamastaan kunniasta.\" loading=\"lazy\" \/>            <\/p>\n<p>\n            Robert vaikutti jopa h\u00e4mmentyneelt\u00e4 saamastaan kunniasta.<br \/>\n            Miikka Kaskinen\n        <\/p>\n<p>Otettu mies<\/p>\n<p class=\"article-content article-content-width !bg-background\">Seremonian j\u00e4lkeen Robbe oli yht\u00e4 hymy\u00e4 saamastaan kunniasta.<\/p>\n<p class=\"article-content article-content-width !bg-background\">\u2013 Olen hyvin otettu, sanaton, Robbe saa sanotuksi Seiskalle, ilmeisen yll\u00e4ttyneen\u00e4 saamastaan kunniasta.<\/p>\n<p class=\"article-content article-content-width !bg-background\">\u2013 On ollut 27 vuotta kivinen tie, Robbe toteaa aktiiviuransa pituudesta.<\/p>\n<p>        <a itemprop=\"url\" href=\"https:\/\/www.seiska.fi\/katso\/robert-helenius-avoimena-avioerostaan-elama-on-hakusessa\/1925377\" rel=\"nofollow noopener\" target=\"_blank\"><\/p>\n<p>\nRobert Helenius\n<\/p>\n<p class=\"section-date\">\n        <strong class=\"article-section\" data-section=\"katso\"><br \/>\n            katso<br \/>\n        <\/strong><br \/>\n        10.9. 05:15\n    <\/p>\n<p>Robert Helenius avoimena avioerostaan: &#8221;El\u00e4m\u00e4 on hakusessa&#8221;\n    <\/p>\n<p itemprop=\"description\" class=\"subtitle \">\n    Erikoisjoukot-kokelas kertoo tilanteestaan kouluttajille ohjelman toisessa jaksossa. Kouluttajien ep\u00e4ilykset ovat her\u00e4nneet ensimm\u00e4isen leirip\u00e4iv\u00e4n aikana.\n<\/p>\n<p>        <\/a><\/p>\n<p class=\"article-content article-content-width !bg-background\">Kysytt\u00e4ess\u00e4 200-senttinen j\u00e4\u00e4kaappi-pakastin-yhdistelm\u00e4 my\u00f6nt\u00e4\u00e4, ettei aloittaessaan olisi koskaan voinut uskoa, millaisen uran tulisi lajin parissa tekem\u00e4\u00e4n.<\/p>\n<p class=\"article-content article-content-width !bg-background\">\u2013 Kerkesin lopettamaan varmaan kymmeni\u00e4 kertoja ennen kuin alkoi tapahtua, Robbe viittaa uraansa ennen ammattilaisuuden alkua.<\/p>\n<p>                <img decoding=\"async\" src=\"https:\/\/www.europesays.com\/fi\/wp-content\/uploads\/2025\/11\/2007524.webp\" width=\"576\" height=\"639\" alt=\"Taistelija-palkinto oli melko rujo.\" loading=\"lazy\" \/>            <\/p>\n<p>\n            Taistelija-palkinto oli melko rujo.<br \/>\n            Miikka Kaskinen\n        <\/p>\n<p>Nikita ja Aapo<\/p>\n<p class=\"article-content article-content-width !bg-background\">Nyt mies haluaa antaa lajille takaisin ja toimii valmentajana.<\/p>\n<p class=\"article-content article-content-width !bg-background\">\u2013 Haluan antaa oppejani eteenp\u00e4in ja sit\u00e4 kautta yritt\u00e4\u00e4 saada Suomesta hyv\u00e4n nyrkkeilymaan.<\/p>\n<p>        <a itemprop=\"url\" href=\"https:\/\/www.seiska.fi\/katso\/ex-nyrkkeilija-robert-helenius-pelkasin-aina-kehassa\/1973154\" rel=\"nofollow noopener\" target=\"_blank\"><\/p>\n<p>\nEx-nyrkkeilij\u00e4 Robert Helenius\n<\/p>\n<p class=\"section-date\">\n        <strong class=\"article-section\" data-section=\"katso\"><br \/>\n            katso<br \/>\n        <\/strong><br \/>\n        25.10. 14:15\n    <\/p>\n<p>Ex-nyrkkeilij\u00e4 Robert Helenius: &#8221;Pelk\u00e4sin aina keh\u00e4ss\u00e4&#8221;\n    <\/p>\n<p itemprop=\"description\" class=\"subtitle \">\n    Lukih\u00e4iri\u00f6 tuottaa entiselle huippu-urheilijalle haasteita poliitikon ty\u00f6h\u00f6n.\n<\/p>\n<p>        <\/a><\/p>\n<p class=\"article-content article-content-width !bg-background\">Mutta kuka voisi tulevaisuudessa nousta siihen asemaan, jota 2000-luvulla ovat muun muassa Robbe ja  olleet pit\u00e4m\u00e4ss\u00e4?<\/p>\n<p class=\"article-content article-content-width !bg-background\">\u2013 Nikita tuolla Kotkassa on tosi hyv\u00e4.<\/p>\n<p>                <img decoding=\"async\" src=\"https:\/\/www.europesays.com\/fi\/wp-content\/uploads\/2025\/11\/2007526.webp\" width=\"576\" height=\"639\" alt=\"Robbe oli otettu saamastaan Taistelija-palkinnosta sek\u00e4 kunniakirjasta.\" loading=\"lazy\" \/>            <\/p>\n<p>\n            Robbe oli otettu saamastaan Taistelija-palkinnosta sek\u00e4 kunniakirjasta.<br \/>\n            Miikka Kaskinen\n        <\/p>\n<p class=\"article-content article-content-width !bg-background\">23-vuotias Nikita Nystedt tunnetaan  suojattina.<\/p>\n<p class=\"article-content article-content-width !bg-background\">Nikita on otellut nelj\u00e4 ottelua ammattilaisena ja voittanut jokaisen.<\/p>\n<p>        <a itemprop=\"url\" href=\"https:\/\/www.seiska.fi\/urheilu\/uusimaa-robert-heleniukselta-iso-paljastus\/1935509\" rel=\"nofollow noopener\" target=\"_blank\"><\/p>\n<p>\nUusimaa:\n<\/p>\n<p class=\"section-date\">\n        <strong class=\"article-section\" data-section=\"urheilu\"><br \/>\n            urheilu<br \/>\n        <\/strong><br \/>\n        18.9. 14:31\n    <\/p>\n<p>Uusimaa: Robert Heleniukselta iso paljastus!\n    <\/p>\n<p itemprop=\"description\" class=\"subtitle \">\n    Robert Helenius on ehtinyt olemaan monessa mukana, kuten muun muassa Erikoisjoukoissa sek\u00e4 Sipoon kunnallispolitiikassa.\n<\/p>\n<p>        <\/a><\/p>\n<p class=\"article-content article-content-width !bg-background\">Toinen Robben mainitsema nyrkkeilylupaus on Turpaanvetotalakoissakin voitokkaasti esiintynyt .<\/p>\n<p class=\"article-content article-content-width !bg-background\">\u2013 Niist\u00e4 voi tulla kovia.<\/p>\n<p class=\"article-content article-content-width !bg-background\">T\u00e4rkeimmiksi asioiksi Robbe mainitsee innon ja motivaation.<\/p>\n","protected":false},"excerpt":{"rendered":"Olet mit\u00e4 sy\u00f6t, 7. kausi, 2025, Robert Helenius. MTV Kaksimetrinen Robert Helenius on mies isolla M-kirjaimella. Perjantai-iltana &#8221;Robbe&#8221;&hellip;\n","protected":false},"author":2,"featured_media":104048,"comment_status":"","ping_status":"","sticky":false,"template":"","format":"standard","meta":{"footnotes":""},"categories":[136],"tags":[19718,407,137,33,31,30,408,4398,3270,5232,32,19719,160,1700,109],"class_list":{"0":"post-104047","1":"post","2":"type-post","3":"status-publish","4":"format-standard","5":"has-post-thumbnail","7":"category-julkkikset","8":"tag-aki-juntunen","9":"tag-celebrities","10":"tag-entertainment","11":"tag-fi","12":"tag-finland","13":"tag-finnish","14":"tag-julkkikset","15":"tag-kiuruvesi","16":"tag-nyrkkeily","17":"tag-robert-helenius","18":"tag-suomi","19":"tag-turpaanvetotalakoot","20":"tag-urheilu","21":"tag-urheilulaji","22":"tag-viihde"},"share_on_mastodon":{"url":"https:\/\/pubeurope.com\/@fi\/115639442940368347","error":""},"_links":{"self":[{"href":"https:\/\/www.europesays.com\/fi\/wp-json\/wp\/v2\/posts\/104047","targetHints":{"allow":["GET"]}}],"collection":[{"href":"https:\/\/www.europesays.com\/fi\/wp-json\/wp\/v2\/posts"}],"about":[{"href":"https:\/\/www.europesays.com\/fi\/wp-json\/wp\/v2\/types\/post"}],"author":[{"embeddable":true,"href":"https:\/\/www.europesays.com\/fi\/wp-json\/wp\/v2\/users\/2"}],"replies":[{"embeddable":true,"href":"https:\/\/www.europesays.com\/fi\/wp-json\/wp\/v2\/comments?post=104047"}],"version-history":[{"count":0,"href":"https:\/\/www.europesays.com\/fi\/wp-json\/wp\/v2\/posts\/104047\/revisions"}],"wp:featuredmedia":[{"embeddable":true,"href":"https:\/\/www.europesays.com\/fi\/wp-json\/wp\/v2\/media\/104048"}],"wp:attachment":[{"href":"https:\/\/www.europesays.com\/fi\/wp-json\/wp\/v2\/media?parent=104047"}],"wp:term":[{"taxonomy":"category","embeddable":true,"href":"https:\/\/www.europesays.com\/fi\/wp-json\/wp\/v2\/categories?post=104047"},{"taxonomy":"post_tag","embeddable":true,"href":"https:\/\/www.europesays.com\/fi\/wp-json\/wp\/v2\/tags?post=104047"}],"curies":[{"name":"wp","href":"https:\/\/api.w.org\/{rel}","templated":true}]}}