{"id":104053,"date":"2025-11-30T15:57:08","date_gmt":"2025-11-30T15:57:08","guid":{"rendered":"https:\/\/www.europesays.com\/fi\/104053\/"},"modified":"2025-11-30T15:57:08","modified_gmt":"2025-11-30T15:57:08","slug":"nina-tapion-vointi-romahti-amazing-racessa","status":"publish","type":"post","link":"https:\/\/www.europesays.com\/fi\/104053\/","title":{"rendered":"Nina Tapion vointi romahti Amazing Racessa"},"content":{"rendered":"<p>Nina Tapio kertoo sairastumisestaan Seiskan ja Ilta-Sanomien haastatteluissa.<\/p>\n<p><img decoding=\"async\" class=\"image image-show image-preview\" src=\"https:\/\/www.europesays.com\/fi\/wp-content\/uploads\/2025\/11\/f28bb903bd587b857d7c506340418ce4a89ca68575e298f61caee5a31f345706.jpg\" alt=\"\"\/><img decoding=\"async\" class=\"image image-show\" src=\"https:\/\/www.europesays.com\/fi\/wp-content\/uploads\/2025\/11\/1764518228_237_f28bb903bd587b857d7c506340418ce4a89ca68575e298f61caee5a31f345706.jpg\" alt=\"\"\/><\/p>\n<p>Nina Tapio kilpailee Amazing Race Suomessa Elsa-tytt\u00e4rens\u00e4 kanssa. Henri K\u00e4rkk\u00e4inen<\/p>\n<p class=\"paragraph\">Laulaja <a href=\"https:\/\/www.iltalehti.fi\/henkilot\/Nina Tapio\" class=\"article-link-person-page\" rel=\"nofollow noopener\" target=\"_blank\">Nina Tapio<\/a> kertoo <a href=\"https:\/\/www.seiska.fi\/katso\/nina-tapio-sairastui-amazing-racen-kuvauksissa\/1992080\" target=\"_blank\" rel=\"noopener nofollow\">Seiskan<\/a> haastattelussa saaneensa l\u00e4mp\u00f6halvauksen Amazing Race Suomi -ohjelman kuvausten aikana. Tapio kilpailee t\u00e4ll\u00e4 hetkell\u00e4 televisiossa py\u00f6riv\u00e4ll\u00e4 ohjelman kolmannella kaudella tytt\u00e4rens\u00e4 <strong>Elsan<\/strong> kanssa.<\/p>\n<p class=\"paragraph\">\u2013 Pysyimme muuten tervein\u00e4, mutta sain l\u00e4mp\u00f6halvauksen. En joutunut sairaalaan, sain itseni kuntoon hotellihuoneessa, Tapio kertoo Seiskalle.<\/p>\n<p class=\"paragraph\">Tapio kertoo l\u00e4mp\u00f6halvauksestaan my\u00f6s <a href=\"https:\/\/www.is.fi\/viihde\/art-2000011601344.html\" target=\"_blank\" rel=\"noopener nofollow\">Ilta-Sanomien<\/a> tuoreessa haastattelussa.<\/p>\n<p class=\"paragraph\">\u2013 Pikkasen hidasti tekemist\u00e4, siell\u00e4 oli l\u00e4\u00e4k\u00e4rit paikalla ja muuta, Tapio sanoo Ilta-Sanomien haastattelussa.<\/p>\n<p class=\"paragraph\">Tapio sanoo, ett\u00e4 my\u00f6s monet muut Amazing Race Suomi -ohjelman kilpailijat ovat k\u00e4rsineet terveysongelmista. Tapion mukaan kilpailijoita on ollut muun muassa tiputuksessa ja vatsataudissa.<\/p>\n<p class=\"paragraph\">\u2013 Minun kohdallani syyn\u00e4 oli selke\u00e4sti nesteytys, kuumuus ja rasitus, yhdess\u00e4 se vaan oli liikaa, Tapio sanoo Ilta-Sanomille.<\/p>\n<p>Nina Tapio sai l\u00e4mp\u00f6halvauksen Amazing Race Suomessa. Elle Laitila<\/p>\n<p class=\"paragraph\">T\u00e4h\u00e4n menness\u00e4 Amazing Race Suomen kolmatta kautta on esitetty televisiossa kolmen jakson verran. Ensimm\u00e4isiss\u00e4 jaksoissa tiimit ovat seikkailleen Kambod\u017eassa ja Thaimaassa. Tuotantokausi kuvattiin toukokuussa.<\/p>\n<p class=\"paragraph\">Kauden kolmannessa jaksossa n\u00e4htiin, ett\u00e4 tubettaja <strong>Jaakko Parkkali<\/strong> sairastui vakavasti ja joutui tiputukseen. Parkkali ja <strong>Arttu Lindeman<\/strong> <a href=\"https:\/\/www.iltalehti.fi\/tv-ja-leffat\/b93611b5-de9d-4efc-9126-491afc5e5f6c\" rel=\"nofollow noopener\" target=\"_blank\">joutuivat keskeytt\u00e4m\u00e4\u00e4n kilpailunsa sairastumisen vuoksi<\/a>.<\/p>\n<p class=\"paragraph\">Toisessa jaksossa somevaikuttaja <strong>Tomas Grekovin<\/strong> parina kilpaileva appiukko <strong>Esko Rotola-Pukkila<\/strong> kertoi k\u00e4rsiv\u00e4ns\u00e4 vatsaongelmista.<\/p>\n<p>Jaakko Parkkali ja Arttu Lindeman joutuivat keskeytt\u00e4m\u00e4\u00e4n Amazing Race -kisansa sairastumisen vuoksi. Henri K\u00e4rkk\u00e4inen<\/p>\n<p class=\"paragraph\">Nina Tapion kanssa ohjelmassa kisaava Elsa Forsberg, 25, on h\u00e4nen nuorempi tytt\u00e4rens\u00e4. <a href=\"https:\/\/www.iltalehti.fi\/tv-ja-leffat\/20f053a9-cbee-4eb8-b570-0e689e760d51\" rel=\"nofollow noopener\" target=\"_blank\">Tapio kertoi aiemmin Iltalehden haastattelussa<\/a>, ett\u00e4 kun h\u00e4n sai kutsun ohjelmaan, h\u00e4n tiesi saman tien, ett\u00e4 tahtoo parikseen jomman kumman tytt\u00e4rist\u00e4\u00e4n.<\/p>\n<p class=\"paragraph\">\u2013 Vanhempi tyt\u00e4r oli t\u00f6iss\u00e4 kiinni, joten ei tarvinnut edes arpoa, Tapio sanoi.<\/p>\n<p class=\"paragraph\">Elsa-tyt\u00e4r ty\u00f6skentelee siviiliss\u00e4 k\u00e4til\u00f6n\u00e4.<\/p>\n","protected":false},"excerpt":{"rendered":"Nina Tapio kertoo sairastumisestaan Seiskan ja Ilta-Sanomien haastatteluissa. Nina Tapio kilpailee Amazing Race Suomessa Elsa-tytt\u00e4rens\u00e4 kanssa. Henri K\u00e4rkk\u00e4inen&hellip;\n","protected":false},"author":2,"featured_media":104054,"comment_status":"","ping_status":"","sticky":false,"template":"","format":"standard","meta":{"footnotes":""},"categories":[130],"tags":[35,138,137,33,31,30,408,47,1999,32,139,109],"class_list":{"0":"post-104053","1":"post","2":"type-post","3":"status-publish","4":"format-standard","5":"has-post-thumbnail","7":"category-viihde","8":"tag-24h","9":"tag-audio","10":"tag-entertainment","11":"tag-fi","12":"tag-finland","13":"tag-finnish","14":"tag-julkkikset","15":"tag-musiikki","16":"tag-suomalaiset-tv-ohjelmat","17":"tag-suomi","18":"tag-tv-ohjelmat","19":"tag-viihde"},"share_on_mastodon":{"url":"https:\/\/pubeurope.com\/@fi\/115639474269709840","error":""},"_links":{"self":[{"href":"https:\/\/www.europesays.com\/fi\/wp-json\/wp\/v2\/posts\/104053","targetHints":{"allow":["GET"]}}],"collection":[{"href":"https:\/\/www.europesays.com\/fi\/wp-json\/wp\/v2\/posts"}],"about":[{"href":"https:\/\/www.europesays.com\/fi\/wp-json\/wp\/v2\/types\/post"}],"author":[{"embeddable":true,"href":"https:\/\/www.europesays.com\/fi\/wp-json\/wp\/v2\/users\/2"}],"replies":[{"embeddable":true,"href":"https:\/\/www.europesays.com\/fi\/wp-json\/wp\/v2\/comments?post=104053"}],"version-history":[{"count":0,"href":"https:\/\/www.europesays.com\/fi\/wp-json\/wp\/v2\/posts\/104053\/revisions"}],"wp:featuredmedia":[{"embeddable":true,"href":"https:\/\/www.europesays.com\/fi\/wp-json\/wp\/v2\/media\/104054"}],"wp:attachment":[{"href":"https:\/\/www.europesays.com\/fi\/wp-json\/wp\/v2\/media?parent=104053"}],"wp:term":[{"taxonomy":"category","embeddable":true,"href":"https:\/\/www.europesays.com\/fi\/wp-json\/wp\/v2\/categories?post=104053"},{"taxonomy":"post_tag","embeddable":true,"href":"https:\/\/www.europesays.com\/fi\/wp-json\/wp\/v2\/tags?post=104053"}],"curies":[{"name":"wp","href":"https:\/\/api.w.org\/{rel}","templated":true}]}}