{"id":104077,"date":"2025-11-30T16:29:08","date_gmt":"2025-11-30T16:29:08","guid":{"rendered":"https:\/\/www.europesays.com\/fi\/104077\/"},"modified":"2025-11-30T16:29:08","modified_gmt":"2025-11-30T16:29:08","slug":"liveseuranta-formula-1-qatarin-osakilpailu","status":"publish","type":"post","link":"https:\/\/www.europesays.com\/fi\/104077\/","title":{"rendered":"Liveseuranta: Formula 1 \u2013 Qatarin osakilpailu"},"content":{"rendered":"<p>McLarenin Lando Norrisilla on mahdollisuus varmistaa uransa ensimm\u00e4isen mestaruus.<\/p>\n<p class=\"article-body mb-nof-24 px-nof-16\">Formula 1 -mestaruus on katkolla, kun kauden toiseksi viimeinen kisa ajetaan t\u00e4n\u00e4\u00e4n Qatarissa.<\/p>\n<p class=\"article-body mb-nof-24 px-nof-16\">McLarenin <a class=\"article-personlink\" href=\"https:\/\/www.is.fi\/haku\/?query=Lando%20Norris\" rel=\"nofollow noopener\" target=\"_blank\">Lando Norris<\/a> voi varmistaa mestaruutensa jo nyt, mutta paalulle ajanut ja 22 MM-pistett\u00e4 per\u00e4ss\u00e4 oleva tallikaveri <a class=\"article-personlink\" href=\"https:\/\/www.is.fi\/haku\/?query=Oscar%20Piastri\" rel=\"nofollow noopener\" target=\"_blank\">Oscar Piastri<\/a> ei luovuta titteli\u00e4 suosiolla. My\u00f6s Red Bullin <a class=\"article-personlink\" href=\"https:\/\/www.is.fi\/haku\/?query=Max%20Verstappenilla\" rel=\"nofollow noopener\" target=\"_blank\">Max Verstappenilla<\/a> on sanansa sanottavana.<\/p>\n<p class=\"article-body mb-nof-24 px-nof-16\">IS seuraa Qatarin kisaa hetki hetkelt\u00e4. Seuranta aukeaa alle.<\/p>\n","protected":false},"excerpt":{"rendered":"McLarenin Lando Norrisilla on mahdollisuus varmistaa uransa ensimm\u00e4isen mestaruus. Formula 1 -mestaruus on katkolla, kun kauden toiseksi viimeinen&hellip;\n","protected":false},"author":2,"featured_media":104078,"comment_status":"","ping_status":"","sticky":false,"template":"","format":"standard","meta":{"footnotes":""},"categories":[5],"tags":[22,23,26,27,33,31,30,17,34,24,25,28,29,15,18,21,32,19,20,16],"class_list":{"0":"post-104077","1":"post","2":"type-post","3":"status-publish","4":"format-standard","5":"has-post-thumbnail","7":"category-otsikot","8":"tag-breaking-news","9":"tag-breakingnews","10":"tag-featured-news","11":"tag-featurednews","12":"tag-fi","13":"tag-finland","14":"tag-finnish","15":"tag-headlines","16":"tag-ilta-sanomat","17":"tag-latest-news","18":"tag-latestnews","19":"tag-main-news","20":"tag-mainnews","21":"tag-news","22":"tag-otsikot","23":"tag-paauutiset","24":"tag-suomi","25":"tag-top-stories","26":"tag-topstories","27":"tag-uutiset"},"share_on_mastodon":{"url":"https:\/\/pubeurope.com\/@fi\/115639599935864818","error":""},"_links":{"self":[{"href":"https:\/\/www.europesays.com\/fi\/wp-json\/wp\/v2\/posts\/104077","targetHints":{"allow":["GET"]}}],"collection":[{"href":"https:\/\/www.europesays.com\/fi\/wp-json\/wp\/v2\/posts"}],"about":[{"href":"https:\/\/www.europesays.com\/fi\/wp-json\/wp\/v2\/types\/post"}],"author":[{"embeddable":true,"href":"https:\/\/www.europesays.com\/fi\/wp-json\/wp\/v2\/users\/2"}],"replies":[{"embeddable":true,"href":"https:\/\/www.europesays.com\/fi\/wp-json\/wp\/v2\/comments?post=104077"}],"version-history":[{"count":0,"href":"https:\/\/www.europesays.com\/fi\/wp-json\/wp\/v2\/posts\/104077\/revisions"}],"wp:featuredmedia":[{"embeddable":true,"href":"https:\/\/www.europesays.com\/fi\/wp-json\/wp\/v2\/media\/104078"}],"wp:attachment":[{"href":"https:\/\/www.europesays.com\/fi\/wp-json\/wp\/v2\/media?parent=104077"}],"wp:term":[{"taxonomy":"category","embeddable":true,"href":"https:\/\/www.europesays.com\/fi\/wp-json\/wp\/v2\/categories?post=104077"},{"taxonomy":"post_tag","embeddable":true,"href":"https:\/\/www.europesays.com\/fi\/wp-json\/wp\/v2\/tags?post=104077"}],"curies":[{"name":"wp","href":"https:\/\/api.w.org\/{rel}","templated":true}]}}