{"id":104090,"date":"2025-11-30T16:53:09","date_gmt":"2025-11-30T16:53:09","guid":{"rendered":"https:\/\/www.europesays.com\/fi\/104090\/"},"modified":"2025-11-30T16:53:09","modified_gmt":"2025-11-30T16:53:09","slug":"ukrainan-valtuuskunta-ja-trumpin-neuvottelijat-tapasivat-floridassa","status":"publish","type":"post","link":"https:\/\/www.europesays.com\/fi\/104090\/","title":{"rendered":"Ukrainan valtuuskunta ja Trumpin neuvottelijat tapasivat Floridassa"},"content":{"rendered":"<p>    <img decoding=\"async\" class=\"responsive-image article__image-image lozad\"   src=\"https:\/\/www.europesays.com\/fi\/wp-content\/uploads\/2025\/11\/PtFoke6QQkRJu3sNcoclr7M25DDSebeiQS-96aMQsPlAnsw-RLL4uQl5GwJRvxVWleFbBcoKuIK_-ix58rmzY2FUhW2xxGv2jpce.jpeg\" alt=\"Yhdysvaltain ja Ukrainan valtuuskunnat neuvottelevat Floridassa.\"\/><\/p>\n<p>\n                Yhdysvaltain ja Ukrainan valtuuskunnat neuvottelevat Floridassa.\n              <\/p>\n<p>\n                Kuva: Chandan Khanna \/ AFP \/ Lehtikuva\n              <\/p>\n<p class=\"article__paragraph\">\n      Ukrainan valtuuskunta sek\u00e4 Yhdysvaltain ulkoministeri Marco Rubion ja erityisl\u00e4hettil\u00e4s Steve Witkoff k\u00e4ynnistiv\u00e4t sunnuntaina neuvottelut Ukrainan rauhanehdoista Floridassa.\n    <\/p>\n<p class=\"article__paragraph\">\n      Rubion mukaan neuvotteluissa ei pyritty ainoastaan lopettamaan sotaa Ukrainassa vaan my\u00f6s luomaan sellainen rauha, joka takaa Ukrainan suvereniteetin ja itsen\u00e4isyyden.\n    <\/p>\n<p class=\"article__paragraph\">\n      \u2013\u2009T\u00e4ss\u00e4 ei ole kyse vain rauhansopimuksesta. Kyse on my\u00f6s sellaisen polun avaamisesta, jonka my\u00f6t\u00e4 Ukraina j\u00e4\u00e4 suvereeniksi, itsen\u00e4iseksi ja hyvinvoivaksi, Rubio sanoi ennen tapaamisen alkamista.\n    <\/p>\n<p class=\"article__paragraph\">\n      Ukrainan turvallisuus- ja puolustusneuvostoa johtava Rustem Umjerov puolestaan sanoi, ett\u00e4 tapaamisessa keskustellaan Ukrainan tulevaisuudesta, turvallisuudesta, hyvinvoinnista ja j\u00e4lleenrakentamisesta sek\u00e4 siit\u00e4, miten estet\u00e4\u00e4n mahdolliset tulevat hy\u00f6kk\u00e4ykset Ukrainaa vastaan.\n    <\/p>\n<p class=\"article__paragraph\">\n      Ukrainan presidentti Volodymyr Zelenskyi kertoi lauantaina <a href=\"https:\/\/x.com\/ZelenskyyUa\/status\/1994722242039615826\" rel=\"nofollow\">viestipalvelu X:ss\u00e4<\/a>, ett\u00e4 neuvottelujen tavoitteena on sopia askelmerkeist\u00e4 sodan p\u00e4\u00e4tt\u00e4miseksi.\n    <\/p>\n<p class=\"article__paragraph\">\n      \u2013\u2009Oletamme, ett\u00e4 Geneven tapaamisessa sovitut asiat ratkaistaan nyt, Zelenskyi sanoi.\n    <\/p>\n<p class=\"article__paragraph\">\n      T\u00e4ll\u00e4 v\u00e4lin Ven\u00e4j\u00e4 jatkoi iskujaan Ukrainassa. Kiovan alueen kuvern\u00f6\u00f6ri kertoi sunnuntaina, ett\u00e4 ainakin yksi ihminen oli kuollut ja 11 muuta haavoittunut sen j\u00e4lkeen, kun Ven\u00e4j\u00e4 teki lennokki-iskun p\u00e4\u00e4kaupunki Kiovan l\u00e4hist\u00f6lle. Uhrien joukossa oli kuvern\u00f6\u00f6rin mukaan yksi lapsi.\n    <\/p>\n<p>      Tunnustaako USA &#8221;alueliitokset&#8221;?<\/p>\n<p class=\"article__paragraph\">\n      Yhdysvaltain presidentin Donald Trumpin erityisl\u00e4hettil\u00e4s Witkoff matkustaa lis\u00e4ksi ensi viikolla Moskovaan.\n    <\/p>\n<p class=\"article__paragraph\">\n      Lehtitietojen mukaan Yhdysvallat olisi rauhansopimuksen aikaansaamiseksi aikeissa tunnustaa, ett\u00e4 Ven\u00e4j\u00e4 hallitsee Krimin niemimaata ja muita miehitt\u00e4mi\u00e4\u00e4n alueita Ukrainassa.\n    <\/p>\n<p class=\"article__paragraph\">\n      Ven\u00e4j\u00e4n presidentti Vladimir Putin sanoi torstaina, ett\u00e4 Ven\u00e4j\u00e4 lopettaa taistelut, jos Ukraina vet\u00e4ytyy alueilta, jotka Ven\u00e4j\u00e4 on ilmoittanut liitt\u00e4neens\u00e4 itseens\u00e4. Muussa tapauksessa Ven\u00e4j\u00e4 valtaa Putinin mukaan alueet sotatoimin.\n    <\/p>\n<p class=\"article__paragraph\">\n      H\u00e4n antoi ymm\u00e4rt\u00e4\u00e4 Ven\u00e4j\u00e4n pit\u00e4v\u00e4n kiinni vaatimuksestaan, ett\u00e4 alueluovutukset ja ukrainalaisjoukkojen vet\u00e4ytymiset ovat ennakkoehto aselevolle.\n    <\/p>\n<p class=\"article__paragraph\">\n      Hy\u00f6kk\u00e4yssodassaan Ven\u00e4j\u00e4 on kansainv\u00e4lisen oikeuden vastaisesti v\u00e4itt\u00e4nyt liitt\u00e4neens\u00e4 itseens\u00e4 Ukrainan alueita. Ven\u00e4j\u00e4 hallitsee n\u00e4it\u00e4 alueita sotilaallisesti vain osittain. Krimin Ven\u00e4j\u00e4 puolestaan miehitti vuonna 2014.\n    <\/p>\n<p>      S\u00e4hk\u00f6j\u00e4 poikki Ukrainassa<\/p>\n<p class=\"article__paragraph\">\n      Ven\u00e4j\u00e4 iski Kiovan alueelle my\u00f6s lauantain vastaisena y\u00f6n\u00e4. Ukrainan energiaministeri\u00f6n mukaan iskut katkaisivat s\u00e4hk\u00f6t yli 600\u2009000 ihmiselt\u00e4.\n    <\/p>\n<p class=\"article__paragraph\">\n      Aiemmin viikolla Ven\u00e4j\u00e4 iski niin ik\u00e4\u00e4n Kiovaan lennokein ja ohjuksin. Viranomaiset kertoivat tuolloin, ett\u00e4 seitsem\u00e4n ihmist\u00e4 sai surmansa iskuissa.\n    <\/p>\n<p class=\"article__paragraph\">\n      Helmikuun lopulla tulee kuluneeksi nelj\u00e4 vuotta siit\u00e4, kun Ven\u00e4j\u00e4 aloitti laajamittaisen hy\u00f6kk\u00e4yssotansa Ukrainassa.\n    <\/p>\n","protected":false},"excerpt":{"rendered":"Yhdysvaltain ja Ukrainan valtuuskunnat neuvottelevat Floridassa. Kuva: Chandan Khanna \/ AFP \/ Lehtikuva Ukrainan valtuuskunta sek\u00e4 Yhdysvaltain ulkoministeri&hellip;\n","protected":false},"author":2,"featured_media":104091,"comment_status":"","ping_status":"","sticky":false,"template":"","format":"standard","meta":{"footnotes":""},"categories":[14],"tags":[22,23,26,27,33,31,30,17,24,25,28,29,15,18,21,32,19,20,56,16,59,60,61],"class_list":{"0":"post-104090","1":"post","2":"type-post","3":"status-publish","4":"format-standard","5":"has-post-thumbnail","7":"category-ulkomaat","8":"tag-breaking-news","9":"tag-breakingnews","10":"tag-featured-news","11":"tag-featurednews","12":"tag-fi","13":"tag-finland","14":"tag-finnish","15":"tag-headlines","16":"tag-latest-news","17":"tag-latestnews","18":"tag-main-news","19":"tag-mainnews","20":"tag-news","21":"tag-otsikot","22":"tag-paauutiset","23":"tag-suomi","24":"tag-top-stories","25":"tag-topstories","26":"tag-ulkomaat","27":"tag-uutiset","28":"tag-world","29":"tag-world-news","30":"tag-worldnews"},"share_on_mastodon":{"url":"https:\/\/pubeurope.com\/@fi\/115639694597281082","error":""},"_links":{"self":[{"href":"https:\/\/www.europesays.com\/fi\/wp-json\/wp\/v2\/posts\/104090","targetHints":{"allow":["GET"]}}],"collection":[{"href":"https:\/\/www.europesays.com\/fi\/wp-json\/wp\/v2\/posts"}],"about":[{"href":"https:\/\/www.europesays.com\/fi\/wp-json\/wp\/v2\/types\/post"}],"author":[{"embeddable":true,"href":"https:\/\/www.europesays.com\/fi\/wp-json\/wp\/v2\/users\/2"}],"replies":[{"embeddable":true,"href":"https:\/\/www.europesays.com\/fi\/wp-json\/wp\/v2\/comments?post=104090"}],"version-history":[{"count":0,"href":"https:\/\/www.europesays.com\/fi\/wp-json\/wp\/v2\/posts\/104090\/revisions"}],"wp:featuredmedia":[{"embeddable":true,"href":"https:\/\/www.europesays.com\/fi\/wp-json\/wp\/v2\/media\/104091"}],"wp:attachment":[{"href":"https:\/\/www.europesays.com\/fi\/wp-json\/wp\/v2\/media?parent=104090"}],"wp:term":[{"taxonomy":"category","embeddable":true,"href":"https:\/\/www.europesays.com\/fi\/wp-json\/wp\/v2\/categories?post=104090"},{"taxonomy":"post_tag","embeddable":true,"href":"https:\/\/www.europesays.com\/fi\/wp-json\/wp\/v2\/tags?post=104090"}],"curies":[{"name":"wp","href":"https:\/\/api.w.org\/{rel}","templated":true}]}}