{"id":104104,"date":"2025-11-30T17:15:09","date_gmt":"2025-11-30T17:15:09","guid":{"rendered":"https:\/\/www.europesays.com\/fi\/104104\/"},"modified":"2025-11-30T17:15:09","modified_gmt":"2025-11-30T17:15:09","slug":"me-naisten-visa-testi-paljastaa-onko-sinulla-hyva-kasvomuisti-saatko-kaikki-30-oikein","status":"publish","type":"post","link":"https:\/\/www.europesays.com\/fi\/104104\/","title":{"rendered":"Me Naisten visa: Testi paljastaa, onko sinulla hyv\u00e4 kasvomuisti \u2013 saatko kaikki 30 oikein?"},"content":{"rendered":"<p class=\"article-body mb-nof-24 px-nof-16\">Me Naiset julkaisee uudelleen kiinnostavimpia juttujaan. T\u00e4m\u00e4 on yksi niist\u00e4.<\/p>\n<p class=\"article-body mb-nof-24 px-nof-16\">Loppuvuoden juhlasesonki on taas t\u00e4\u00e4ll\u00e4. Jo pelkk\u00e4 ajatus ihmispaljoudesta saa hikikarpalot kohoamaan monen otsalle: pian pit\u00e4isi taas muistaa, kuka tuo kaukainen ty\u00f6tuttava tai talven ylioppilaan yst\u00e4v\u00e4 olikaan. Ent\u00e4 kuka on tuo tyyppi, jonka kanssa kaveri juttelee \u2013 kasvot ovat et\u00e4isesti tutut, pit\u00e4isik\u00f6 muistaa nimi?<\/p>\n<p class=\"article-body mb-nof-24 px-nof-16\">Joillakin on erinomainen kasvomuisti, mutta toisilta naamat unohtuvat kirjaimellisesti heti k\u00e4ttelyss\u00e4. Osa k\u00e4rsii jopa kasvosokeudesta.<\/p>\n<p class=\"article-body mb-nof-24 px-nof-16\">Laadimme testin, jossa teht\u00e4v\u00e4si on yritt\u00e4\u00e4 muistaa erilaiset kasvot mahdollisimman hyvin. Testi toimii my\u00f6s oivallisena muistipelin\u00e4.<\/p>\n<p class=\"article-body mb-nof-24 px-nof-16\">Vastaa kysymyksiin ja kerro, oletko n\u00e4hnyt kuvassa olevat kasvot jo aiemmin visan aikana. Saat tiet\u00e4\u00e4 tuloksesi testin p\u00e4\u00e4tytty\u00e4.<\/p>\n<p class=\"article-body mb-nof-24 px-nof-16\">Onnea matkaan!<\/p>\n<p class=\"article-body mb-nof-24 px-nof-16\">Jos testi ei n\u00e4y yll\u00e4, p\u00e4\u00e4set tekem\u00e4\u00e4n sen <a class=\"article-genericlink\" href=\"https:\/\/www.riddle.com\/view\/514061\" rel=\"nofollow noopener\" target=\"_blank\">t\u00e4st\u00e4<\/a>.<\/p>\n<p class=\"article-body nof-ui-body-medium mb-nof-24 px-nof-16\">Juttu on julkaistu aiemmin Me Naisissa toukokuussa 2025.<\/p>\n","protected":false},"excerpt":{"rendered":"Me Naiset julkaisee uudelleen kiinnostavimpia juttujaan. T\u00e4m\u00e4 on yksi niist\u00e4. Loppuvuoden juhlasesonki on taas t\u00e4\u00e4ll\u00e4. Jo pelkk\u00e4 ajatus&hellip;\n","protected":false},"author":2,"featured_media":104105,"comment_status":"","ping_status":"","sticky":false,"template":"","format":"standard","meta":{"footnotes":""},"categories":[130],"tags":[137,33,31,30,34,32,109],"class_list":{"0":"post-104104","1":"post","2":"type-post","3":"status-publish","4":"format-standard","5":"has-post-thumbnail","7":"category-viihde","8":"tag-entertainment","9":"tag-fi","10":"tag-finland","11":"tag-finnish","12":"tag-ilta-sanomat","13":"tag-suomi","14":"tag-viihde"},"share_on_mastodon":{"url":"https:\/\/pubeurope.com\/@fi\/115639780814896052","error":""},"_links":{"self":[{"href":"https:\/\/www.europesays.com\/fi\/wp-json\/wp\/v2\/posts\/104104","targetHints":{"allow":["GET"]}}],"collection":[{"href":"https:\/\/www.europesays.com\/fi\/wp-json\/wp\/v2\/posts"}],"about":[{"href":"https:\/\/www.europesays.com\/fi\/wp-json\/wp\/v2\/types\/post"}],"author":[{"embeddable":true,"href":"https:\/\/www.europesays.com\/fi\/wp-json\/wp\/v2\/users\/2"}],"replies":[{"embeddable":true,"href":"https:\/\/www.europesays.com\/fi\/wp-json\/wp\/v2\/comments?post=104104"}],"version-history":[{"count":0,"href":"https:\/\/www.europesays.com\/fi\/wp-json\/wp\/v2\/posts\/104104\/revisions"}],"wp:featuredmedia":[{"embeddable":true,"href":"https:\/\/www.europesays.com\/fi\/wp-json\/wp\/v2\/media\/104105"}],"wp:attachment":[{"href":"https:\/\/www.europesays.com\/fi\/wp-json\/wp\/v2\/media?parent=104104"}],"wp:term":[{"taxonomy":"category","embeddable":true,"href":"https:\/\/www.europesays.com\/fi\/wp-json\/wp\/v2\/categories?post=104104"},{"taxonomy":"post_tag","embeddable":true,"href":"https:\/\/www.europesays.com\/fi\/wp-json\/wp\/v2\/tags?post=104104"}],"curies":[{"name":"wp","href":"https:\/\/api.w.org\/{rel}","templated":true}]}}