{"id":104106,"date":"2025-11-30T17:18:10","date_gmt":"2025-11-30T17:18:10","guid":{"rendered":"https:\/\/www.europesays.com\/fi\/104106\/"},"modified":"2025-11-30T17:18:10","modified_gmt":"2025-11-30T17:18:10","slug":"paakirjoitus-suomi-on-tyytynyt-liian-vahaan-koulutuksessa-ja-silla-on-seurauksensa-aamulehti","status":"publish","type":"post","link":"https:\/\/www.europesays.com\/fi\/104106\/","title":{"rendered":"P\u00e4\u00e4kirjoitus | Suomi on tyytynyt liian v\u00e4h\u00e4\u00e4n koulutuksessa ja sill\u00e4 on seurauksensa &#8211; Aamulehti"},"content":{"rendered":"<ol>\n<li><a href=\"https:\/\/news.google.com\/rss\/articles\/CBMicEFVX3lxTE1KNW4ycU93LWhiTGxrb0IwUjd5ODd0bGtzcEhmVDVTNVVfa0QyMzJQaEFSTEJfaUM4VkdpS2dXbDdmcmZDRkllT1BjaDdjUTZtSGQxaDNvRUViTmdIUW9qcjM2T29XazM2LW1hZkZhdHo?oc=5\" target=\"_blank\" rel=\"nofollow noopener\">P\u00e4\u00e4kirjoitus | Suomi on tyytynyt liian v\u00e4h\u00e4\u00e4n koulutuksessa ja sill\u00e4 on seurauksensa<\/a>&nbsp;&nbsp;Aamulehti<\/li>\n<li><a href=\"https:\/\/news.google.com\/rss\/articles\/CBMie0FVX3lxTE9fM3k1d0plTG9IdjhLeVVodm9CZk9odFdXQVRObmp2OXdXSnJIMzk4eURabkg3Skh5X3F2VGFvQlRzelN1UzBQalBmR1dpdW5wYXJnQ0ItclpRZkhOSUNsSkt5VFE4b0FSemVYdHB6S1dMRWJxRm9VRHVsQQ?oc=5\" target=\"_blank\" rel=\"nofollow noopener\">Nyt jys\u00e4hti: 140 000 ihmist\u00e4 tarvitaan t\u00f6ihin l\u00e4hivuosina \u2013 n\u00e4ist\u00e4 aloista on kyse<\/a>&nbsp;&nbsp;Uusi Suomi<\/li>\n<li><a href=\"https:\/\/news.google.com\/rss\/articles\/CBMiW0FVX3lxTFAwUFZKdzlfdXp2NmZDUTM5OFNNUDVrUkEwLVg1UVRUU2dGUTZUNEk1d2pxOXZyZHA4a2R1UFl6RGJMN01pV1JSSEF1TFdyblRtelNKSUh0XzZsWWs?oc=5\" target=\"_blank\" rel=\"nofollow noopener\">Etla: Suomen talous ja vienti sukeltavat selv\u00e4sti, jos teollisuuteen ei l\u00f6ydy ty\u00f6voimaa<\/a>&nbsp;&nbsp;HS.fi<\/li>\n<li><a href=\"https:\/\/news.google.com\/rss\/articles\/CBMiQkFVX3lxTFBrS0JGdU5LTkR1bzhYX1h3QmpaQXd3cW1RUW1BeFlVRDZrSXZfTzd3WFZCLThRdzlFQjJyeGN1ckpDUQ?oc=5\" target=\"_blank\" rel=\"nofollow noopener\">Suomen t\u00e4rkeimm\u00e4t vientiyritykset tarvitsevat jopa 140 000 ty\u00f6ntekij\u00e4\u00e4 \u2013 se onnistuu vain, jos koulutus saadaan kuntoon<\/a>&nbsp;&nbsp;Yle<\/li>\n<li><a href=\"https:\/\/news.google.com\/rss\/articles\/CBMiggFBVV95cUxQVWJ1cWN6c0xHMm9BUzVBSnkzQjlxWDc4Vk8zc1lkZndCVEVPS21HREhQc2tvaVVqX1BoM1htMzY4akk4MXNlY1c3QXY3ZlBfOFMyX1VnTUV6bDRxN18zM3RuRXRNUXJLRlhZUUxSS3NLNm0wd3R2aFV5NG1FVm50c2h3?oc=5\" target=\"_blank\" rel=\"nofollow noopener\">Osaavat tekij\u00e4t takaavat Suomen menestyksen<\/a>&nbsp;&nbsp;Teknologiateollisuus ry<\/li>\n<\/ol>\n","protected":false},"excerpt":{"rendered":"P\u00e4\u00e4kirjoitus | Suomi on tyytynyt liian v\u00e4h\u00e4\u00e4n koulutuksessa ja sill\u00e4 on seurauksensa&nbsp;&nbsp;Aamulehti Nyt jys\u00e4hti: 140 000 ihmist\u00e4 tarvitaan&hellip;\n","protected":false},"author":2,"featured_media":104107,"comment_status":"","ping_status":"","sticky":false,"template":"","format":"standard","meta":{"footnotes":""},"categories":[76],"tags":[157,79,77,33,31,30,32,78],"class_list":{"0":"post-104106","1":"post","2":"type-post","3":"status-publish","4":"format-standard","5":"has-post-thumbnail","7":"category-talous","8":"tag-aamulehti","9":"tag-business","10":"tag-economy","11":"tag-fi","12":"tag-finland","13":"tag-finnish","14":"tag-suomi","15":"tag-talous"},"share_on_mastodon":{"url":"https:\/\/pubeurope.com\/@fi\/115639792691597304","error":""},"_links":{"self":[{"href":"https:\/\/www.europesays.com\/fi\/wp-json\/wp\/v2\/posts\/104106","targetHints":{"allow":["GET"]}}],"collection":[{"href":"https:\/\/www.europesays.com\/fi\/wp-json\/wp\/v2\/posts"}],"about":[{"href":"https:\/\/www.europesays.com\/fi\/wp-json\/wp\/v2\/types\/post"}],"author":[{"embeddable":true,"href":"https:\/\/www.europesays.com\/fi\/wp-json\/wp\/v2\/users\/2"}],"replies":[{"embeddable":true,"href":"https:\/\/www.europesays.com\/fi\/wp-json\/wp\/v2\/comments?post=104106"}],"version-history":[{"count":0,"href":"https:\/\/www.europesays.com\/fi\/wp-json\/wp\/v2\/posts\/104106\/revisions"}],"wp:featuredmedia":[{"embeddable":true,"href":"https:\/\/www.europesays.com\/fi\/wp-json\/wp\/v2\/media\/104107"}],"wp:attachment":[{"href":"https:\/\/www.europesays.com\/fi\/wp-json\/wp\/v2\/media?parent=104106"}],"wp:term":[{"taxonomy":"category","embeddable":true,"href":"https:\/\/www.europesays.com\/fi\/wp-json\/wp\/v2\/categories?post=104106"},{"taxonomy":"post_tag","embeddable":true,"href":"https:\/\/www.europesays.com\/fi\/wp-json\/wp\/v2\/tags?post=104106"}],"curies":[{"name":"wp","href":"https:\/\/api.w.org\/{rel}","templated":true}]}}