{"id":104116,"date":"2025-11-30T17:36:09","date_gmt":"2025-11-30T17:36:09","guid":{"rendered":"https:\/\/www.europesays.com\/fi\/104116\/"},"modified":"2025-11-30T17:36:09","modified_gmt":"2025-11-30T17:36:09","slug":"portion-boysin-tiina-tunnistamattomana-arkistokuvassa-kylla-siina-me-ollaan-stara-fi","status":"publish","type":"post","link":"https:\/\/www.europesays.com\/fi\/104116\/","title":{"rendered":"Portion Boysin Tiina tunnistamattomana arkistokuvassa \u2013 \u201dKyll\u00e4, siin\u00e4 me ollaan\u201d \u2013 Stara.fi"},"content":{"rendered":"<p>Suomen suosituin bileyhtye Portion Boys tekee parhaillaan keikkoja hurjaan tahtiin, sill\u00e4 t\u00e4n\u00e4kin viikonloppuna yhteen p\u00e4iv\u00e4\u00e4n mahtui per\u00e4ti kolme keikkaa eri puolilla Suomea. Yhtye joutuikin pahoittelemaan faneilleen, kun eiv\u00e4t t\u00e4ll\u00e4 kertaa ehtineet j\u00e4\u00e4d\u00e4 antamaan nimmareita ja yhteiskuvia.<\/p>\n<p>Keikkabussin sisuksista yhtyeen naist\u00e4hti JaloTiina on kuitenkin nyt <a href=\"https:\/\/www.instagram.com\/stories\/tiinatimanttinen\/3776800567277311616\/\" rel=\"nofollow noopener\" target=\"_blank\">julkaissut arkistokuvan<\/a>, jota harva muistaa. Kyseess\u00e4 on otos kahdeksan vuotta sitten Hesa\u00c4ij\u00e4n kanssa tehdyn Miesflunssa-kappaleen musiikkivideon kuvauksista, joissa Tiina n\u00e4ytteli Ritva-nimist\u00e4 hahmoa. <\/p>\n<p>Tiinalla oli p\u00e4\u00e4ss\u00e4\u00e4n musta lyhyt peruukki, jonka kanssa h\u00e4nt\u00e4 oli vaikea uskoa Portion Boysin t\u00e4hdeksi. Hesa\u00c4ij\u00e4 sen sijaan esitti kuvauksissa l\u00e4\u00e4k\u00e4ri\u00e4. Koko videon voit katsoa artikkelin lopusta. Monet yhtyeen fanit ovat varmasti hieraisseet pariinkin kertaan silmi\u00e4\u00e4n kuvan n\u00e4hdess\u00e4\u00e4n.<\/p>\n<p>Portion Boys t\u00e4ytt\u00e4\u00e4 ensi vuonna 15 vuotta. Juhlavuoden kunniaksi suuresta suosiosta nauttiva yhtye suuntaa kev\u00e4\u00e4ll\u00e4 kattavalle kiertueelle. Juhlakiertue alkaa 13. maaliskuuta Vantaan Tulisuudelmasta ja p\u00e4\u00e4ttyy 30. huhtikuuta J\u00e4rvenp\u00e4\u00e4n Aino Areenalla. Osassa keikoista mukana on my\u00f6s huippusuosittu iskelm\u00e4yhtye Komiat.<\/p>\n<p>Energisist\u00e4 esiintymisist\u00e4\u00e4n tunnettu Portion Boys on keikkaillut jo kuluvana vuonna ahkerasti eri puolilla Suomea. Viime kev\u00e4\u00e4n kiertue kattoi l\u00e4hes 30 keikkaa, ja kes\u00e4ll\u00e4 esiintymisi\u00e4 kertyi yli 40. Yhtyeen singlet kuten Vauhti kiihtyy (feat. Matti ja Teppo),\u00a0Karjala Takas,\u00a0Kyl\u00e4baari\u00a0ja\u00a0El\u00e4m\u00e4n ABC ovat nousseet Spotifyn kuunnelluimpien joukkoon Suomessa.<\/p>\n<p>\n\t\t\t\tVoit lukea Starassa my\u00f6s lis\u00e4\u00e4 t\u00e4h\u00e4n kyseiseen artikkeliin liittyvist\u00e4 aiheista, kuten <a href=\"https:\/\/www.stara.fi\/asiasanat\/portion-boys\/\" rel=\"tag nofollow noopener\" target=\"_blank\">Portion Boys<\/a> tai laajemmin aihealueesta <a href=\"https:\/\/www.stara.fi\/category\/viihdeuutiset\/\" rel=\"category tag nofollow noopener\" target=\"_blank\">Viihdeuutiset<\/a>.\n\t\t\t<\/p>\n<p>\t\t\t\t\t<script async src=\"\/\/www.instagram.com\/embed.js\"><\/script><\/p>\n","protected":false},"excerpt":{"rendered":"Suomen suosituin bileyhtye Portion Boys tekee parhaillaan keikkoja hurjaan tahtiin, sill\u00e4 t\u00e4n\u00e4kin viikonloppuna yhteen p\u00e4iv\u00e4\u00e4n mahtui per\u00e4ti kolme&hellip;\n","protected":false},"author":2,"featured_media":41735,"comment_status":"","ping_status":"","sticky":false,"template":"","format":"standard","meta":{"footnotes":""},"categories":[133],"tags":[137,33,31,30,32,206,156,109],"class_list":{"0":"post-104116","1":"post","2":"type-post","3":"status-publish","4":"format-standard","5":"has-post-thumbnail","7":"category-televisiot","8":"tag-entertainment","9":"tag-fi","10":"tag-finland","11":"tag-finnish","12":"tag-suomi","13":"tag-televisiot","14":"tag-tv","15":"tag-viihde"},"share_on_mastodon":{"url":"https:\/\/pubeurope.com\/@fi\/115639863387437935","error":""},"_links":{"self":[{"href":"https:\/\/www.europesays.com\/fi\/wp-json\/wp\/v2\/posts\/104116","targetHints":{"allow":["GET"]}}],"collection":[{"href":"https:\/\/www.europesays.com\/fi\/wp-json\/wp\/v2\/posts"}],"about":[{"href":"https:\/\/www.europesays.com\/fi\/wp-json\/wp\/v2\/types\/post"}],"author":[{"embeddable":true,"href":"https:\/\/www.europesays.com\/fi\/wp-json\/wp\/v2\/users\/2"}],"replies":[{"embeddable":true,"href":"https:\/\/www.europesays.com\/fi\/wp-json\/wp\/v2\/comments?post=104116"}],"version-history":[{"count":0,"href":"https:\/\/www.europesays.com\/fi\/wp-json\/wp\/v2\/posts\/104116\/revisions"}],"wp:featuredmedia":[{"embeddable":true,"href":"https:\/\/www.europesays.com\/fi\/wp-json\/wp\/v2\/media\/41735"}],"wp:attachment":[{"href":"https:\/\/www.europesays.com\/fi\/wp-json\/wp\/v2\/media?parent=104116"}],"wp:term":[{"taxonomy":"category","embeddable":true,"href":"https:\/\/www.europesays.com\/fi\/wp-json\/wp\/v2\/categories?post=104116"},{"taxonomy":"post_tag","embeddable":true,"href":"https:\/\/www.europesays.com\/fi\/wp-json\/wp\/v2\/tags?post=104116"}],"curies":[{"name":"wp","href":"https:\/\/api.w.org\/{rel}","templated":true}]}}