{"id":104130,"date":"2025-11-30T17:59:10","date_gmt":"2025-11-30T17:59:10","guid":{"rendered":"https:\/\/www.europesays.com\/fi\/104130\/"},"modified":"2025-11-30T17:59:10","modified_gmt":"2025-11-30T17:59:10","slug":"mico-ahonen-pudotettiin-makimiehet-kommentoivat","status":"publish","type":"post","link":"https:\/\/www.europesays.com\/fi\/104130\/","title":{"rendered":"Mico Ahonen pudotettiin \u2013 m\u00e4kimiehet kommentoivat"},"content":{"rendered":"<p>Mico Ahosen m\u00e4kihyppyura loppui vain 23-vuotiaana. Olisikohan h\u00e4n kuulunut maajoukkuerinkiin?<\/p>\n<p class=\"article-body mb-nof-24 px-nof-16\">Kuusamo<\/p>\n<p class=\"article-body mb-nof-24 px-nof-16\">Kuningaskotka <a class=\"article-personlink\" href=\"https:\/\/www.is.fi\/haku\/?query=Janne%20Ahosen\" rel=\"nofollow noopener\" target=\"_blank\">Janne Ahosen<\/a> pojan <a class=\"article-personlink\" href=\"https:\/\/www.is.fi\/haku\/?query=Mico%20Ahosen\" rel=\"nofollow noopener\" target=\"_blank\">Mico Ahosen<\/a> m\u00e4kihyppyura p\u00e4\u00e4ttyi kaikessa hiljaisuudessa viime kes\u00e4n\u00e4.<\/p>\n<p class=\"article-body mb-nof-24 px-nof-16\">Pahasta polvivammasta toipunut Ahonen, 24, j\u00e4tettiin kylm\u00e4sti jopa B-maajoukkueen ulkopuolelle, mik\u00e4 vauhditti lopettamisp\u00e4\u00e4t\u00f6st\u00e4.<\/p>\n<p class=\"article-body mb-nof-24 px-nof-16\">Janne piti poikansa kohtelua \u201dk\u00e4sitt\u00e4m\u00e4tt\u00f6m\u00e4n\u00e4\u201d ja p\u00e4\u00e4t\u00f6st\u00e4 hyvin vaikeana ymm\u00e4rt\u00e4\u00e4. My\u00f6s Mico oli samaa mielt\u00e4.<\/p>\n<p class=\"article-body mb-nof-24 px-nof-16\">\u2013 Vaikuttaa silt\u00e4, ett\u00e4 isien pahat teot kostetaan heid\u00e4n pojillaan. Samasta asiasta Mico k\u00e4rsi l\u00e4pi koko uransa, Janne paukutti hiljattain IS:n haastattelussa.<\/p>\n<p class=\"article-body mb-nof-24 px-nof-16\">Oliko nuoren Ahosen sivuuttaminen todella \u201dk\u00e4sitt\u00e4m\u00e4t\u00f6n\u201d p\u00e4\u00e4t\u00f6s?<\/p>\n<p class=\"article-body mb-nof-24 px-nof-16\">\u2013 En min\u00e4 henkil\u00f6kohtaisesti pid\u00e4 sit\u00e4 k\u00e4sitt\u00e4m\u00e4tt\u00f6m\u00e4n\u00e4, B-maajoukkuemies <a class=\"article-personlink\" href=\"https:\/\/www.is.fi\/haku\/?query=Vilho%20Palosaari\" rel=\"nofollow noopener\" target=\"_blank\">Vilho Palosaari<\/a> tuumaa.<\/p>\n<p class=\"article-body mb-nof-24 px-nof-16\">\u2013 Valintoja tehdess\u00e4 katsotaan tietysti kokonaisuutta, nuorten maailmanmestari jatkaa.<\/p>\n<p><img decoding=\"async\" src=\"https:\/\/www.europesays.com\/fi\/wp-content\/uploads\/2025\/11\/1764525550_324_468.jpg\" alt=\"Mico Ahonen kuvattuna vuonna 2023.\" class=\"_Img_1rerz_1\" style=\"aspect-ratio:1.5802469135802468\" loading=\"eager\"\/><\/p>\n<p class=\"article-picture-caption\">Mico Ahonen kuvattuna vuonna 2023. Kuva:\u00a0Pinja Heikkil\u00e4<\/p>\n<p class=\"article-body mb-nof-24 px-nof-16\">Palosaari, 21, pit\u00e4\u00e4 kuitenkin Ahosen lopettamisp\u00e4\u00e4t\u00f6st\u00e4 harmillisena. H\u00e4n kertoo olleensa yhteydess\u00e4 ex-kollegaansa viimeksi torstaina, kun nuori Ahonen t\u00e4ytti 24 vuotta.<\/p>\n<p class=\"article-body mb-nof-24 px-nof-16\">\u2013 Micolla olisi ollut t\u00e4ss\u00e4 lajissa lahjoja. Harmi, ett\u00e4 lopetti.<\/p>\n<p class=\"article-body mb-nof-24 px-nof-16\">\u2013 Mutta kaikkihan me ovat valintamme teemme. Ei se t\u00e4t\u00e4k\u00e4\u00e4n pakko ole tehd\u00e4, Palosaari pohtii.<\/p>\n<p class=\"article-body mb-nof-24 px-nof-16\">A-maajoukkueeseen kuuluva <a class=\"article-personlink\" href=\"https:\/\/www.is.fi\/haku\/?query=Kasperi%20Valto\" rel=\"nofollow noopener\" target=\"_blank\">Kasperi Valto<\/a> puolestaan kertoo, ettei yll\u00e4ttynyt Ahosen ratkaisusta.<\/p>\n<p class=\"article-body mb-nof-24 px-nof-16\">\u2013 Kyll\u00e4 sen kev\u00e4\u00e4ll\u00e4 tiesi jo, ei Micon lopettaminen tullut yll\u00e4tyksen\u00e4.<\/p>\n<p class=\"article-body mb-nof-24 px-nof-16\">\u2013 Kyll\u00e4 m\u00e4 siin\u00e4 mieless\u00e4 ymm\u00e4rr\u00e4n Jannen ja Micon kommentteja, ett\u00e4 kun polvi menee paskaksi, niin siin\u00e4 on aika vaikeaa antaa n\u00e4ytt\u00f6j\u00e4. Kyll\u00e4h\u00e4n Mico on aiemmin sen verran hyvin hyp\u00e4nnyt, ett\u00e4 sen jossakin joukkueessa pit\u00e4isi olla. Ei ole mun asia p\u00e4\u00e4tt\u00e4\u00e4, Valto sanoo.<\/p>\n<p class=\"article-body mb-nof-24 px-nof-16\">K\u00e4rsik\u00f6 Ahonen todella sukunimest\u00e4\u00e4n, kuten is\u00e4 Janne vihjasi?<\/p>\n<p class=\"article-body mb-nof-24 px-nof-16\">\u2013 En oikein mit\u00e4\u00e4n osaa tuohon sanoa, Valto v\u00e4ist\u00e4\u00e4 kuuman kysymyksen.<\/p>\n","protected":false},"excerpt":{"rendered":"Mico Ahosen m\u00e4kihyppyura loppui vain 23-vuotiaana. Olisikohan h\u00e4n kuulunut maajoukkuerinkiin? Kuusamo Kuningaskotka Janne Ahosen pojan Mico Ahosen m\u00e4kihyppyura&hellip;\n","protected":false},"author":2,"featured_media":104131,"comment_status":"","ping_status":"","sticky":false,"template":"","format":"standard","meta":{"footnotes":""},"categories":[136],"tags":[407,137,33,31,30,34,408,32,109],"class_list":{"0":"post-104130","1":"post","2":"type-post","3":"status-publish","4":"format-standard","5":"has-post-thumbnail","7":"category-julkkikset","8":"tag-celebrities","9":"tag-entertainment","10":"tag-fi","11":"tag-finland","12":"tag-finnish","13":"tag-ilta-sanomat","14":"tag-julkkikset","15":"tag-suomi","16":"tag-viihde"},"share_on_mastodon":{"url":"https:\/\/pubeurope.com\/@fi\/115639954440087956","error":""},"_links":{"self":[{"href":"https:\/\/www.europesays.com\/fi\/wp-json\/wp\/v2\/posts\/104130","targetHints":{"allow":["GET"]}}],"collection":[{"href":"https:\/\/www.europesays.com\/fi\/wp-json\/wp\/v2\/posts"}],"about":[{"href":"https:\/\/www.europesays.com\/fi\/wp-json\/wp\/v2\/types\/post"}],"author":[{"embeddable":true,"href":"https:\/\/www.europesays.com\/fi\/wp-json\/wp\/v2\/users\/2"}],"replies":[{"embeddable":true,"href":"https:\/\/www.europesays.com\/fi\/wp-json\/wp\/v2\/comments?post=104130"}],"version-history":[{"count":0,"href":"https:\/\/www.europesays.com\/fi\/wp-json\/wp\/v2\/posts\/104130\/revisions"}],"wp:featuredmedia":[{"embeddable":true,"href":"https:\/\/www.europesays.com\/fi\/wp-json\/wp\/v2\/media\/104131"}],"wp:attachment":[{"href":"https:\/\/www.europesays.com\/fi\/wp-json\/wp\/v2\/media?parent=104130"}],"wp:term":[{"taxonomy":"category","embeddable":true,"href":"https:\/\/www.europesays.com\/fi\/wp-json\/wp\/v2\/categories?post=104130"},{"taxonomy":"post_tag","embeddable":true,"href":"https:\/\/www.europesays.com\/fi\/wp-json\/wp\/v2\/tags?post=104130"}],"curies":[{"name":"wp","href":"https:\/\/api.w.org\/{rel}","templated":true}]}}