{"id":104132,"date":"2025-11-30T18:02:08","date_gmt":"2025-11-30T18:02:08","guid":{"rendered":"https:\/\/www.europesays.com\/fi\/104132\/"},"modified":"2025-11-30T18:02:08","modified_gmt":"2025-11-30T18:02:08","slug":"kotimainen-uutuussarja-alkaa-lahiosta-ponnistava-riku-haluaa-tehda-taydellisen-rikoksen-ihastuminen-sotkee-suunnitelman","status":"publish","type":"post","link":"https:\/\/www.europesays.com\/fi\/104132\/","title":{"rendered":"Kotimainen uutuussarja alkaa: L\u00e4hi\u00f6st\u00e4 ponnistava Riku haluaa tehd\u00e4 t\u00e4ydellisen rikoksen \u2013 ihastuminen sotkee suunnitelman"},"content":{"rendered":"<p>MTV Katsomossa ja MTV3-kanavalla sunnuntaina 30.11. alkava Petos on <strong>Mikko Kuparisen<\/strong> ohjaama kahdeksanosainen rikosdraama, jossa tunteet ly\u00f6v\u00e4t kapuloita t\u00e4ydellisen rikoksen rattaisiin. L\u00e4hi\u00f6st\u00e4 ponnistava Riku (<strong>Daniel Virtanen<\/strong>) soluttautuu Helsingin rikkaan eliitin piireihin. Rikun tarkoitus on kostaa, mutta ihastuminen varattuun Lindaan (<strong>Marketta Tikkanen<\/strong>) uhkaa sekoittaa h\u00e4nen suunnitelmansa. Kulissit pysyv\u00e4t pystyss\u00e4 valheiden varassa samalla kun vanhat yst\u00e4v\u00e4t ja velkojat vaativat tuloksia.<\/p>\n<p>Sarjan p\u00e4\u00e4osissa n\u00e4hd\u00e4\u00e4n Virtasen ja Tikkasen lis\u00e4ksi <strong>Pihla Maalismaa, Karim Rapatti, Elias Gould<\/strong> ja <strong>Janne Saarinen<\/strong>. Sarjan konseptin ja k\u00e4sikirjoituksen on tehnyt <strong>Mikko P\u00f6ll\u00e4,<\/strong> jonka aiempia t\u00f6it\u00e4 ovat muun muassa Helppo el\u00e4m\u00e4 ja White Wall. <\/p>\n<p>Lue my\u00f6s: <a href=\"https:\/\/www.voice.fi\/ilmiot\/netflixiin-tuli-juuri-uutelokuva-joka-keraa-ylistysta-menee-ihon-alle\" title=\"Netflixiin tuli juuri uutuuselokuva, joka ker\u00e4\u00e4 ylistyst\u00e4 \u2013 \u201cMenee ihon alle\u201d\" class=\"underline-custom !font-montserrat !font-bold !underline-offset-4 !decoration-4 !decoration-tilt-light !text-md\" rel=\"nofollow noopener\" target=\"_blank\">Netflixiin tuli juuri uutuuselokuva, joka ker\u00e4\u00e4 ylistyst\u00e4 \u2013 \u201cMenee ihon alle\u201d<\/a><\/p>\n<p>P\u00f6ll\u00e4 kuvaa sarjan teemaa n\u00e4in: \u201dPetoksessa heikkojen l\u00e4ht\u00f6kohtien maailma t\u00f6rm\u00e4\u00e4 varakkaaseen eliittiin m\u00e4\u00e4r\u00e4tietoisen nuoren miehen muodossa. Oikeassa el\u00e4m\u00e4ss\u00e4 nuo todellisuudet ja niit\u00e4 edustavat ihmiset harvemmin kohtaavat\u2026\u201d<\/p>\n<p>Sarja on her\u00e4tt\u00e4nyt kiinnostusta my\u00f6s ulkomailla. Esitysoikeudet on myyty Isoon-Britanniaan ja Australiaan, ja uudelleenfilmatisointioikeudet Yhdysvaltoihin Tomorrow Studiosille, joka tunnetaan muun muassa Snowpiercer-sarjasta.<\/p>\n","protected":false},"excerpt":{"rendered":"MTV Katsomossa ja MTV3-kanavalla sunnuntaina 30.11. alkava Petos on Mikko Kuparisen ohjaama kahdeksanosainen rikosdraama, jossa tunteet ly\u00f6v\u00e4t kapuloita&hellip;\n","protected":false},"author":2,"featured_media":104133,"comment_status":"","ping_status":"","sticky":false,"template":"","format":"standard","meta":{"footnotes":""},"categories":[133],"tags":[137,33,31,30,905,32,747,206,156,109],"class_list":{"0":"post-104132","1":"post","2":"type-post","3":"status-publish","4":"format-standard","5":"has-post-thumbnail","7":"category-televisiot","8":"tag-entertainment","9":"tag-fi","10":"tag-finland","11":"tag-finnish","12":"tag-mtv3","13":"tag-suomi","14":"tag-televisiosarjat","15":"tag-televisiot","16":"tag-tv","17":"tag-viihde"},"share_on_mastodon":{"url":"https:\/\/pubeurope.com\/@fi\/115639965678958954","error":""},"_links":{"self":[{"href":"https:\/\/www.europesays.com\/fi\/wp-json\/wp\/v2\/posts\/104132","targetHints":{"allow":["GET"]}}],"collection":[{"href":"https:\/\/www.europesays.com\/fi\/wp-json\/wp\/v2\/posts"}],"about":[{"href":"https:\/\/www.europesays.com\/fi\/wp-json\/wp\/v2\/types\/post"}],"author":[{"embeddable":true,"href":"https:\/\/www.europesays.com\/fi\/wp-json\/wp\/v2\/users\/2"}],"replies":[{"embeddable":true,"href":"https:\/\/www.europesays.com\/fi\/wp-json\/wp\/v2\/comments?post=104132"}],"version-history":[{"count":0,"href":"https:\/\/www.europesays.com\/fi\/wp-json\/wp\/v2\/posts\/104132\/revisions"}],"wp:featuredmedia":[{"embeddable":true,"href":"https:\/\/www.europesays.com\/fi\/wp-json\/wp\/v2\/media\/104133"}],"wp:attachment":[{"href":"https:\/\/www.europesays.com\/fi\/wp-json\/wp\/v2\/media?parent=104132"}],"wp:term":[{"taxonomy":"category","embeddable":true,"href":"https:\/\/www.europesays.com\/fi\/wp-json\/wp\/v2\/categories?post=104132"},{"taxonomy":"post_tag","embeddable":true,"href":"https:\/\/www.europesays.com\/fi\/wp-json\/wp\/v2\/tags?post=104132"}],"curies":[{"name":"wp","href":"https:\/\/api.w.org\/{rel}","templated":true}]}}