{"id":104150,"date":"2025-11-30T18:32:11","date_gmt":"2025-11-30T18:32:11","guid":{"rendered":"https:\/\/www.europesays.com\/fi\/104150\/"},"modified":"2025-11-30T18:32:11","modified_gmt":"2025-11-30T18:32:11","slug":"minettien-mm-mitalin-vari-himmeni-hs-fi","status":"publish","type":"post","link":"https:\/\/www.europesays.com\/fi\/104150\/","title":{"rendered":"Minettien MM-mitalin v\u00e4ri himmeni | HS.fi"},"content":{"rendered":"<p>Joukkuevoimistelu|Tamperelaisjoukkue Minetit voimisteli MM-pronssille Bulgariassa.<\/p>\n<p class=\"article-body mb-nof-24 px-nof-16\">Joukkuevoimistelun hallitsevana maailmanmestarina kilpailuun l\u00e4htenyt Minetit ker\u00e4si yhteens\u00e4 56,650 pistett\u00e4, ja se riitti jakamaan pronssitilaa neutraalilla statuksella kilpailevan Expressian kanssa.<\/p>\n<p class=\"article-body mb-nof-24 px-nof-16\">Toinen suomalaisjoukkue OVO Team tuli viidenneksi pistein 55,150.<\/p>\n<p class=\"article-body mb-nof-24 px-nof-16\">Voiton kotiyleis\u00f6n edess\u00e4 nappasi Bulgarian joukkue.<\/p>\n<p class=\"article-body mb-nof-24 px-nof-16\">&#8221;Aivan mahtava fiilis. Olemme tosi iloisia, ett\u00e4 saimme pidetty\u00e4 alkukilpailun kolmannen sijan. Saimme t\u00e4n\u00e4\u00e4n finaalissa tehty\u00e4 rohkean ja varman suorituksen, johon olemme todella tyytyv\u00e4isi\u00e4\u201d, kertoi Minettien kapteeni <a class=\"article-personlink article-strong\" href=\"https:\/\/www.hs.fi\/haku\/?query=Iinu%20H%C3%A4kkinen.\" rel=\"nofollow noopener\" target=\"_blank\">Iinu H\u00e4kkinen.<\/a><\/p>\n<p class=\"article-body mb-nof-24 px-nof-16\">Mineteiss\u00e4 voimistelivat <a class=\"article-personlink article-strong\" href=\"https:\/\/www.hs.fi\/haku\/?query=Alisa%20Gorjunov,\" rel=\"nofollow noopener\" target=\"_blank\">Alisa Gorjunov, <\/a>Iinu H\u00e4kkinen, <a class=\"article-personlink\" href=\"https:\/\/www.hs.fi\/haku\/?query=Jenni%20Hyyti%C3%A4inen,%20Katariina%20J%C3%A4rventausta\" rel=\"nofollow noopener\" target=\"_blank\">Jenni Hyyti\u00e4inen, Katariina J\u00e4rventausta<\/a>, <a class=\"article-personlink\" href=\"https:\/\/www.hs.fi\/haku\/?query=Ella%20Koskinen\" rel=\"nofollow noopener\" target=\"_blank\">Ella Koskinen<\/a>, <a class=\"article-personlink\" href=\"https:\/\/www.hs.fi\/haku\/?query=Minttu%20Malinen\" rel=\"nofollow noopener\" target=\"_blank\">Minttu Malinen<\/a>, <a class=\"article-personlink\" href=\"https:\/\/www.hs.fi\/haku\/?query=Minttu%20Mikkola,\" rel=\"nofollow noopener\" target=\"_blank\">Minttu Mikkola,<\/a> <a class=\"article-personlink\" href=\"https:\/\/www.hs.fi\/haku\/?query=Serafiina%20Niininen\" rel=\"nofollow noopener\" target=\"_blank\">Serafiina Niininen<\/a>, S<a class=\"article-personlink\" href=\"https:\/\/www.hs.fi\/haku\/?query=aimi%20Sepponen\" rel=\"nofollow noopener\" target=\"_blank\">aimi Sepponen<\/a> ja<a class=\"article-personlink\" href=\"https:\/\/www.hs.fi\/haku\/?query=%20Sini%20Tapio\" rel=\"nofollow noopener\" target=\"_blank\"> Sini Tapio<\/a>.<\/p>\n<p class=\"article-body mb-nof-24 px-nof-16\">Juniorien finaaleissa Suomea edustivat niin ik\u00e4\u00e4n Minetit ja OVO Team. Minetit saavuttivat juniorien MM-hopeaa, ja OVO Teamille irtosi nelj\u00e4s sija.<\/p>\n","protected":false},"excerpt":{"rendered":"Joukkuevoimistelu|Tamperelaisjoukkue Minetit voimisteli MM-pronssille Bulgariassa. Joukkuevoimistelun hallitsevana maailmanmestarina kilpailuun l\u00e4htenyt Minetit ker\u00e4si yhteens\u00e4 56,650 pistett\u00e4, ja se riitti&hellip;\n","protected":false},"author":2,"featured_media":104151,"comment_status":"","ping_status":"","sticky":false,"template":"","format":"standard","meta":{"footnotes":""},"categories":[158],"tags":[33,31,30,46,159,32,160],"class_list":{"0":"post-104150","1":"post","2":"type-post","3":"status-publish","4":"format-standard","5":"has-post-thumbnail","7":"category-urheilu","8":"tag-fi","9":"tag-finland","10":"tag-finnish","11":"tag-helsingin-sanomat","12":"tag-sports","13":"tag-suomi","14":"tag-urheilu"},"share_on_mastodon":{"url":"https:\/\/pubeurope.com\/@fi\/115640084514067231","error":""},"_links":{"self":[{"href":"https:\/\/www.europesays.com\/fi\/wp-json\/wp\/v2\/posts\/104150","targetHints":{"allow":["GET"]}}],"collection":[{"href":"https:\/\/www.europesays.com\/fi\/wp-json\/wp\/v2\/posts"}],"about":[{"href":"https:\/\/www.europesays.com\/fi\/wp-json\/wp\/v2\/types\/post"}],"author":[{"embeddable":true,"href":"https:\/\/www.europesays.com\/fi\/wp-json\/wp\/v2\/users\/2"}],"replies":[{"embeddable":true,"href":"https:\/\/www.europesays.com\/fi\/wp-json\/wp\/v2\/comments?post=104150"}],"version-history":[{"count":0,"href":"https:\/\/www.europesays.com\/fi\/wp-json\/wp\/v2\/posts\/104150\/revisions"}],"wp:featuredmedia":[{"embeddable":true,"href":"https:\/\/www.europesays.com\/fi\/wp-json\/wp\/v2\/media\/104151"}],"wp:attachment":[{"href":"https:\/\/www.europesays.com\/fi\/wp-json\/wp\/v2\/media?parent=104150"}],"wp:term":[{"taxonomy":"category","embeddable":true,"href":"https:\/\/www.europesays.com\/fi\/wp-json\/wp\/v2\/categories?post=104150"},{"taxonomy":"post_tag","embeddable":true,"href":"https:\/\/www.europesays.com\/fi\/wp-json\/wp\/v2\/tags?post=104150"}],"curies":[{"name":"wp","href":"https:\/\/api.w.org\/{rel}","templated":true}]}}