{"id":104168,"date":"2025-11-30T18:59:07","date_gmt":"2025-11-30T18:59:07","guid":{"rendered":"https:\/\/www.europesays.com\/fi\/104168\/"},"modified":"2025-11-30T18:59:07","modified_gmt":"2025-11-30T18:59:07","slug":"kaksinkertainen-oscar-voittaja-kommentoi-huonoiten-arvosteltua-elokuvaansa-se-oli-taydellinen-katastrofi","status":"publish","type":"post","link":"https:\/\/www.europesays.com\/fi\/104168\/","title":{"rendered":"Kaksinkertainen Oscar-voittaja kommentoi huonoiten arvosteltua elokuvaansa: &#8221;Se oli t\u00e4ydellinen katastrofi&#8221;"},"content":{"rendered":"<p><strong>George Clooney <\/strong>kommentoi ensimm\u00e4ist\u00e4 elokuvarooliaan kauhuelokuvassa Grizzly II: Revenge (1983).<\/p>\n<p>Elokuva julkaistiin lopulta vuonna 2021 ja se sai kriitikoilta vain 8% kriitikkopisteet Rotten Tomatoesissa.<\/p>\n<p>\u201dHe leikkasivat siihen kaikenlaista arkistomateriaalia.<strong> Laura <\/strong>(<strong>Dern<\/strong>) oli vain 15-vuotias ja me kuolemme heti alussa\u201d.<\/p>\n<p>\u201dSe oli t\u00e4ydellinen katastrofi\u201d, Clooney nauroi.<\/p>\n<p>Lue my\u00f6s: <a href=\"https:\/\/www.episodi.fi\/uutiset\/kulttihetki-ilmaiskatselussa-legendaarinen-katastrofituotanto-80-luvun-sekasotkusta-syntynyt-kauhukalkkuna\/\" title=\"Kulttihetki: Ilmaiskatselussa legendaarinen katastrofituotanto \u2013 80-luvun sekasotkusta syntynyt kauhukalkkuna\" class=\"underline-custom !font-montserrat !font-bold !underline-offset-4 !decoration-4 !decoration-episodi-blue !text-md\" rel=\"nofollow noopener\" target=\"_blank\">Kulttihetki: Ilmaiskatselussa legendaarinen katastrofituotanto \u2013 80-luvun sekasotkusta syntynyt kauhukalkkuna<\/a><\/p>\n<p>Vaikka budjetti oli ohut, mukana oli melkoinen kattaus my\u00f6hemmin t\u00e4hdeksi nousseita n\u00e4yttelij\u00f6it\u00e4.<\/p>\n<p>Sheenin ja Dernin lis\u00e4ksi leffassa n\u00e4hd\u00e4\u00e4n 17-vuotias <strong>Charlie Sheen<\/strong>, Oscar-voittaja <strong>Louise Fletcher<\/strong>, sek\u00e4 Indyist\u00e4 ja Taru sormusten herrasta -elokuvista tuttu <strong>John Rhys-Davies<\/strong>.<\/p>\n<p>\u201dOlin roolin saatuani niin innoissani. Ajattelin, ett\u00e4 t\u00e4m\u00e4 on aivan mahtavaa!\u201d, Clooney kertoi.<\/p>\n<p>Riemu loppui lyhyeen, kun Budapestissa tehty tuotanto pistettiin j\u00e4ihin rahojen loputtua. Materiaali oli arkistojen k\u00e4tk\u00f6iss\u00e4 yli 40 vuotta ennen kuin leffa raavittiin kasaan ja julkaistiin VOD-palveluissa, paljolti Clooneyn julkkisstatuksen ansiosta.<\/p>\n<p>\u201dSaimme huonoja arvosteluja 40 vuoden takaisesta duunista. Vaikka h\u00e4din tuskin n\u00e4ymme elokuvassa, sit\u00e4 mainostetaan: \u201dp\u00e4\u00e4osissa George ja Laura!\u201d, Clooney naurahti.<\/p>\n<p><img loading=\"lazy\" decoding=\"async\" alt=\"YouTube video\" width=\"480\" height=\"360\" data-pin-nopin=\"true\" nopin=\"nopin\" class=\"perfmatters-lazy\" src=\"https:\/\/www.europesays.com\/fi\/wp-content\/uploads\/2025\/11\/1764529147_234_hqdefault.jpg\"\/><\/p>\n<p>L\u00e4hde: <a href=\"https:\/\/screenrant.com\/george-clooney-grizzly-revenge-reaction\/\" rel=\"nofollow noopener\" target=\"_blank\">ScreenRant<\/a><\/p>\n<p>Lue my\u00f6s: <a href=\"https:\/\/www.episodi.fi\/uutiskirje\/?uutiskirjemainos=tekstilinkkimainos\" title=\"Tilaa Episodin uutiskirje ja voit voittaa leffalippuja! Nappaa tv-vinkit suoraan s\u00e4hk\u00f6postiin t\u00e4st\u00e4.\" class=\"underline-custom !font-montserrat !font-bold !underline-offset-4 !decoration-4 !decoration-episodi-blue !text-md\" rel=\"nofollow noopener\" target=\"_blank\">Tilaa Episodin uutiskirje ja voit voittaa leffalippuja! Nappaa katseluvinkit suoraan s\u00e4hk\u00f6postiin t\u00e4st\u00e4.<\/a><\/p>\n","protected":false},"excerpt":{"rendered":"George Clooney kommentoi ensimm\u00e4ist\u00e4 elokuvarooliaan kauhuelokuvassa Grizzly II: Revenge (1983). Elokuva julkaistiin lopulta vuonna 2021 ja se sai&hellip;\n","protected":false},"author":2,"featured_media":104169,"comment_status":"","ping_status":"","sticky":false,"template":"","format":"standard","meta":{"footnotes":""},"categories":[130],"tags":[137,33,31,30,1783,19740,32,109],"class_list":{"0":"post-104168","1":"post","2":"type-post","3":"status-publish","4":"format-standard","5":"has-post-thumbnail","7":"category-viihde","8":"tag-entertainment","9":"tag-fi","10":"tag-finland","11":"tag-finnish","12":"tag-george-clooney","13":"tag-grizzly-ii-revenge","14":"tag-suomi","15":"tag-viihde"},"share_on_mastodon":{"url":"https:\/\/pubeurope.com\/@fi\/115640190229290645","error":""},"_links":{"self":[{"href":"https:\/\/www.europesays.com\/fi\/wp-json\/wp\/v2\/posts\/104168","targetHints":{"allow":["GET"]}}],"collection":[{"href":"https:\/\/www.europesays.com\/fi\/wp-json\/wp\/v2\/posts"}],"about":[{"href":"https:\/\/www.europesays.com\/fi\/wp-json\/wp\/v2\/types\/post"}],"author":[{"embeddable":true,"href":"https:\/\/www.europesays.com\/fi\/wp-json\/wp\/v2\/users\/2"}],"replies":[{"embeddable":true,"href":"https:\/\/www.europesays.com\/fi\/wp-json\/wp\/v2\/comments?post=104168"}],"version-history":[{"count":0,"href":"https:\/\/www.europesays.com\/fi\/wp-json\/wp\/v2\/posts\/104168\/revisions"}],"wp:featuredmedia":[{"embeddable":true,"href":"https:\/\/www.europesays.com\/fi\/wp-json\/wp\/v2\/media\/104169"}],"wp:attachment":[{"href":"https:\/\/www.europesays.com\/fi\/wp-json\/wp\/v2\/media?parent=104168"}],"wp:term":[{"taxonomy":"category","embeddable":true,"href":"https:\/\/www.europesays.com\/fi\/wp-json\/wp\/v2\/categories?post=104168"},{"taxonomy":"post_tag","embeddable":true,"href":"https:\/\/www.europesays.com\/fi\/wp-json\/wp\/v2\/tags?post=104168"}],"curies":[{"name":"wp","href":"https:\/\/api.w.org\/{rel}","templated":true}]}}