{"id":104184,"date":"2025-11-30T19:24:14","date_gmt":"2025-11-30T19:24:14","guid":{"rendered":"https:\/\/www.europesays.com\/fi\/104184\/"},"modified":"2025-11-30T19:24:14","modified_gmt":"2025-11-30T19:24:14","slug":"jarkko-wissin-uusi-seura-varmistui-urheilu","status":"publish","type":"post","link":"https:\/\/www.europesays.com\/fi\/104184\/","title":{"rendered":"Jarkko Wissin uusi seura varmistui | Urheilu"},"content":{"rendered":"<p>Kuopion Palloseuran p\u00e4\u00e4valmentajana toimivan <strong>Jarkko Wissin<\/strong> uusi seura on varmistunut.<\/p>\n<p>SJK kertoi sunnuntai-iltana, ett\u00e4 Wiss siirtyy seuran p\u00e4\u00e4valmentajaksi ensi kaudeksi. Wissin sopimus SJK:n kanssa kattaa kaudet 2026 ja 2027.<\/p>\n<p>\u2013\u2009Todella hyv\u00e4t ja odottavaiset fiilikset. Hienoa p\u00e4\u00e4st\u00e4 ty\u00f6skentelem\u00e4\u00e4n yhdess\u00e4 Veikkausliigan parhaista seuroista. Tied\u00e4n, miten hyv\u00e4t olosuhteet ja organisaatiorakenne Sein\u00e4joella on, joten odotan t\u00e4t\u00e4 mahdollisuutta todella mielenkiinnolla, Wiss sanoi SJK:n tiedotteessa.<\/p>\n<p><strong class=\"diks-storyline__impact\">SJK<\/strong> kertoi aiemmin sunnuntaina, ett\u00e4 seura on purkanut valmentajasopimuksen t\u00e4ll\u00e4 kaudella p\u00e4\u00e4valmentajana toimineen <strong>Stevie Grieven<\/strong> kanssa. Grieve toimi SJK:n edustuksen p\u00e4\u00e4k\u00e4skij\u00e4n\u00e4 kaksi kautta, mutta siirtyy nyt uusiin haasteisiin.<\/p>\n<p>Wiss toimii viimeist\u00e4 kertaa KuPSin p\u00e4\u00e4valmentajana 18. joulukuuta, kun kuopiolaisjoukkue kohtaa Crystal Palacen Konferenssiliigan liigavaiheen ottelussa. Wiss aloittaa varsinaisen ty\u00f6ns\u00e4 vuodenvaihteen j\u00e4lkeen.<\/p>\n<p>Wiss saapui KuPSiin t\u00e4ksi kaudeksi ja luotsasi joukkueen Suomen mestaruuteen ja Konferenssiliigaan.<\/p>\n<p>\t\t\t\t\t<img class=\"diks-card__image\" src=\"https:\/\/www.europesays.com\/fi\/wp-content\/uploads\/2025\/11\/11144904.jpg\"   loading=\"lazy\" decoding=\"sync\" alt=\"\"\/><\/p>\n<p>\t\t\t\t\t<img class=\"diks-card__image\" src=\"https:\/\/www.europesays.com\/fi\/wp-content\/uploads\/2025\/11\/11144903.jpg\"   loading=\"lazy\" decoding=\"sync\" alt=\"\"\/><\/p>\n<p>\t\t\t\t\t<img class=\"diks-card__image\" src=\"https:\/\/www.europesays.com\/fi\/wp-content\/uploads\/2025\/11\/11169444.jpg\"   loading=\"lazy\" decoding=\"sync\" alt=\"\"\/><\/p>\n<p>\t\t\t\t\t<img class=\"diks-card__image\" src=\"https:\/\/www.europesays.com\/fi\/wp-content\/uploads\/2025\/11\/11140813.jpg\"   loading=\"lazy\" decoding=\"sync\" alt=\"\"\/><\/p>\n","protected":false},"excerpt":{"rendered":"Kuopion Palloseuran p\u00e4\u00e4valmentajana toimivan Jarkko Wissin uusi seura on varmistunut. SJK kertoi sunnuntai-iltana, ett\u00e4 Wiss siirtyy seuran p\u00e4\u00e4valmentajaksi&hellip;\n","protected":false},"author":2,"featured_media":104185,"comment_status":"","ping_status":"","sticky":false,"template":"","format":"standard","meta":{"footnotes":""},"categories":[158],"tags":[33,31,30,43,2864,1132,3221,4141,41,159,32,2865,160,16802],"class_list":{"0":"post-104184","1":"post","2":"type-post","3":"status-publish","4":"format-standard","5":"has-post-thumbnail","7":"category-urheilu","8":"tag-fi","9":"tag-finland","10":"tag-finnish","11":"tag-jalkapallo","12":"tag-kasinot","13":"tag-kuopio","14":"tag-kuopion-palloseura-kups","15":"tag-kups","16":"tag-liikunta-ja-urheilu","17":"tag-sports","18":"tag-suomi","19":"tag-uhkapelit-ja-rahapeli-ja-vedonlyontipalvelut","20":"tag-urheilu","21":"tag-veikkausliiga-2025"},"share_on_mastodon":{"url":"https:\/\/pubeurope.com\/@fi\/115640288399717802","error":""},"_links":{"self":[{"href":"https:\/\/www.europesays.com\/fi\/wp-json\/wp\/v2\/posts\/104184","targetHints":{"allow":["GET"]}}],"collection":[{"href":"https:\/\/www.europesays.com\/fi\/wp-json\/wp\/v2\/posts"}],"about":[{"href":"https:\/\/www.europesays.com\/fi\/wp-json\/wp\/v2\/types\/post"}],"author":[{"embeddable":true,"href":"https:\/\/www.europesays.com\/fi\/wp-json\/wp\/v2\/users\/2"}],"replies":[{"embeddable":true,"href":"https:\/\/www.europesays.com\/fi\/wp-json\/wp\/v2\/comments?post=104184"}],"version-history":[{"count":0,"href":"https:\/\/www.europesays.com\/fi\/wp-json\/wp\/v2\/posts\/104184\/revisions"}],"wp:featuredmedia":[{"embeddable":true,"href":"https:\/\/www.europesays.com\/fi\/wp-json\/wp\/v2\/media\/104185"}],"wp:attachment":[{"href":"https:\/\/www.europesays.com\/fi\/wp-json\/wp\/v2\/media?parent=104184"}],"wp:term":[{"taxonomy":"category","embeddable":true,"href":"https:\/\/www.europesays.com\/fi\/wp-json\/wp\/v2\/categories?post=104184"},{"taxonomy":"post_tag","embeddable":true,"href":"https:\/\/www.europesays.com\/fi\/wp-json\/wp\/v2\/tags?post=104184"}],"curies":[{"name":"wp","href":"https:\/\/api.w.org\/{rel}","templated":true}]}}