{"id":104190,"date":"2025-11-30T19:29:09","date_gmt":"2025-11-30T19:29:09","guid":{"rendered":"https:\/\/www.europesays.com\/fi\/104190\/"},"modified":"2025-11-30T19:29:09","modified_gmt":"2025-11-30T19:29:09","slug":"pkk-ei-aio-ottaa-rauhanneuvotteluissa-uusia-askelia","status":"publish","type":"post","link":"https:\/\/www.europesays.com\/fi\/104190\/","title":{"rendered":"PKK ei aio ottaa rauhanneuvotteluissa uusia askelia"},"content":{"rendered":"<p>PKK:n ja Turkin valtion v\u00e4lisess\u00e4 konfliktissa on kuollut arviolta kymmeni\u00e4tuhansia ihmisi\u00e4 1980-luvulta l\u00e4htien.<\/p>\n<p>J\u00e4rjest\u00f6 vaatii Turkkia vapauttamaan perustajansa <strong class=\"typography-bold\">Abdullah \u00d6calanin<\/strong> vankilasta.<\/p>\n<p>Aseellisen kurdij\u00e4rjest\u00f6n PKK:n komentajan mukaan kurdij\u00e4rjest\u00f6 ei ota en\u00e4\u00e4 uusia askelia meneill\u00e4\u00e4n olevassa rauhanprosessissa ennen kuin Turkki etenee siin\u00e4 my\u00f6s itse.<\/p>\n<p>Kurdistanin ty\u00f6v\u00e4enpuolueen PKK:n komentaja <strong class=\"typography-bold\">Amed Malazgirt<\/strong> puhui asiasta AFP:n haastattelussa lauantaina. Haastattelu tehtiin j\u00e4rjest\u00f6n Pohjois-Irakissa sijaitsevalla leirill\u00e4.<\/p>\n<p>Malazgirtin mukaan Turkin seuraavan askelen pit\u00e4isi olla PKK:n vuonna 1999 vangitun perustajan Abdullah \u00d6calanin vapauttaminen vankilasaarelta. Nyt 76-vuotias \u00d6calan perusti PKK:n 1970-luvun lopulla.<\/p>\n<p>J\u00e4rjest\u00f6 k\u00e4ynnisti aseellisen taistelun Turkin valtiota ja kurdien sulauttamispyrkimyksi\u00e4 vastaan vuonna 1984. Konfliktissa on siit\u00e4 l\u00e4htien kuollut arviolta kymmeni\u00e4tuhansia ihmisi\u00e4. Turkki, Yhdysvallat ja EU, Suomi mukaan lukien, luokittelevat PKK:n terroristij\u00e4rjest\u00f6ksi.<\/p>\n<p>Viimeisin rauhanyritys on jo kolmas, joka on k\u00e4ynnistetty Turkin presidentin <strong class=\"typography-bold\">Recep Tayyip Erdoganin<\/strong> valtakauden aikana. Edelliset ovat ep\u00e4onnistuneet ja p\u00e4\u00e4ttyneet verisiin yhteenottoihin.<\/p>\n<p>\u2013\u2009Kaikki askelet, jotka johtaja (\u00d6calan) on aloittanut, on toteutettu. &#8211; &#8211; Jatkotoimiin ei siis ryhdyt\u00e4, Malazgirt sanoi.<\/p>\n<p>\u2013\u2009T\u00e4st\u00e4 l\u00e4htien odotamme Turkin valtion seuraavia askeleita, h\u00e4n sanoi.<\/p>\n<p><strong class=\"typography-bold\">Vierailu \u00d6calanin luona<\/strong><\/p>\n<p>Turkissa parlamenttipuolueiden edustajista koostuva valtuuskunta vieraili Abdullah \u00d6calanin luona vankilassa viime viikon maanantaina, mit\u00e4 pidettiin historiallisena ja ainakin symbolisesti merkitt\u00e4v\u00e4n\u00e4 askelena. Sit\u00e4 ennen syksyll\u00e4 PKK:n taistelijat ilmoittivat vet\u00e4ytyneens\u00e4 Turkin maaper\u00e4lt\u00e4.<\/p>\n<p>PKK ilmoitti jo kev\u00e4\u00e4ll\u00e4 lopettavansa taistelut Turkin valtiota vastaan ja siirtyv\u00e4ns\u00e4 kohti demokraattisia poliittisia keinoja taistellakseen kurdien oikeuksien puolesta.Konflikti PKK:n kanssa on ulottunut useisiin maihin alueella sek\u00e4 EU:hun ja jopa Suomeen asti. Marraskuussa Helsingin k\u00e4r\u00e4j\u00e4oikeus vangitsi kolme miest\u00e4 ep\u00e4ilt<\/p>\n","protected":false},"excerpt":{"rendered":"PKK:n ja Turkin valtion v\u00e4lisess\u00e4 konfliktissa on kuollut arviolta kymmeni\u00e4tuhansia ihmisi\u00e4 1980-luvulta l\u00e4htien. J\u00e4rjest\u00f6 vaatii Turkkia vapauttamaan perustajansa&hellip;\n","protected":false},"author":2,"featured_media":83275,"comment_status":"","ping_status":"","sticky":false,"template":"","format":"standard","meta":{"footnotes":""},"categories":[14],"tags":[22,23,26,27,33,31,30,17,24,25,28,29,15,18,21,32,19,20,56,16,59,60,61],"class_list":{"0":"post-104190","1":"post","2":"type-post","3":"status-publish","4":"format-standard","5":"has-post-thumbnail","7":"category-ulkomaat","8":"tag-breaking-news","9":"tag-breakingnews","10":"tag-featured-news","11":"tag-featurednews","12":"tag-fi","13":"tag-finland","14":"tag-finnish","15":"tag-headlines","16":"tag-latest-news","17":"tag-latestnews","18":"tag-main-news","19":"tag-mainnews","20":"tag-news","21":"tag-otsikot","22":"tag-paauutiset","23":"tag-suomi","24":"tag-top-stories","25":"tag-topstories","26":"tag-ulkomaat","27":"tag-uutiset","28":"tag-world","29":"tag-world-news","30":"tag-worldnews"},"share_on_mastodon":{"url":"https:\/\/pubeurope.com\/@fi\/115640307847221520","error":""},"_links":{"self":[{"href":"https:\/\/www.europesays.com\/fi\/wp-json\/wp\/v2\/posts\/104190","targetHints":{"allow":["GET"]}}],"collection":[{"href":"https:\/\/www.europesays.com\/fi\/wp-json\/wp\/v2\/posts"}],"about":[{"href":"https:\/\/www.europesays.com\/fi\/wp-json\/wp\/v2\/types\/post"}],"author":[{"embeddable":true,"href":"https:\/\/www.europesays.com\/fi\/wp-json\/wp\/v2\/users\/2"}],"replies":[{"embeddable":true,"href":"https:\/\/www.europesays.com\/fi\/wp-json\/wp\/v2\/comments?post=104190"}],"version-history":[{"count":0,"href":"https:\/\/www.europesays.com\/fi\/wp-json\/wp\/v2\/posts\/104190\/revisions"}],"wp:featuredmedia":[{"embeddable":true,"href":"https:\/\/www.europesays.com\/fi\/wp-json\/wp\/v2\/media\/83275"}],"wp:attachment":[{"href":"https:\/\/www.europesays.com\/fi\/wp-json\/wp\/v2\/media?parent=104190"}],"wp:term":[{"taxonomy":"category","embeddable":true,"href":"https:\/\/www.europesays.com\/fi\/wp-json\/wp\/v2\/categories?post=104190"},{"taxonomy":"post_tag","embeddable":true,"href":"https:\/\/www.europesays.com\/fi\/wp-json\/wp\/v2\/tags?post=104190"}],"curies":[{"name":"wp","href":"https:\/\/api.w.org\/{rel}","templated":true}]}}