{"id":104195,"date":"2025-11-30T19:43:09","date_gmt":"2025-11-30T19:43:09","guid":{"rendered":"https:\/\/www.europesays.com\/fi\/104195\/"},"modified":"2025-11-30T19:43:09","modified_gmt":"2025-11-30T19:43:09","slug":"tarkka-paljastus-michael-schumacherin-lahipiirista-vaimo-on-katkera","status":"publish","type":"post","link":"https:\/\/www.europesays.com\/fi\/104195\/","title":{"rendered":"Tarkka paljastus Michael Schumacherin l\u00e4hipiirist\u00e4 \u2013 \u201dVaimo on katkera\u201d"},"content":{"rendered":"<p>Corinna Schumacher tuohtui skandaalista.<\/p>\n<p><img decoding=\"async\" class=\"image image-show image-preview\" src=\"https:\/\/www.europesays.com\/fi\/wp-content\/uploads\/2025\/11\/13a29d40de73b454e56d17eb80c07ac5bf991e2b6a09ac3667692cfe5fe94e0c.jpg\" alt=\"\"\/><img decoding=\"async\" class=\"image image-show\" src=\"https:\/\/www.europesays.com\/fi\/wp-content\/uploads\/2025\/11\/1764531789_613_13a29d40de73b454e56d17eb80c07ac5bf991e2b6a09ac3667692cfe5fe94e0c.jpg\" alt=\"\"\/><\/p>\n<p>Michael Schumacheria ei ole n\u00e4hty julkisuudessa vakavan lasketteluonnettomuuden j\u00e4lkeen. AOP<\/p>\n<p class=\"paragraph\">Lasketteluonnettomuuden j\u00e4lkeen julkisuudesta poissa olleen <strong>Michael Schumacherin<\/strong> perhett\u00e4 ravisteli kiristysskandaali viime vuonna.<\/p>\n<p class=\"paragraph\">Formulat\u00e4hdelle pitk\u00e4\u00e4n ty\u00f6skennellyt mies sai haltuunsa valtavan m\u00e4\u00e4r\u00e4n kuvia, videoita ja terveystietoja Schumacherista. Rikosta suunnitelleeseen ryhm\u00e4\u00e4n kuulunut 53-vuotias mies yritti kirist\u00e4\u00e4 perheelt\u00e4 15 miljoonaa euroa.<\/p>\n<p class=\"paragraph\">Se j\u00e4tti arvet. Norjalaislehti <a href=\"https:\/\/www.dagbladet.no\/sport\/den-innerste-sirkelen\/83901767\" target=\"_blank\" rel=\"noopener nofollow\">Dagbladet<\/a> uutisoi saksalaisl\u00e4hteisiin viitaten, ett\u00e4 Schumacherit s\u00e4ik\u00e4htiv\u00e4t tapausta niin paljon, ett\u00e4 perhe on ottanut viel\u00e4kin varovaisemman linjan.<\/p>\n<p class=\"paragraph\">Tietojen mukaan Michael Schumacherin l\u00e4hipiiri, eli formulamestaria tapaamaan p\u00e4\u00e4sevien henkil\u00f6iden porukka, on kutistunut yhdeks\u00e4\u00e4n henkil\u00f6\u00f6n.<\/p>\n<p class=\"paragraph\">Siihen joukkoon kuuluvat vaimo <strong>Corinna Schumacher<\/strong>, lapset <strong>Mick<\/strong> ja <strong>Gina-Maria<\/strong>, manageri <strong>Sabine Kehm<\/strong>, entiset tallipomot <strong>Jean Todt<\/strong> ja <strong>Ross Brown<\/strong> sek\u00e4 ex-kuljettajat <strong>Gerhard Berger<\/strong>, <strong>Luca Badoer<\/strong> ja <strong>Felipe Massa<\/strong>.<\/p>\n<p class=\"paragraph\">Tietojen mukaan seitsenkertainen maailmanmestari saa hoitoa Glandin kyl\u00e4ss\u00e4 sijaitsevassa hulppeassa Sveitsin-kodissaan.<\/p>\n<p class=\"paragraph\">\u2013\u2009Luottamus rikottiin, joten sen vuoksi perhe on ottanut et\u00e4isyytt\u00e4 ty\u00f6ntekij\u00f6ihins\u00e4, manageri Kehm vahvisti taannoin <a href=\"https:\/\/www.dagbladet.no\/sport\/den-innerste-sirkelen\/83901767\" target=\"_blank\" rel=\"noopener nofollow\">Bildille<\/a>.<\/p>\n<p class=\"paragraph\">\u2013\u2009Corinna-vaimo on ollut katkera kiristystapauksen j\u00e4lkeen.<\/p>\n<p>Corinna Schumacher on pit\u00e4nyt tarkkaa linjaa perheen l\u00e4hipiirist\u00e4. AOP<\/p>\n","protected":false},"excerpt":{"rendered":"Corinna Schumacher tuohtui skandaalista. Michael Schumacheria ei ole n\u00e4hty julkisuudessa vakavan lasketteluonnettomuuden j\u00e4lkeen. AOP Lasketteluonnettomuuden j\u00e4lkeen julkisuudesta poissa&hellip;\n","protected":false},"author":2,"featured_media":104196,"comment_status":"","ping_status":"","sticky":false,"template":"","format":"standard","meta":{"footnotes":""},"categories":[136],"tags":[35,2810,407,137,33,31,30,3437,408,41,98,103,32,109],"class_list":{"0":"post-104195","1":"post","2":"type-post","3":"status-publish","4":"format-standard","5":"has-post-thumbnail","7":"category-julkkikset","8":"tag-24h","9":"tag-autourheilu-ja-urheiluautot","10":"tag-celebrities","11":"tag-entertainment","12":"tag-fi","13":"tag-finland","14":"tag-finnish","15":"tag-formula-1","16":"tag-julkkikset","17":"tag-liikunta-ja-urheilu","18":"tag-perhe","19":"tag-sosiaalikysymykset","20":"tag-suomi","21":"tag-viihde"},"share_on_mastodon":{"url":"https:\/\/pubeurope.com\/@fi\/115640363127658934","error":""},"_links":{"self":[{"href":"https:\/\/www.europesays.com\/fi\/wp-json\/wp\/v2\/posts\/104195","targetHints":{"allow":["GET"]}}],"collection":[{"href":"https:\/\/www.europesays.com\/fi\/wp-json\/wp\/v2\/posts"}],"about":[{"href":"https:\/\/www.europesays.com\/fi\/wp-json\/wp\/v2\/types\/post"}],"author":[{"embeddable":true,"href":"https:\/\/www.europesays.com\/fi\/wp-json\/wp\/v2\/users\/2"}],"replies":[{"embeddable":true,"href":"https:\/\/www.europesays.com\/fi\/wp-json\/wp\/v2\/comments?post=104195"}],"version-history":[{"count":0,"href":"https:\/\/www.europesays.com\/fi\/wp-json\/wp\/v2\/posts\/104195\/revisions"}],"wp:featuredmedia":[{"embeddable":true,"href":"https:\/\/www.europesays.com\/fi\/wp-json\/wp\/v2\/media\/104196"}],"wp:attachment":[{"href":"https:\/\/www.europesays.com\/fi\/wp-json\/wp\/v2\/media?parent=104195"}],"wp:term":[{"taxonomy":"category","embeddable":true,"href":"https:\/\/www.europesays.com\/fi\/wp-json\/wp\/v2\/categories?post=104195"},{"taxonomy":"post_tag","embeddable":true,"href":"https:\/\/www.europesays.com\/fi\/wp-json\/wp\/v2\/tags?post=104195"}],"curies":[{"name":"wp","href":"https:\/\/api.w.org\/{rel}","templated":true}]}}