{"id":104197,"date":"2025-11-30T19:46:09","date_gmt":"2025-11-30T19:46:09","guid":{"rendered":"https:\/\/www.europesays.com\/fi\/104197\/"},"modified":"2025-11-30T19:46:09","modified_gmt":"2025-11-30T19:46:09","slug":"illalla-tvssa-vuoden-2016-odotettu-toiminta-onnistui-vahintaan-kohtuullisesti-170-autoa-tuhoutui-kuvauksissa","status":"publish","type":"post","link":"https:\/\/www.europesays.com\/fi\/104197\/","title":{"rendered":"Illalla tv:ss\u00e4: Vuoden 2016 odotettu toiminta onnistui v\u00e4hint\u00e4\u00e4n kohtuullisesti \u2013 170 autoa tuhoutui kuvauksissa"},"content":{"rendered":"<p>Toimintaelokuva Jason Bourne (2016) on katsottavissa illalla televisiosta.<\/p>\n<p>Kymmenen vuoden rauhaiselo p\u00e4\u00e4ttyy. Jason Bourne palaa toiminnan ytimeen, mutta t\u00e4ll\u00e4 kertaa h\u00e4n joutuu ottamaan huomioon nykyp\u00e4iv\u00e4n maailman sek\u00e4 siin\u00e4 el\u00e4v\u00e4t sivulliset.<\/p>\n<p><img loading=\"lazy\" height=\"379\" width=\"648\" class=\"wp-image-224837 sp-no-webp perfmatters-lazy\" alt=\"\" decoding=\"async\" src=\"https:\/\/www.europesays.com\/fi\/wp-content\/uploads\/2025\/11\/29jasonbourne1sub-superjumbo1-648x379.jpg\"  data-\/> <\/p>\n<p>Lue my\u00f6s: <a href=\"https:\/\/www.episodi.fi\/uutiset\/tiesitko-tata-good-will-hunting-oli-alun-perin-jannari-huhun-mukaan-matt-damon-ja-ben-affleck-eivat-kirjoittaneet-elokuvaa\/\" title=\"Tiesitk\u00f6 t\u00e4t\u00e4? Good Will Hunting oli alun perin j\u00e4nn\u00e4ri \u2013 huhun mukaan Matt Damon ja Ben Affleck eiv\u00e4t kirjoittaneet elokuvaa\" class=\"underline-custom !font-montserrat !font-bold !underline-offset-4 !decoration-4 !decoration-episodi-blue !text-md\" rel=\"nofollow noopener\" target=\"_blank\">Tiesitk\u00f6 t\u00e4t\u00e4? Good Will Hunting oli alun perin j\u00e4nn\u00e4ri \u2013 huhun mukaan Matt Damon ja Ben Affleck eiv\u00e4t kirjoittaneet elokuvaa<\/a><\/p>\n<p>Leffa on laadukas, sill\u00e4 ohjaaja <strong>Paul Greengrass<\/strong> harvoin tekee t\u00e4ysin huonoa tekelett\u00e4. Monien mielest\u00e4 elokuva ei silti yll\u00e4 elokuvasarjan aikaisempien osien tasolle. Se on kuitenkin katsomisen arvoinen toimintap\u00e4tk\u00e4. Mainittakoon, ett\u00e4 Las Vegasissa kuvatussa takaa-ajossa saatiin romuksi per\u00e4ti 170 autoa.<\/p>\n<p>Elokuva oli kaupallinen menestys, sill\u00e4 se tuotti maailmanlaajuisesti yhteens\u00e4 415,5 miljoonaa dollaria 120 miljoonan dollarin budjetilla. Vastaanotto oli vaihteleva niin kriitikoiden kuin yleis\u00f6nkin taholta.<\/p>\n<p>Elokuva on my\u00f6s palveluissa Netflix, Prime Video ja SkyShowtime. Alla traileri.<\/p>\n<p>Tulevat l\u00e4hetykset:<\/p>\n<ul class=\"wp-block-list\">\n<li>Su 30.11.2025 klo 21.00 \u00b7 MTV Sub<\/li>\n<li>Ke 3.12.2025 klo 22.50 \u00b7 MTV Sub<\/li>\n<\/ul>\n<p>Lue my\u00f6s: <a href=\"https:\/\/www.episodi.fi\/uutiset\/christopher-nolan-asetti-yhden-ehdon-the-odysseyn-paatahdelle-haluan-karvoituksen-tuoman-fyysisyyden\/\" title=\"Christopher Nolan asetti yhden ehdon The Odysseyn p\u00e4\u00e4t\u00e4hdelle \u2013 \u201dHaluan karvoituksen tuoman fyysisyyden\u201d\" class=\"underline-custom !font-montserrat !font-bold !underline-offset-4 !decoration-4 !decoration-episodi-blue !text-md\" rel=\"nofollow noopener\" target=\"_blank\">Christopher Nolan asetti yhden ehdon The Odysseyn p\u00e4\u00e4t\u00e4hdelle \u2013 \u201dHaluan karvoituksen tuoman fyysisyyden\u201d<\/a><\/p>\n<p>Lue my\u00f6s: <a href=\"https:\/\/www.episodi.fi\/uutiset\/the-odyssey-elokuvasta-vuotaa-otoksia-kuin-vesi-rattikaton-lapi-dyyni-tahti-matt-damon-ja-batman-taydessa-tallingissa\/\" title=\"The Odyssey -elokuvasta vuotaa otoksia kuin vesi vanhan r\u00e4ttikaton l\u00e4pi \u2013 Dyyni-t\u00e4hti, Matt Damon ja Batman t\u00e4ydess\u00e4 t\u00e4llingiss\u00e4\" class=\"underline-custom !font-montserrat !font-bold !underline-offset-4 !decoration-4 !decoration-episodi-blue !text-md\" rel=\"nofollow noopener\" target=\"_blank\">The Odyssey -elokuvasta vuotaa otoksia kuin vesi vanhan r\u00e4ttikaton l\u00e4pi \u2013 Dyyni-t\u00e4hti, Matt Damon ja Batman t\u00e4ydess\u00e4 t\u00e4llingiss\u00e4<\/a><\/p>\n<p>Lue my\u00f6s: <a href=\"https:\/\/www.episodi.fi\/uutiset\/nyt-suoratoistona-yritysjatti-keksii-kaanteentekevan-tuotteen-ja-mika-hitti-siita-tulikaan\/\" title=\"Nyt suoratoistona: Yritysj\u00e4tti keksi k\u00e4\u00e4nteentekev\u00e4n tuotteen \u2013 ja mik\u00e4 hitti siit\u00e4 tulikaan\" class=\"underline-custom !font-montserrat !font-bold !underline-offset-4 !decoration-4 !decoration-episodi-blue !text-md\" rel=\"nofollow noopener\" target=\"_blank\">Nyt suoratoistona: Yritysj\u00e4tti keksi k\u00e4\u00e4nteentekev\u00e4n tuotteen \u2013 ja mik\u00e4 hitti siit\u00e4 tulikaan<\/a><\/p>\n<p><img loading=\"lazy\" decoding=\"async\" alt=\"YouTube video\" width=\"480\" height=\"360\" data-pin-nopin=\"true\" nopin=\"nopin\" class=\"perfmatters-lazy\" src=\"https:\/\/www.europesays.com\/fi\/wp-content\/uploads\/2025\/11\/1764531969_289_hqdefault.jpg\"\/><\/p>\n<p>Lue my\u00f6s: <a href=\"https:\/\/www.episodi.fi\/uutiskirje\/?uutiskirjemainos=tekstilinkkimainos\" title=\"Tilaa Episodin uutiskirje ja voit voittaa leffalippuja! Nappaa tv-vinkit suoraan s\u00e4hk\u00f6postiin t\u00e4st\u00e4.\" class=\"underline-custom !font-montserrat !font-bold !underline-offset-4 !decoration-4 !decoration-episodi-blue !text-md\" rel=\"nofollow noopener\" target=\"_blank\">Tilaa Episodin uutiskirje ja voit voittaa leffalippuja! Nappaa katseluvinkit suoraan s\u00e4hk\u00f6postiin t\u00e4st\u00e4.<\/a><\/p>\n","protected":false},"excerpt":{"rendered":"Toimintaelokuva Jason Bourne (2016) on katsottavissa illalla televisiosta. Kymmenen vuoden rauhaiselo p\u00e4\u00e4ttyy. Jason Bourne palaa toiminnan ytimeen, mutta&hellip;\n","protected":false},"author":2,"featured_media":104198,"comment_status":"","ping_status":"","sticky":false,"template":"","format":"standard","meta":{"footnotes":""},"categories":[133],"tags":[137,33,31,30,32,206,139,156,109],"class_list":{"0":"post-104197","1":"post","2":"type-post","3":"status-publish","4":"format-standard","5":"has-post-thumbnail","7":"category-televisiot","8":"tag-entertainment","9":"tag-fi","10":"tag-finland","11":"tag-finnish","12":"tag-suomi","13":"tag-televisiot","14":"tag-tv-ohjelmat","15":"tag-tv","16":"tag-viihde"},"share_on_mastodon":{"url":"https:\/\/pubeurope.com\/@fi\/115640374999280674","error":""},"_links":{"self":[{"href":"https:\/\/www.europesays.com\/fi\/wp-json\/wp\/v2\/posts\/104197","targetHints":{"allow":["GET"]}}],"collection":[{"href":"https:\/\/www.europesays.com\/fi\/wp-json\/wp\/v2\/posts"}],"about":[{"href":"https:\/\/www.europesays.com\/fi\/wp-json\/wp\/v2\/types\/post"}],"author":[{"embeddable":true,"href":"https:\/\/www.europesays.com\/fi\/wp-json\/wp\/v2\/users\/2"}],"replies":[{"embeddable":true,"href":"https:\/\/www.europesays.com\/fi\/wp-json\/wp\/v2\/comments?post=104197"}],"version-history":[{"count":0,"href":"https:\/\/www.europesays.com\/fi\/wp-json\/wp\/v2\/posts\/104197\/revisions"}],"wp:featuredmedia":[{"embeddable":true,"href":"https:\/\/www.europesays.com\/fi\/wp-json\/wp\/v2\/media\/104198"}],"wp:attachment":[{"href":"https:\/\/www.europesays.com\/fi\/wp-json\/wp\/v2\/media?parent=104197"}],"wp:term":[{"taxonomy":"category","embeddable":true,"href":"https:\/\/www.europesays.com\/fi\/wp-json\/wp\/v2\/categories?post=104197"},{"taxonomy":"post_tag","embeddable":true,"href":"https:\/\/www.europesays.com\/fi\/wp-json\/wp\/v2\/tags?post=104197"}],"curies":[{"name":"wp","href":"https:\/\/api.w.org\/{rel}","templated":true}]}}