{"id":104211,"date":"2025-11-30T19:57:08","date_gmt":"2025-11-30T19:57:08","guid":{"rendered":"https:\/\/www.europesays.com\/fi\/104211\/"},"modified":"2025-11-30T19:57:08","modified_gmt":"2025-11-30T19:57:08","slug":"47-vuotias-vantaalaismies-raiskasi-15-vuotiaan-tyton-kolme-kertaa","status":"publish","type":"post","link":"https:\/\/www.europesays.com\/fi\/104211\/","title":{"rendered":"47-vuotias vantaalaismies raiskasi 15-vuotiaan tyt\u00f6n kolme kertaa"},"content":{"rendered":"<p>L\u00e4hes viisikymppinen mies juotti 15-vuotiaan tyt\u00f6n humalaan ja raiskasi kolmesti.<\/p>\n<p><img decoding=\"async\" class=\"image image-show image-preview\" src=\"https:\/\/www.europesays.com\/fi\/wp-content\/uploads\/2025\/11\/86704a378f741d93588bb340f9f2acdced1a16e30b435687ba490b12369cf3fe.jpg\" alt=\"\"\/><img decoding=\"async\" class=\"image image-show\" src=\"https:\/\/www.europesays.com\/fi\/wp-content\/uploads\/2025\/11\/1764532628_887_86704a378f741d93588bb340f9f2acdced1a16e30b435687ba490b12369cf3fe.jpg\" alt=\"\"\/><\/p>\n<p>Mies valitti tuomiostaan Helsingin hovioikeuteen, mutta perui sen ennen k\u00e4sittely\u00e4. Eevi Karvinen<\/p>\n<p class=\"paragraph\">Vantaalaismies on tuomittu nelj\u00e4ksi vuodeksi vankeuteen useista lapsenraiskauksista. Rikokset tapahtuivat yhden viikonlopun aikana elokuussa 2023.<\/p>\n<p class=\"paragraph\">47-vuotias <strong>Riku Santeri Karjalainen<\/strong> kutsui kotoa karanneen yhdeks\u00e4sluokkalaisen tyt\u00f6n asunnolleen, juotti h\u00e4net humalaan ja raiskasi.<\/p>\n<p class=\"paragraph\">Viikonlopun j\u00e4lkeen Karjalainen l\u00e4hetti tyt\u00f6lle viestej\u00e4, joissa vaati t\u00e4t\u00e4 vaikenemaan tapahtumista.<\/p>\n<p class=\"paragraph\">Tytt\u00f6 ei vaiennut. Poliisi otti Karjalaisen kiinni paria p\u00e4iv\u00e4\u00e4 my\u00f6hemmin.<\/p>\n<p class=\"paragraph\">15-vuotias tytt\u00f6 kertoi poliisikuulusteluissa olleensa itse aloitteellinen yhdynn\u00f6iss\u00e4. T\u00e4ll\u00e4 ei ole kuitenkaan merkityst\u00e4: Karjalaisen olisi aikuisena tullut kielt\u00e4yty\u00e4 seksist\u00e4 alle 16-vuotiaan lapsen kanssa.<\/p>\n<p class=\"paragraph\">It\u00e4-Uudenmaan k\u00e4r\u00e4j\u00e4oikeus katsoi Karjalaisen k\u00e4ytt\u00e4neen hyv\u00e4kseen tyt\u00f6n herkk\u00e4\u00e4 asemaa.<\/p>\n<p class=\"paragraph\">K\u00e4r\u00e4j\u00e4oikeus tuomitsi Karjalaisen kolmesta lapsenraiskauksesta ja alkoholirikoksesta nelj\u00e4ksi vuodeksi vankeuteen.<\/p>\n<p class=\"paragraph\">Karjalainen tuomittiin korvamaan uhrilleen yhteens\u00e4 12\u00a0000 euroa aiheuttamastaan k\u00e4rsimyksest\u00e4. H\u00e4net m\u00e4\u00e4r\u00e4ttiin my\u00f6s tuomiolla vangittavaksi.<\/p>\n<p class=\"paragraph\">Nyky\u00e4\u00e4n 49-vuotias Karjalainen valitti tuomiosta Helsingin hovioikeuteen, mutta perui valituksensa ennen asian k\u00e4sittely\u00e4.<\/p>\n<p class=\"paragraph\">It\u00e4-Uudenmaan k\u00e4r\u00e4j\u00e4oikeuden tuomio j\u00e4\u00e4 n\u00e4in ollen lainvoimaiseksi.<\/p>\n","protected":false},"excerpt":{"rendered":"L\u00e4hes viisikymppinen mies juotti 15-vuotiaan tyt\u00f6n humalaan ja raiskasi kolmesti. Mies valitti tuomiostaan Helsingin hovioikeuteen, mutta perui sen&hellip;\n","protected":false},"author":2,"featured_media":104212,"comment_status":"","ping_status":"","sticky":false,"template":"","format":"standard","meta":{"footnotes":""},"categories":[5],"tags":[35,22,23,26,27,33,31,30,17,2288,53,24,25,28,29,15,977,18,21,38,32,19,20,16,37],"class_list":{"0":"post-104211","1":"post","2":"type-post","3":"status-publish","4":"format-standard","5":"has-post-thumbnail","7":"category-otsikot","8":"tag-24h","9":"tag-breaking-news","10":"tag-breakingnews","11":"tag-featured-news","12":"tag-featurednews","13":"tag-fi","14":"tag-finland","15":"tag-finnish","16":"tag-headlines","17":"tag-karajaoikeus","18":"tag-laki-oikeus-ja-rikos","19":"tag-latest-news","20":"tag-latestnews","21":"tag-main-news","22":"tag-mainnews","23":"tag-news","24":"tag-oikeusistuimet","25":"tag-otsikot","26":"tag-paauutiset","27":"tag-rikos","28":"tag-suomi","29":"tag-top-stories","30":"tag-topstories","31":"tag-uutiset","32":"tag-vakivaltarikokset"},"share_on_mastodon":{"url":"https:\/\/pubeurope.com\/@fi\/115640418035104625","error":""},"_links":{"self":[{"href":"https:\/\/www.europesays.com\/fi\/wp-json\/wp\/v2\/posts\/104211","targetHints":{"allow":["GET"]}}],"collection":[{"href":"https:\/\/www.europesays.com\/fi\/wp-json\/wp\/v2\/posts"}],"about":[{"href":"https:\/\/www.europesays.com\/fi\/wp-json\/wp\/v2\/types\/post"}],"author":[{"embeddable":true,"href":"https:\/\/www.europesays.com\/fi\/wp-json\/wp\/v2\/users\/2"}],"replies":[{"embeddable":true,"href":"https:\/\/www.europesays.com\/fi\/wp-json\/wp\/v2\/comments?post=104211"}],"version-history":[{"count":0,"href":"https:\/\/www.europesays.com\/fi\/wp-json\/wp\/v2\/posts\/104211\/revisions"}],"wp:featuredmedia":[{"embeddable":true,"href":"https:\/\/www.europesays.com\/fi\/wp-json\/wp\/v2\/media\/104212"}],"wp:attachment":[{"href":"https:\/\/www.europesays.com\/fi\/wp-json\/wp\/v2\/media?parent=104211"}],"wp:term":[{"taxonomy":"category","embeddable":true,"href":"https:\/\/www.europesays.com\/fi\/wp-json\/wp\/v2\/categories?post=104211"},{"taxonomy":"post_tag","embeddable":true,"href":"https:\/\/www.europesays.com\/fi\/wp-json\/wp\/v2\/tags?post=104211"}],"curies":[{"name":"wp","href":"https:\/\/api.w.org\/{rel}","templated":true}]}}