{"id":104213,"date":"2025-11-30T20:09:12","date_gmt":"2025-11-30T20:09:12","guid":{"rendered":"https:\/\/www.europesays.com\/fi\/104213\/"},"modified":"2025-11-30T20:09:12","modified_gmt":"2025-11-30T20:09:12","slug":"auri-kananen-jakoi-perhekuvia-some-hurmaantui-ihana-vaavi","status":"publish","type":"post","link":"https:\/\/www.europesays.com\/fi\/104213\/","title":{"rendered":"Auri Kananen jakoi perhekuvia \u2013 Some hurmaantui: \u201dIhana vaavi\u201d"},"content":{"rendered":"<p>Siivouskuningatar hehkuu perheonnea uusissa kuvissaan.<\/p>\n<p><img decoding=\"async\" class=\"image image-show image-preview\" src=\"https:\/\/www.europesays.com\/fi\/wp-content\/uploads\/2025\/10\/6b33ce55a29208154bf373d7a6cef1a5849cf82e8a301119fd11121c9ca0686b.jpg\" alt=\"\"\/><img decoding=\"async\" class=\"image image-show\" src=\"https:\/\/www.europesays.com\/fi\/wp-content\/uploads\/2025\/10\/1761059108_190_6b33ce55a29208154bf373d7a6cef1a5849cf82e8a301119fd11121c9ca0686b.jpg\" alt=\"\"\/><\/p>\n<p>Auri Kanasesta on tullut \u00e4iti. Inka Soveri<\/p>\n<p class=\"paragraph\">Yritt\u00e4j\u00e4 ja somevaikuttaja <a href=\"https:\/\/www.iltalehti.fi\/henkilot\/Auri Kananen\" class=\"article-link-person-page\" rel=\"nofollow noopener\" target=\"_blank\">Auri Kananen<\/a> on julkaissut uusia perhekuvia Instagramissa. Kananen synnytti esikoisensa 9. marraskuuta.<\/p>\n<p class=\"paragraph\">Nyt siivouskuningatar esittelee uutta tulokasta seuraajilleen. Kuvissa hymyilee Kanasen <strong>Sami<\/strong>-rakas. Yhdess\u00e4 kuvassa pienokainen on Sami-is\u00e4n syliss\u00e4. Toisessa kuvassa koko perhe katsoo kohti kameraa. Vanhemmat hymyilev\u00e4t iloisina, mutta pienokainen tuijottaa silm\u00e4t py\u00f6rein\u00e4.<\/p>\n<p class=\"paragraph\">Jos p\u00e4ivitys ei n\u00e4y, voit katsoa sen <a href=\"https:\/\/www.instagram.com\/p\/DRr1DrBjOA_\/?img_index=1\" target=\"_blank\" rel=\"noopener nofollow\">t\u00e4st\u00e4<\/a>.<\/p>\n<p class=\"paragraph\">Kanasen seuraajat ovat ihastelleet perhekuvia kommenttikent\u00e4ss\u00e4.<\/p>\n<p class=\"paragraph\">\u2013 Voi miten kauniita kuvia, er\u00e4s seuraaja toteaa.<\/p>\n<p class=\"paragraph\">\u2013 Dalluriini on niin ihana vaavi, kommenteissa ihastellaan.<\/p>\n<p class=\"paragraph\">\u2013 Paljon rakkautta teid\u00e4n el\u00e4m\u00e4\u00e4n, seuraaja toivottaa.<\/p>\n<p class=\"paragraph\">\u2013 Kaunista, Instagram-seuraaja toteaa ytimekk\u00e4\u00e4sti.<\/p>\n<p>Vaikea synnytys<\/p>\n<p class=\"paragraph\">Yritt\u00e4j\u00e4n synnytys kesti 79 tuntia. H\u00e4nelle laitettiin kymmenen epiduraalia. H\u00e4nen siki\u00f6kalvonsa jouduttiin puhkomaan.<\/p>\n<p class=\"paragraph\">Synnytyksen j\u00e4lkeen terveysvaivat yltyiv\u00e4t. <a href=\"https:\/\/www.iltalehti.fi\/viihdeuutiset\/87d9d840-6ced-4888-8242-0c4c7aaf2b32\" rel=\"nofollow noopener\" target=\"_blank\">H\u00e4n muun muassa romahti neuvolan lattialle.<\/a> Paikalle jouduttiin soittamaan ambulanssi.<\/p>\n<p class=\"paragraph\">\u2013 Mulla on ollut kolme p\u00e4iv\u00e4\u00e4 pahenevaa p\u00e4\u00e4ns\u00e4rky\u00e4. Eilen y\u00f6n\u00e4 en nukkunut silm\u00e4yst\u00e4k\u00e4\u00e4n ja jouduin olemaan seisten, koska kipu oli niin kova makuultaan, Kananen kertoi somessa.<\/p>\n<p>Auri Kananen on tehnyt siivoamisesta itselleen uran. Miia Sir\u00e9n<\/p>\n<p class=\"paragraph\">Vauva-arki on muutoin ollut Kanaselle unelmien t\u00e4yttymys.<\/p>\n<p class=\"paragraph\">\u2013 Olen ihan rakastunut. Tykk\u00e4\u00e4n, kun pit\u00e4\u00e4 hoitaa kaikkia juttuja, vaihtaa vaippoja ja olla vauvan kanssa. T\u00e4m\u00e4 on t\u00e4llaista ihanaa vauvakuplaa, yritt\u00e4j\u00e4 sanoi Iltalehdelle <a href=\"https:\/\/www.iltalehti.fi\/viihdeuutiset\/c407463d-0214-4c14-8509-a35941b32b57\" rel=\"nofollow noopener\" target=\"_blank\">marraskuussa<\/a>.<\/p>\n<p class=\"paragraph\">\u2013 On sellainen ristiriitainen olo: on kipuja, mutta samalla on el\u00e4m\u00e4n onnellisinta aikaa. Se on aika erikoista.<\/p>\n<p><script async src=\"\/\/www.instagram.com\/embed.js\"><\/script><\/p>\n","protected":false},"excerpt":{"rendered":"Siivouskuningatar hehkuu perheonnea uusissa kuvissaan. Auri Kanasesta on tullut \u00e4iti. Inka Soveri Yritt\u00e4j\u00e4 ja somevaikuttaja Auri Kananen on&hellip;\n","protected":false},"author":2,"featured_media":68291,"comment_status":"","ping_status":"","sticky":false,"template":"","format":"standard","meta":{"footnotes":""},"categories":[136],"tags":[35,407,137,33,31,30,101,408,99,100,98,32,102,109],"class_list":{"0":"post-104213","1":"post","2":"type-post","3":"status-publish","4":"format-standard","5":"has-post-thumbnail","7":"category-julkkikset","8":"tag-24h","9":"tag-celebrities","10":"tag-entertainment","11":"tag-fi","12":"tag-finland","13":"tag-finnish","14":"tag-ihmissuhteet","15":"tag-julkkikset","16":"tag-lapset","17":"tag-lapset-ja-nuoret","18":"tag-perhe","19":"tag-suomi","20":"tag-vanhemmat","21":"tag-viihde"},"share_on_mastodon":{"url":"https:\/\/pubeurope.com\/@fi\/115640465411372861","error":""},"_links":{"self":[{"href":"https:\/\/www.europesays.com\/fi\/wp-json\/wp\/v2\/posts\/104213","targetHints":{"allow":["GET"]}}],"collection":[{"href":"https:\/\/www.europesays.com\/fi\/wp-json\/wp\/v2\/posts"}],"about":[{"href":"https:\/\/www.europesays.com\/fi\/wp-json\/wp\/v2\/types\/post"}],"author":[{"embeddable":true,"href":"https:\/\/www.europesays.com\/fi\/wp-json\/wp\/v2\/users\/2"}],"replies":[{"embeddable":true,"href":"https:\/\/www.europesays.com\/fi\/wp-json\/wp\/v2\/comments?post=104213"}],"version-history":[{"count":0,"href":"https:\/\/www.europesays.com\/fi\/wp-json\/wp\/v2\/posts\/104213\/revisions"}],"wp:featuredmedia":[{"embeddable":true,"href":"https:\/\/www.europesays.com\/fi\/wp-json\/wp\/v2\/media\/68291"}],"wp:attachment":[{"href":"https:\/\/www.europesays.com\/fi\/wp-json\/wp\/v2\/media?parent=104213"}],"wp:term":[{"taxonomy":"category","embeddable":true,"href":"https:\/\/www.europesays.com\/fi\/wp-json\/wp\/v2\/categories?post=104213"},{"taxonomy":"post_tag","embeddable":true,"href":"https:\/\/www.europesays.com\/fi\/wp-json\/wp\/v2\/tags?post=104213"}],"curies":[{"name":"wp","href":"https:\/\/api.w.org\/{rel}","templated":true}]}}