{"id":104219,"date":"2025-11-30T20:17:09","date_gmt":"2025-11-30T20:17:09","guid":{"rendered":"https:\/\/www.europesays.com\/fi\/104219\/"},"modified":"2025-11-30T20:17:09","modified_gmt":"2025-11-30T20:17:09","slug":"prinssi-harry-sydamen-murtavaa-on-kuulla-miehesta-joka-ei-enaa-muista-aitiaan-harry-kuitenkin-sai-muistot-takaisin","status":"publish","type":"post","link":"https:\/\/www.europesays.com\/fi\/104219\/","title":{"rendered":"Prinssi Harry: syd\u00e4men murtavaa on kuulla miehest\u00e4, joka ei en\u00e4\u00e4 muista \u00e4iti\u00e4\u00e4n. Harry kuitenkin sai muistot takaisin."},"content":{"rendered":"<p>            AOP\n        <\/p>\n<p class=\"subtitle \">Vuosikymmeniin Harry ei kyennyt ajattelemaan \u00e4iti\u00e4\u00e4n, koska muistot t\u00e4st\u00e4 olivat loppuneet. Terapia avasi padon, ja muistojen tsunami iski prinssiin.<\/p>\n<p class=\"article-content article-content-width !bg-background\">Kertaa hetki, mit\u00e4 kaikkea tied\u00e4t \u00e4idist\u00e4si. Nyt kuvittele, ett\u00e4 kaikki muistosi h\u00e4nest\u00e4 loppuisivat yht\u00e4kki\u00e4 siihen kes\u00e4\u00e4n, kun olit 12-vuotias. Mit\u00e4 tietoa j\u00e4isi j\u00e4ljelle? Milt\u00e4 ajatus tuntuu? Juuri silt\u00e4 tuntuu prinssi Harryst\u00e4 koko ajan.<\/p>\n<p class=\"font-weight-bold m-font-weight-bold article-content article-content-width !bg-background\">Arkistovideo: Mit\u00e4 mielt\u00e4 olet, onko h\u00e4n muuttunut?<\/p>\n<p class=\"article-content article-content-width !bg-background\"><a href=\"https:\/\/www.dailymail.co.uk\/news\/royals\/article-15313181\/Prince-Harry-childhood-Princess-Diana-Spare.html\" target=\"_blank\" rel=\"nofollow noopener\">Harry on kertonut muistelmissaan Varamies t\u00e4st\u00e4 tunteesta. Daily Mailin mukaan h\u00e4n kuitenkin on valehdellut asiassa hieman.<\/a><\/p>\n<p class=\"article-content article-content-width !bg-background\">\u2013 Koko ik\u00e4ni olen vastannut ihmisille, ett\u00e4 en oikein muista \u00e4iti\u00e4. En koskaan kuitenkaan kertonut kenellek\u00e4\u00e4n ihan koko kuvaa. Muistini oli kuollut.<\/p>\n<p class=\"article-content article-content-width !bg-background\">Prinssi oli vasta 12-vuotias poika, kun h\u00e4n menetti \u00e4itins\u00e4 prinsessa Dianan. L\u00e4hes 30 vuotta my\u00f6hemmin 41-vuotias prinssi on paljastanut tuskallisen totuuden. Daily Mail on koonnut kaksi vuotta sitten julkaistusta Varamiehest\u00e4 Harryn muistamisen historian.<\/p>\n<p>        <a itemprop=\"url\" href=\"https:\/\/www.seiska.fi\/kuninkaalliset\/prinssi-william-ja-prinssi-harry-perinto-lipsahti-lapi-sormien\/1895471\" rel=\"nofollow noopener\" target=\"_blank\"><\/p>\n<p>\nOho!\n<\/p>\n<p class=\"section-date\">\n        <strong class=\"article-section\" data-section=\"kuninkaalliset\"><br \/>\n            kuninkaalliset<br \/>\n        <\/strong><br \/>\n        11.8. 11:37\n    <\/p>\n<p>Prinssi William ja prinssi Harry: Perint\u00f6 lipsahti l\u00e4pi sormien\n    <\/p>\n<p itemprop=\"description\" class=\"subtitle \">\n    Aatelisilla on k\u00e4yt\u00f6ss\u00e4\u00e4n ikivanha s\u00e4\u00e4nt\u00f6, jonka seurauksena prinssit j\u00e4\u00e4v\u00e4t yll\u00e4tt\u00e4v\u00e4ll\u00e4 tavalla paitsioon.\n<\/p>\n<p>        <\/a><\/p>\n<p class=\"article-content article-content-width !bg-background\">Vaikka muisti oli rikki, kuollut, se ei j\u00e4\u00e4nyt sellaiseksi. Helpotus kuitenkin tuli ehk\u00e4 vuosikymmeni\u00e4 liian my\u00f6h\u00e4\u00e4n.<\/p>\n<p>Tuoksu avasi muistin<\/p>\n<p class=\"article-content article-content-width !bg-background\">Pitk\u00e4n, aikuisena alkaneen terapian my\u00f6t\u00e4 Harryn muisti alkoi her\u00e4t\u00e4 henkiin. Terapeutti esimerkiksi kehotti h\u00e4nt\u00e4 kantamaan mukanaan pulloa \u00e4itins\u00e4 lempiparfyymia Van Cleef &amp; Arpels -korutalon tuoksua nimelt\u00e4 First.<\/p>\n<p>        <a itemprop=\"url\" href=\"https:\/\/www.seiska.fi\/kuninkaalliset\/kuningas-kiistaa-suhteensa-prinsessa-dianaan\/1977967\" rel=\"nofollow noopener\" target=\"_blank\"><\/p>\n<p>\nPrinsessa Diana\n<\/p>\n<p class=\"section-date\">\n        <strong class=\"article-section\" data-section=\"kuninkaalliset\"><br \/>\n            kuninkaalliset<br \/>\n        <\/strong><br \/>\n        1.11. 15:00\n    <\/p>\n<p>Kuningas kiist\u00e4\u00e4 suhteensa prinsessa Dianaan\n    <\/p>\n<p itemprop=\"description\" class=\"subtitle \">\n    Dianan rakkausel\u00e4m\u00e4 on j\u00e4lleen nostettu tikun nokkaan.\n<\/p>\n<p>        <\/a><\/p>\n<p class=\"article-content article-content-width !bg-background\">Harry vertaa kirjassaan temppua hurjalla tavalla. Lopulta tutun tunteen her\u00e4tt\u00e4v\u00e4n tuoksun nuuhkaisu oli kuin &#8221;LSD-nappi&#8221;, ja tuhannet muistot alkoivat her\u00e4t\u00e4 henkiin.<\/p>\n<p class=\"article-content article-content-width !bg-background\">\u2013 Muistini her\u00e4si. Joskus n\u00e4in \u00e4itini seisomassa edess\u00e4ni. Tuhansia kuvia palasi, jotkut niin kirkkaita ja el\u00e4vi\u00e4, ett\u00e4 ne olivat kuin hologrammeja.<\/p>\n<p>Naurun \u00e4\u00e4ni ja vesis\u00e4nky<\/p>\n<p class=\"article-content article-content-width !bg-background\">Harry muistelee, kuinka h\u00e4n ja prinssi William hyppiv\u00e4t Dianan vesis\u00e4ngyll\u00e4.<\/p>\n<p>        <a itemprop=\"url\" href=\"https:\/\/www.seiska.fi\/kuninkaalliset\/camillalta-kylmaa-kyytia-dianalle-skandaali-seurapiirisynttareilla\/1896963\" rel=\"nofollow noopener\" target=\"_blank\"><\/p>\n<p>\nCamillan ja Dianan j\u00e4iset v\u00e4lit\n<\/p>\n<p class=\"section-date\">\n        <strong class=\"article-section\" data-section=\"kuninkaalliset\"><br \/>\n            kuninkaalliset<br \/>\n        <\/strong><br \/>\n        17.8. 12:00\n    <\/p>\n<p>Camillalta kylm\u00e4\u00e4 kyyti\u00e4 Dianalle \u2013 skandaali seurapiirisyntt\u00e4reill\u00e4\n    <\/p>\n<p itemprop=\"description\" class=\"subtitle \">\n    Dianan ja Camillan kohtaaminen puhutti seurapiireiss\u00e4.\n<\/p>\n<p>        <\/a><\/p>\n<p class=\"article-content article-content-width !bg-background\">\u2013 Willy ja min\u00e4 pompille vesipatjalla yl\u00f6s alas, huusimme ja nauroimme tukka pystyss\u00e4, Harry kuvaili.<\/p>\n<p class=\"article-content article-content-width !bg-background\">Murheellista on verrata rakasta muistoa isoveljest\u00e4 ja \u00e4idist\u00e4 tilanteeseen, jossa \u00e4iti on poissa ja v\u00e4lit isoveljeen k\u00e4yt\u00e4nn\u00f6ss\u00e4 poikki.<\/p>\n<p class=\"article-content article-content-width !bg-background\">Harry muistelee my\u00f6s, miten Diana t\u00e4ytti salaa h\u00e4nen sis\u00e4oppilaitokseen palatessaan lapsen sukkia Opal Fruits -makeisilla, vaikka koulu kielsi herkkujen tuomisen.<\/p>\n<p>        <a itemprop=\"url\" href=\"https:\/\/www.seiska.fi\/kuninkaalliset\/prinsessa-dianan-hautaaman-aikakapselin-sisalto-paljastui\/1913035\" rel=\"nofollow noopener\" target=\"_blank\"><\/p>\n<p>\nDiana hautasi aikakapselin\n<\/p>\n<p class=\"section-date\">\n        <strong class=\"article-section\" data-section=\"kuninkaalliset\"><br \/>\n            kuninkaalliset<br \/>\n        <\/strong><br \/>\n        31.8. 13:45\n    <\/p>\n<p>Prinsessa Dianan hautaaman aikakapselin sis\u00e4lt\u00f6 paljastui\n    <\/p>\n<p itemprop=\"description\" class=\"subtitle \">\n    Aikakapseli haudattiin sairaalan pihalle 90-luvulla.\n<\/p>\n<p>        <\/a><\/p>\n<p class=\"article-content article-content-width !bg-background\">\u2013 Nauroimme, kun tungimme makeiset syv\u00e4lle sukkaan. Min\u00e4 kiljuin, ett\u00e4 \u00e4iti, olet niin tuhma! Harry muistelee.<\/p>\n<p class=\"article-content article-content-width !bg-background\">H\u00e4n kuvaa \u00e4iti\u00e4\u00e4n t\u00e4ydelliseksi lapseksi, joka rakasti kepposia. Ja ilokseen Harry pystyy nyky\u00e4\u00e4n muistamaan \u00e4itins\u00e4 naurun.<\/p>\n<p>Sota paparazzeja vastaan<\/p>\n<p class=\"article-content article-content-width !bg-background\">Yksi voimakkaimmista muistoista oli huhtikuulta 1990, jolloin Diana, Harry ja William matkustivat lomalle yksityissaarelle. Pian valokuvaajat nousivat rantaan veneill\u00e4.<\/p>\n<p class=\"article-content article-content-width !bg-background\">Diana keksi loistavan idean.<\/p>\n<p>                <img decoding=\"async\" src=\"https:\/\/www.europesays.com\/fi\/wp-content\/uploads\/2025\/11\/2007661.webp\" width=\"576\" height=\"692\" alt=\"Viimeisi\u00e4 kuvia, mutta ei paparazzien maihinnousun torjunnasta 1990. T\u00e4m\u00e4 kuva on elokuussta 1997. Diana lomaili poikayst\u00e4v\u00e4ns\u00e4 Dodi al-Fayedin luona Nizzassa. Mahdollisesti kiusatakseen hovia tai \u00e4rsytt\u00e4\u00e4kseen paparazzeja Diana ei t\u00e4ll\u00e4 kertaa v\u00e4ltellyt heit\u00e4. H\u00e4n ja Harry ajelivat vesiskootterilla, siit\u00e4 syyst\u00e4 pelastusliivit. T\u00e4\u00e4lt\u00e4 h\u00e4n lensi Pariisiin, jossa kohtalokkaana y\u00f6n\u00e4 h\u00e4n ja Dodi pakenivat autokuskin ja henkivartijansa kanssa j\u00e4lleen kerran paparazzeja.\" loading=\"lazy\" \/>            <\/p>\n<p>\n            Viimeisi\u00e4 kuvia, mutta ei paparazzien maihinnousun torjunnasta 1990. T\u00e4m\u00e4 kuva on elokuussta 1997. Diana lomaili poikayst\u00e4v\u00e4ns\u00e4 Dodi al-Fayedin luona Nizzassa. Mahdollisesti kiusatakseen hovia tai \u00e4rsytt\u00e4\u00e4kseen paparazzeja Diana ei t\u00e4ll\u00e4 kertaa v\u00e4ltellyt heit\u00e4. H\u00e4n ja Harry ajelivat vesiskootterilla, siit\u00e4 syyst\u00e4 pelastusliivit. T\u00e4\u00e4lt\u00e4 h\u00e4n lensi Pariisiin, jossa kohtalokkaana y\u00f6n\u00e4 h\u00e4n ja Dodi pakenivat autokuskin ja henkivartijansa kanssa j\u00e4lleen kerran paparazzeja.<br \/>\n            AOP\n        <\/p>\n<p>        <a itemprop=\"url\" href=\"https:\/\/www.seiska.fi\/kuninkaalliset\/shokkipaljastus-prinsessa-dianan-viime-tunneista\/1917637\" rel=\"nofollow noopener\" target=\"_blank\"><\/p>\n<p>\nPrinsessa Diana:\n<\/p>\n<p class=\"section-date\">\n        <strong class=\"article-section\" data-section=\"kuninkaalliset\"><br \/>\n            kuninkaalliset<br \/>\n        <\/strong><br \/>\n        1.9. 19:30\n    <\/p>\n<p>Shokkipaljastus prinsessa Dianan viime tunneista\n    <\/p>\n<p itemprop=\"description\" class=\"subtitle \">\n    Kunkkukirjailija kertoo \u00e4idin ja pojan viimeisest\u00e4 keskustelusta.\n<\/p>\n<p>        <\/a><\/p>\n<p class=\"article-content article-content-width !bg-background\">\u2013 \u00c4iti rakensi nopeasti ritsan ja jakoi meid\u00e4n kolmen kesken vesipallot, joilla olimme Willyn kanssa leikkineet. Laskimme kolmeen, ja vesipalloja alkoi sataa valokuvaajien p\u00e4ihin.<\/p>\n<p class=\"article-content article-content-width !bg-background\">Harryn lis\u00e4ksi William oli innoissaan.\u00a0Dianan entinen turvap\u00e4\u00e4llikk\u00f6 Ken Wharfe on kertonut, ett\u00e4 William hehkui ylpeytt\u00e4 kerratessaan \u00e4idilleen vesipallohy\u00f6kk\u00e4yst\u00e4.<\/p>\n<p>        <a itemprop=\"url\" href=\"https:\/\/www.seiska.fi\/ulkomaat\/meghan-emamokasi-dianan-kuolintunnelissa\/1958492\" rel=\"nofollow noopener\" target=\"_blank\"><\/p>\n<p>\n&#8221;Mit\u00e4 ihmett\u00e4 h\u00e4n ajatteli&#8221;\n<\/p>\n<p class=\"section-date\">\n        <strong class=\"article-section\" data-section=\"ulkomaat\"><br \/>\n            ulkomaat<br \/>\n        <\/strong><br \/>\n        10.10. 21:00\n    <\/p>\n<p>Meghan em\u00e4mokasi Dianan kuolintunnelissa\n    <\/p>\n<p itemprop=\"description\" class=\"subtitle \">\n    Kuninkaallisasiantuntija: &#8221;Mit\u00e4 ihmett\u00e4 Meghan ajatteli julkaistessaan kohuvideon.&#8221;\n<\/p>\n<p>        <\/a><\/p>\n","protected":false},"excerpt":{"rendered":"AOP Vuosikymmeniin Harry ei kyennyt ajattelemaan \u00e4iti\u00e4\u00e4n, koska muistot t\u00e4st\u00e4 olivat loppuneet. Terapia avasi padon, ja muistojen tsunami&hellip;\n","protected":false},"author":2,"featured_media":104220,"comment_status":"","ping_status":"","sticky":false,"template":"","format":"standard","meta":{"footnotes":""},"categories":[130],"tags":[1177,19745,19748,4257,137,33,31,30,1127,212,6209,3396,19747,7626,1128,1725,1416,1724,19746,32,3393,16756,19744,19749,109],"class_list":{"0":"post-104219","1":"post","2":"type-post","3":"status-publish","4":"format-standard","5":"has-post-thumbnail","7":"category-viihde","8":"tag-aiti","9":"tag-aiti-poika-suhde","10":"tag-daily-mail","11":"tag-englannin-kuninkaallinen-perhe","12":"tag-entertainment","13":"tag-fi","14":"tag-finland","15":"tag-finnish","16":"tag-lapsi","17":"tag-lifestyle","18":"tag-muistelu","19":"tag-muisti","20":"tag-muisto","21":"tag-muistot","22":"tag-poika","23":"tag-prinsessa-diana","24":"tag-prinssi-harry","25":"tag-prinssi-william","26":"tag-stressihairio","27":"tag-suomi","28":"tag-trauma","29":"tag-traumaperainen-stressihairio","30":"tag-vanhempi","31":"tag-varamies","32":"tag-viihde"},"share_on_mastodon":{"url":"https:\/\/pubeurope.com\/@fi\/115640496585731996","error":""},"_links":{"self":[{"href":"https:\/\/www.europesays.com\/fi\/wp-json\/wp\/v2\/posts\/104219","targetHints":{"allow":["GET"]}}],"collection":[{"href":"https:\/\/www.europesays.com\/fi\/wp-json\/wp\/v2\/posts"}],"about":[{"href":"https:\/\/www.europesays.com\/fi\/wp-json\/wp\/v2\/types\/post"}],"author":[{"embeddable":true,"href":"https:\/\/www.europesays.com\/fi\/wp-json\/wp\/v2\/users\/2"}],"replies":[{"embeddable":true,"href":"https:\/\/www.europesays.com\/fi\/wp-json\/wp\/v2\/comments?post=104219"}],"version-history":[{"count":0,"href":"https:\/\/www.europesays.com\/fi\/wp-json\/wp\/v2\/posts\/104219\/revisions"}],"wp:featuredmedia":[{"embeddable":true,"href":"https:\/\/www.europesays.com\/fi\/wp-json\/wp\/v2\/media\/104220"}],"wp:attachment":[{"href":"https:\/\/www.europesays.com\/fi\/wp-json\/wp\/v2\/media?parent=104219"}],"wp:term":[{"taxonomy":"category","embeddable":true,"href":"https:\/\/www.europesays.com\/fi\/wp-json\/wp\/v2\/categories?post=104219"},{"taxonomy":"post_tag","embeddable":true,"href":"https:\/\/www.europesays.com\/fi\/wp-json\/wp\/v2\/tags?post=104219"}],"curies":[{"name":"wp","href":"https:\/\/api.w.org\/{rel}","templated":true}]}}