{"id":104230,"date":"2025-11-30T20:39:10","date_gmt":"2025-11-30T20:39:10","guid":{"rendered":"https:\/\/www.europesays.com\/fi\/104230\/"},"modified":"2025-11-30T20:39:10","modified_gmt":"2025-11-30T20:39:10","slug":"motley-cruen-nikki-sixx-en-pida-siita-jos-65-vuotias-artisti-yrittaa-kayttaytya-kuin-25-vuotias","status":"publish","type":"post","link":"https:\/\/www.europesays.com\/fi\/104230\/","title":{"rendered":"M\u00f6tley Cr\u00fcen Nikki Sixx: &#8221;En pid\u00e4 siit\u00e4, jos 65-vuotias artisti yritt\u00e4\u00e4 k\u00e4ytt\u00e4yty\u00e4 kuin 25-vuotias&#8221;"},"content":{"rendered":"<p>Tuoreessa WTHR-TV:n haastattelussa <strong>M\u00f6tley Cr\u00fce<\/strong> -basisti <strong>Nikki Sixx<\/strong>, 66, heitt\u00e4\u00e4 piikki\u00e4 sellaisten artistien suuntaan, jotka yritt\u00e4v\u00e4t esitt\u00e4\u00e4 jotain muuta kuin todellisuudessa ovat \u2013 varsinkin mit\u00e4 tulee ik\u00e4\u00e4n.<\/p>\n<p>\u201dEl\u00e4m\u00e4 muuttuu ja se on hienoa. En pid\u00e4 siit\u00e4, jos 65-vuotias artisti yritt\u00e4\u00e4 edelleen k\u00e4ytt\u00e4yty\u00e4 kuin 25-vuotias. Sellainen ei ole faneista siisti\u00e4\u201d, <a href=\"https:\/\/www.loudersound.com\/bands-artists\/motley-crue-bassist-nikki-sixx-slams-aging-rock-stars-who-are-still-trying-to-act-25\" target=\"_blank\" rel=\"noreferrer noopener nofollow\">Sixx toteaa<\/a>.<\/p>\n<p>\u201dEvoluutio on evoluutiota. Me kaikki vanhenemme, muutumme, mielenkiinnon kohteemme muuttuvat. M\u00f6tley Cr\u00fce on mielest\u00e4ni onnistunut ratsastamaan sill\u00e4 aallolla melko hyvin ja pysym\u00e4\u00e4n aitona.\u201d<\/p>\n<p>Sixxin mukaan kehitys n\u00e4kyy hyv\u00e4n\u00e4 asiana muun muassa sanoituksissa, jotka M\u00f6tley Cr\u00fcessa p\u00e4\u00e4osin basistin k\u00e4sialaa.<\/p>\n<p>\u201dLyriikkani ovat kehittyneet todella raakileista todella syd\u00e4mellisiin, mik\u00e4 juontuu ihan vain siit\u00e4, miten olen kasvanut miehen\u00e4 ja mit\u00e4 olen milloinkin kokenut mielenkiintoiseksi. Se muuttaa sanoituksia, joka taas muuttaa kappaleen idea. Home Sweet Homen lyriikat ovat ihan erilaiset kuin Shout at the Devilin. Sit\u00e4 vain kehittyy ja t\u00f6rm\u00e4\u00e4 uusiin tapoihin kirjoittaa asioita.\u201d<\/p>\n<p><img loading=\"lazy\" decoding=\"async\" alt=\"YouTube video\" width=\"480\" height=\"360\" data-pin-nopin=\"true\" nopin=\"nopin\" class=\"perfmatters-lazy\" src=\"https:\/\/www.europesays.com\/fi\/wp-content\/uploads\/2025\/11\/1764507249_769_hqdefault.jpg\"\/><\/p>\n<p>Lue my\u00f6s: <a href=\"https:\/\/www.inferno.fi\/uutiset\/sanoin-vitut-ja-tulin-takaisin-luoksenne-vince-neil-lavalla-lahes-vuoden-tauon-jalkeen\/\" title=\"\u201dSanoin \u2019vitut\u2019 ja tulin takaisin luoksenne\u201d \u2013 Vince Neil lavalla l\u00e4hes vuoden tauon j\u00e4lkeen\" class=\"underline-custom !font-montserrat !font-bold !underline-offset-4 !decoration-4 !decoration-red-600 !text-md\" rel=\"nofollow noopener\" target=\"_blank\">\u201dSanoin \u2019vitut\u2019 ja tulin takaisin luoksenne\u201d \u2013 Vince Neil lavalla l\u00e4hes vuoden tauon j\u00e4lkeen<\/a><\/p>\n<p>Lue my\u00f6s: <a href=\"https:\/\/www.inferno.fi\/uutiset\/motley-crue-laulajan-lentokone-osallisena-yhden-kuolonuhrin-vaatineessa-onnettomuudessa\/\" title=\"M\u00f6tley Cr\u00fce -laulajan lentokone osallisena yhden kuolonuhrin vaatineessa onnettomuudessa\" class=\"underline-custom !font-montserrat !font-bold !underline-offset-4 !decoration-4 !decoration-red-600 !text-md\" rel=\"nofollow noopener\" target=\"_blank\">M\u00f6tley Cr\u00fce -laulajan lentokone osallisena yhden kuolonuhrin vaatineessa onnettomuudessa<\/a><\/p>\n","protected":false},"excerpt":{"rendered":"Tuoreessa WTHR-TV:n haastattelussa M\u00f6tley Cr\u00fce -basisti Nikki Sixx, 66, heitt\u00e4\u00e4 piikki\u00e4 sellaisten artistien suuntaan, jotka yritt\u00e4v\u00e4t esitt\u00e4\u00e4 jotain&hellip;\n","protected":false},"author":2,"featured_media":104231,"comment_status":"","ping_status":"","sticky":false,"template":"","format":"standard","meta":{"footnotes":""},"categories":[132],"tags":[137,33,31,30,195,47,32,109],"class_list":{"0":"post-104230","1":"post","2":"type-post","3":"status-publish","4":"format-standard","5":"has-post-thumbnail","7":"category-musiikki","8":"tag-entertainment","9":"tag-fi","10":"tag-finland","11":"tag-finnish","12":"tag-music","13":"tag-musiikki","14":"tag-suomi","15":"tag-viihde"},"share_on_mastodon":{"url":"https:\/\/pubeurope.com\/@fi\/115640583248914205","error":""},"_links":{"self":[{"href":"https:\/\/www.europesays.com\/fi\/wp-json\/wp\/v2\/posts\/104230","targetHints":{"allow":["GET"]}}],"collection":[{"href":"https:\/\/www.europesays.com\/fi\/wp-json\/wp\/v2\/posts"}],"about":[{"href":"https:\/\/www.europesays.com\/fi\/wp-json\/wp\/v2\/types\/post"}],"author":[{"embeddable":true,"href":"https:\/\/www.europesays.com\/fi\/wp-json\/wp\/v2\/users\/2"}],"replies":[{"embeddable":true,"href":"https:\/\/www.europesays.com\/fi\/wp-json\/wp\/v2\/comments?post=104230"}],"version-history":[{"count":0,"href":"https:\/\/www.europesays.com\/fi\/wp-json\/wp\/v2\/posts\/104230\/revisions"}],"wp:featuredmedia":[{"embeddable":true,"href":"https:\/\/www.europesays.com\/fi\/wp-json\/wp\/v2\/media\/104231"}],"wp:attachment":[{"href":"https:\/\/www.europesays.com\/fi\/wp-json\/wp\/v2\/media?parent=104230"}],"wp:term":[{"taxonomy":"category","embeddable":true,"href":"https:\/\/www.europesays.com\/fi\/wp-json\/wp\/v2\/categories?post=104230"},{"taxonomy":"post_tag","embeddable":true,"href":"https:\/\/www.europesays.com\/fi\/wp-json\/wp\/v2\/tags?post=104230"}],"curies":[{"name":"wp","href":"https:\/\/api.w.org\/{rel}","templated":true}]}}