{"id":104269,"date":"2025-11-30T21:37:15","date_gmt":"2025-11-30T21:37:15","guid":{"rendered":"https:\/\/www.europesays.com\/fi\/104269\/"},"modified":"2025-11-30T21:37:15","modified_gmt":"2025-11-30T21:37:15","slug":"tekoaly-meni-merihevosesta-ihan-sekaisin-vastaus-herattaa-hilpeytta","status":"publish","type":"post","link":"https:\/\/www.europesays.com\/fi\/104269\/","title":{"rendered":"Teko\u00e4ly meni merihevosesta ihan sekaisin \u2013 Vastaus her\u00e4tt\u00e4\u00e4 hilpeytt\u00e4"},"content":{"rendered":"<p>Osa teko\u00e4lypalveluista vastaa edelleen v\u00e4\u00e4rin, jos niilt\u00e4 kysyy saman yksinkertaisen kysymyksen.<\/p>\n<p><img decoding=\"async\" class=\"image image-show image-preview\" src=\"https:\/\/www.europesays.com\/fi\/wp-content\/uploads\/2025\/11\/a7126d3f14f2b89ebbb8df3f0524cfc7cac7a90428aaf1bc099bb175a114071c.jpg\" alt=\"\"\/><img decoding=\"async\" class=\"image image-show\" src=\"https:\/\/www.europesays.com\/fi\/wp-content\/uploads\/2025\/11\/1764538635_690_a7126d3f14f2b89ebbb8df3f0524cfc7cac7a90428aaf1bc099bb175a114071c.jpg\" alt=\"\"\/><\/p>\n<p>Kokeilun perusteella ainakin Deepseek vastaa kysymykseen edelleen v\u00e4\u00e4rin. Philip Dulian\/dpa via ZUMA Press<\/p>\n<p class=\"paragraph\">Useat teko\u00e4lyt sekoavat t\u00e4ysin, jos niilt\u00e4 kysyy harmittoman oloisen kysymyksen merihevosta esitt\u00e4v\u00e4st\u00e4 emojista.<\/p>\n<p class=\"paragraph\">Ilmi\u00f6t\u00e4 on syksyn aikana kummasteltu internetiss\u00e4, mutta sille on melko yksinkertainen selitys: merihevosta esitt\u00e4v\u00e4\u00e4 emojia ei ole olemassa. Sit\u00e4 ehdotettiin emojit sis\u00e4lt\u00e4v\u00e4\u00e4n Unicode-j\u00e4rjestelm\u00e4\u00e4n vuonna 2018, mutta ehdotusta ei hyv\u00e4ksytty.<\/p>\n<p class=\"paragraph\">T\u00e4st\u00e4 huolimatta moni internetin k\u00e4ytt\u00e4j\u00e4 vannoo, ett\u00e4 merihevosemoji on olemassa, ja ett\u00e4 he ovat n\u00e4hneet sen. Ilmeisesti juuri heid\u00e4n ansiostaan teko\u00e4lyt v\u00e4itt\u00e4v\u00e4t nyt samaa.<\/p>\n<p>Muistaako joku muu?<\/p>\n<p class=\"paragraph\"><a href=\"https:\/\/metro.co.uk\/2025\/10\/09\/asked-chatgpt-a-seahorse-emoji-things-got-a-little-weird-24386161\/\" target=\"_blank\" rel=\"noopener nofollow\">Metro-lehden<\/a> mukaan olemattoman merihevosemojin taival internetiss\u00e4 alkoi ilmeisesti vuonna 2021. Er\u00e4s k\u00e4ytt\u00e4j\u00e4 kirjoitti Redditin alaosiossa nimelt\u00e4 MandelaEffect eli \u201dMandela-efekti\u201d merihevosemojista ja kysyi, muistaako joku muu sen.<\/p>\n<p class=\"paragraph\">\u201dMandela-efekti\u201d viittaa valemuistoihin, jotka ovat syyst\u00e4 tai toisesta juurtuneet monien mieleen. Ilmi\u00f6n nimi tulee Etel\u00e4-Afrikan presidentti <a href=\"https:\/\/www.iltalehti.fi\/henkilot\/Nelson Mandela\" class=\"article-link-person-page\" rel=\"nofollow noopener\" target=\"_blank\">Nelson Mandelasta<\/a>, koska jotkut muistavat virheellisesti h\u00e4nen kuolleen vankilassa 1980-luvulla.<\/p>\n<p class=\"paragraph\">Merihevosemojin muistavia k\u00e4ytt\u00e4ji\u00e4 ilmoittautui Redditiss\u00e4 kymmenitt\u00e4in. K\u00e4ytt\u00e4jill\u00e4 oli tosin vaikeuksia p\u00e4\u00e4st\u00e4 yhteisymm\u00e4rrykseen olemattoman merihevosen v\u00e4rist\u00e4.<\/p>\n<p class=\"paragraph\">Redditin sis\u00e4lt\u00f6\u00e4 on k\u00e4ytetty paljon tekstiteko\u00e4lyjen kuten Chat GPT:n kouluttamisessa. My\u00f6s merihevosemojiin liittyv\u00e4t keskustelut ovat siis suurella todenn\u00e4k\u00f6isyydell\u00e4 osa Chat GPT:n koulutusmateriaalia.<\/p>\n<p>Ei ihan nappiin<\/p>\n<p class=\"paragraph\">Muun muassa <a href=\"https:\/\/futurism.com\/chatgpt-haywire-seahorse-emoji\" target=\"_blank\" rel=\"noopener nofollow\">Futurism<\/a> ja <a href=\"https:\/\/www.makeuseof.com\/chatgpt-meltdown-hallucination-prompt\/\" target=\"_blank\" rel=\"noopener nofollow\">Make Use Of<\/a> kirjoittavat, ett\u00e4 teko\u00e4lyt v\u00e4itt\u00e4v\u00e4t virheellisesti, ett\u00e4 merihevosemoji on olemassa. Ne sanovat niin my\u00f6s silloin, kun niit\u00e4 pyyt\u00e4\u00e4 j\u00e4rkeilem\u00e4\u00e4n, eli miettim\u00e4\u00e4n asiaa syv\u00e4llisemmin.<\/p>\n<p class=\"paragraph\">Teko\u00e4lyt eiv\u00e4t kuitenkaan pysty lis\u00e4\u00e4m\u00e4\u00e4n vastaukseensa olematonta emojia. Ne saattavat vastauksessaan tyrkytt\u00e4\u00e4 k\u00e4ytt\u00e4j\u00e4lle muita emojeja, jotka esitt\u00e4v\u00e4t esimerkiksi jotain muuta el\u00e4int\u00e4.<\/p>\n<p class=\"paragraph\">Futurism lainaakin er\u00e4\u00e4n k\u00e4ytt\u00e4j\u00e4n X-p\u00e4ivityst\u00e4, jossa Chat GPT sekoaa t\u00e4ysin, kun k\u00e4ytt\u00e4j\u00e4 kysyy merihevosemojista. P\u00e4ivityksen voi katsoa alta upotteena tai <a href=\"https:\/\/x.com\/arm1st1ce\/status\/1964327067173958021\" target=\"_blank\" rel=\"noopener nofollow\">t\u00e4st\u00e4 linkist\u00e4<\/a>.<\/p>\n<p class=\"paragraph\">Iltalehti kysyi kokeiluna kolmelta eri teko \u00e4lypalvelulta, onko merihevosemojia olemassa.<\/p>\n<p class=\"paragraph\">Deepseek vastasi, ett\u00e4 merihevonen lis\u00e4ttiin emojit sis\u00e4lt\u00e4v\u00e4\u00e4n Unicodeen vuonna 2018, ja liitti vastaukseensa seepraa esitt\u00e4v\u00e4n emojin.<\/p>\n<p>\u201dHyv\u00e4 kysymys! Kyll\u00e4, merihevonen-emoji on todellakin olemassa!\u201d Kuten kuvasta n\u00e4kyy, Deepseekin vastaus ei mennyt oikein. <\/p>\n<p class=\"paragraph\"><a href=\"https:\/\/www.iltalehti.fi\/ohjelmat\/07b1e9e3-3563-4978-ba5e-96574900f360\" rel=\"nofollow noopener\" target=\"_blank\">Qwenin<\/a> mukaan puolestaan merihevosta esitt\u00e4v\u00e4 emoji luotiin vuonna 2024. Se liitti viestiins\u00e4 hylje-emojin.<\/p>\n<p class=\"paragraph\">Copilot vastasi suomeksi koralliemojilla ja sanoi, ett\u00e4 merihevosemoji on olemassa. Sen sijaan englanniksi se tiesi kertoa, ettei merihevosemojia ole, ja ett\u00e4 kyse on yleisest\u00e4 valemuistosta eli Mandela-efektist\u00e4.<\/p>\n<p class=\"paragraph\">Futurism huomauttaa, ett\u00e4 merihevosjupakka on varoittava esimerkki siit\u00e4, kuinka teko\u00e4ly haluaa enemm\u00e4nkin miellytt\u00e4\u00e4 k\u00e4ytt\u00e4j\u00e4\u00e4 kuin kertoa totuuden. Kun teko\u00e4lyjen taustalla toimivat kielimallit paisuvat, virheiden m\u00e4\u00e4r\u00e4 saattaa joidenkin tutkimusten mukaan lis\u00e4\u00e4nty\u00e4 entisest\u00e4\u00e4n.<\/p>\n","protected":false},"excerpt":{"rendered":"Osa teko\u00e4lypalveluista vastaa edelleen v\u00e4\u00e4rin, jos niilt\u00e4 kysyy saman yksinkertaisen kysymyksen. Kokeilun perusteella ainakin Deepseek vastaa kysymykseen edelleen&hellip;\n","protected":false},"author":2,"featured_media":104270,"comment_status":"","ping_status":"","sticky":false,"template":"","format":"standard","meta":{"footnotes":""},"categories":[84],"tags":[35,404,33,31,30,148,147,32,91,92,149],"class_list":{"0":"post-104269","1":"post","2":"type-post","3":"status-publish","4":"format-standard","5":"has-post-thumbnail","7":"category-teknologia","8":"tag-24h","9":"tag-elaimet","10":"tag-fi","11":"tag-finland","12":"tag-finnish","13":"tag-internet","14":"tag-internet-palvelut","15":"tag-suomi","16":"tag-technology","17":"tag-teknologia","18":"tag-tietojenkasittely-ja-informaatioteknologia"},"share_on_mastodon":{"url":"https:\/\/pubeurope.com\/@fi\/115640811445686670","error":""},"_links":{"self":[{"href":"https:\/\/www.europesays.com\/fi\/wp-json\/wp\/v2\/posts\/104269","targetHints":{"allow":["GET"]}}],"collection":[{"href":"https:\/\/www.europesays.com\/fi\/wp-json\/wp\/v2\/posts"}],"about":[{"href":"https:\/\/www.europesays.com\/fi\/wp-json\/wp\/v2\/types\/post"}],"author":[{"embeddable":true,"href":"https:\/\/www.europesays.com\/fi\/wp-json\/wp\/v2\/users\/2"}],"replies":[{"embeddable":true,"href":"https:\/\/www.europesays.com\/fi\/wp-json\/wp\/v2\/comments?post=104269"}],"version-history":[{"count":0,"href":"https:\/\/www.europesays.com\/fi\/wp-json\/wp\/v2\/posts\/104269\/revisions"}],"wp:featuredmedia":[{"embeddable":true,"href":"https:\/\/www.europesays.com\/fi\/wp-json\/wp\/v2\/media\/104270"}],"wp:attachment":[{"href":"https:\/\/www.europesays.com\/fi\/wp-json\/wp\/v2\/media?parent=104269"}],"wp:term":[{"taxonomy":"category","embeddable":true,"href":"https:\/\/www.europesays.com\/fi\/wp-json\/wp\/v2\/categories?post=104269"},{"taxonomy":"post_tag","embeddable":true,"href":"https:\/\/www.europesays.com\/fi\/wp-json\/wp\/v2\/tags?post=104269"}],"curies":[{"name":"wp","href":"https:\/\/api.w.org\/{rel}","templated":true}]}}