{"id":104280,"date":"2025-11-30T21:53:13","date_gmt":"2025-11-30T21:53:13","guid":{"rendered":"https:\/\/www.europesays.com\/fi\/104280\/"},"modified":"2025-11-30T21:53:13","modified_gmt":"2025-11-30T21:53:13","slug":"kommentti-otin-osaa-ihmiskokeeseen-jotta-helsingista-tulisi-parempi-paikka-asua-ja-elaa","status":"publish","type":"post","link":"https:\/\/www.europesays.com\/fi\/104280\/","title":{"rendered":"Kommentti: Otin osaa ihmiskokeeseen, jotta Helsingist\u00e4 tulisi parempi paikka asua ja el\u00e4\u00e4"},"content":{"rendered":"<p>Neurotieteet voivat auttaa asuinalueiden suunnittelussa, kirjoittaa erikoistoimittaja Jouko Juonala.<\/p>\n<p class=\"article-body mb-nof-24 px-nof-16\">Kukapa ei haluaisi asua vihre\u00e4ss\u00e4 ja viihtyis\u00e4ss\u00e4 kaupungissa. Min\u00e4 ainakin haluan, ja siksi suostuin vapaa\u00adehtoiseksi ihmiskokeeseen.<\/p>\n<p class=\"article-body mb-nof-24 px-nof-16\">Langaton mittauspanta p\u00e4\u00e4h\u00e4n ja matkapuhelimeen ladattu sovellus auki. Yhteyden tarkistus, ja sitten k\u00e4velylle Longin\u00adojanpuistoon Helsingin Ala-Malmilla.<\/p>\n<p class=\"article-body mb-nof-24 px-nof-16\">Pantaan kiinnitetyt sensorit mittasivat k\u00e4velyn aikana aivojeni s\u00e4hk\u00f6ist\u00e4 toimintaa. EEG-k\u00e4yr\u00e4t tallentuivat k\u00e4nnyk\u00e4n Mind\u00adMonitor-sovellukseen ja sit\u00e4 kautta tutkijoiden tietokantaan.<\/p>\n<p class=\"article-body mb-nof-24 px-nof-16\">Tein koejakson aikana kaksi kertaa 20 minuutin k\u00e4velylenkin Longin\u00adojan maisemissa. K\u00e4velyjen v\u00e4lill\u00e4 tein kolme mittausta kotona. Jokaisen mittauksen j\u00e4lkeen t\u00e4ytin kyselyn k\u00e4velyreitist\u00e4, omasta mieli\u00adalasta ja tuntemuksista sek\u00e4 mahdollisista h\u00e4iri\u00f6ist\u00e4.<\/p>\n<p class=\"article-body mb-nof-24 px-nof-16\">Kokeeseen osallistui yhteens\u00e4 50 helsinkil\u00e4ist\u00e4 viime elo-syyskuussa. Heid\u00e4n ker\u00e4\u00e4m\u00e4ns\u00e4 data on nyt tutkijoiden k\u00e4yt\u00f6ss\u00e4 pseudonymisoituna, paljastamatta koehenkil\u00f6iden oikeita nimi\u00e4.<\/p>\n<p><img decoding=\"async\" src=\"https:\/\/www.europesays.com\/fi\/wp-content\/uploads\/2025\/11\/1764539592_158_468.jpg\" alt=\"Anastasia Kokkinou ohjasi koetta Longinojanpuistossa alkusyksyst\u00e4.\" class=\"_Img_1rerz_1\" style=\"aspect-ratio:0.75\" loading=\"eager\"\/><\/p>\n<p class=\"article-picture-caption\">Anastasia Kokkinou ohjasi koetta Longinojanpuistossa alkusyksyst\u00e4. Kuva:\u00a0Neurolandscape<\/p>\n<p class=\"article-body mb-nof-24 px-nof-16\">Kokeen j\u00e4rjesti kansainv\u00e4linen Neurolandscape-hanke yhteisty\u00f6ss\u00e4 Helsingin kaupungin kanssa.<\/p>\n<p class=\"article-body mb-nof-24 px-nof-16\">Kognitiivisen neurotieteen v\u00e4it\u00f6skirjatutkija <a class=\"article-personlink\" href=\"https:\/\/www.is.fi\/haku\/?query=Anastasia%20Kokkinou\" rel=\"nofollow noopener\" target=\"_blank\">Anastasia Kokkinou<\/a> selitti, mist\u00e4 oli kyse.<\/p>\n<p class=\"article-body mb-nof-24 px-nof-16\">\u2013 Tavoitteenamme on ymm\u00e4rt\u00e4\u00e4, miten ihmisen aivot reagoivat kaupunki\u00adymp\u00e4rist\u00f6\u00f6n, jotta voimme optimoida n\u00e4it\u00e4 ymp\u00e4rist\u00f6j\u00e4 mielenterveyden edist\u00e4miseksi, Kokkinou kertoi.<\/p>\n<p class=\"article-body mb-nof-24 px-nof-16\">Lontoossa asuva Kokkinou on kotoisin Portugalista. H\u00e4n on yksi Neurolandscape-hankkeen tutkijoista.<\/p>\n<p class=\"article-body mb-nof-24 px-nof-16\">Malmilla toteutettu kentt\u00e4tutkimus on osa Euroopan unionin rahoittamaa nelivuotista GreenInCities-hanketta. Muut hankkeen p\u00e4\u00e4kohteet ovat Barcelona, Ateena, Nova Gorica ja Prato. Nova Gorica sijaitsee Sloveniassa, Prato Italiassa.<\/p>\n<p class=\"article-body mb-nof-24 px-nof-16\">Malmi on Helsingin pilottikohde GreenInCities-hankkeessa. Siihen on useita syit\u00e4, Kokkinou kertoo.<\/p>\n<p class=\"article-body mb-nof-24 px-nof-16\">\u2013 Osaa alueesta uhkaa eriytyminen, ja siell\u00e4 on rapistuvia julkisia tiloja. Longin\u00adojanpuisto on luonteva risteyskohta, jossa vanha Malmi ja uusi Malminkent\u00e4n asuin\u00adalue kohtaavat. Puisto yhdist\u00e4\u00e4 asukkaita ja madaltaa sosiaalisia aitoja.<\/p>\n<p class=\"article-body mb-nof-24 px-nof-16\">Ala-Malmi on betonibrutalistinen alue, joka on kaavoitettu 1980-luvulla. Malminkent\u00e4lle on tulossa uutta asutusta, joka rakennetaan vanhan lentokent\u00e4n alueelle. V\u00e4liss\u00e4 on pientaloja ja vihre\u00e4\u00e4.<\/p>\n<p><img decoding=\"async\" src=\"https:\/\/www.europesays.com\/fi\/wp-content\/uploads\/2025\/11\/1764539592_972_468.jpg\" alt=\"Helsinki teki entisest\u00e4 Malmin kauppalasta aluekeskuksen 1970-luvun alussa. Keskusta-alueen kaava on 1980-luvulta.\" class=\"_Img_1rerz_1\" style=\"aspect-ratio:0.6666666666666666\" loading=\"eager\"\/><\/p>\n<p class=\"article-picture-caption\">Helsinki teki entisest\u00e4 Malmin kauppalasta aluekeskuksen 1970-luvun alussa. Keskusta-alueen kaava on 1980-luvulta. Kuva:\u00a0Aleksi Jalava \/ IS<\/p>\n<p class=\"article-body mb-nof-24 px-nof-16\">Tutkimushankkeen taustalla on ilmastonmuutos.<\/p>\n<p class=\"article-body mb-nof-24 px-nof-16\">Helsinki tutkii ja kokeilee erilaisia vihre\u00e4n infrastruktuurin ratkaisuja ilmastonmuutokseen varautumista ja sopeutumista varten. Longin\u00adojan ja sit\u00e4 ymp\u00e4r\u00f6iv\u00e4n puiston kunnostuksessa tuetaan samalla alueen luonnon monimuotoisuutta. Longinojanpuistosta tulee l\u00e4hiluontokohde, asukkaiden henkireik\u00e4.<\/p>\n<p class=\"article-body mb-nof-24 px-nof-16\">EEG-mittaukset auttavat tutkijoita ymm\u00e4rt\u00e4m\u00e4\u00e4n, millaisessa ymp\u00e4rist\u00f6ss\u00e4 ihminen viihtyy. Longinojanpuistossa olo oli heti parempi kuin Ala-Malmin torilla.<\/p>\n<p class=\"article-body mb-nof-24 px-nof-16\">Kokkinou ja h\u00e4nen ty\u00f6toverinsa analysoivat parhaillaan Helsingiss\u00e4 ker\u00e4tty\u00e4 dataa. Aineiston joukossa on s\u00e4hk\u00f6ist\u00e4 k\u00e4ppyr\u00e4\u00e4 my\u00f6s minun aivoistani.<\/p>\n<p class=\"article-body mb-nof-24 px-nof-16\">Parin vuoden kuluttua tutkijat palaavat takaisin Malmille tekem\u00e4\u00e4n uudet mittaukset. Uutta aineistoa voidaan sen j\u00e4lkeen vertailla syyskes\u00e4n 2025 dataan.<\/p>\n<p class=\"article-body mb-nof-24 px-nof-16\">Kokeet sujuivat hyvin muutamia pieni\u00e4 teknisi\u00e4 ongelmia lukuun ottamatta, Kokkinou kertoi.<\/p>\n<p class=\"article-body mb-nof-24 px-nof-16\">\u2013 Yhteis\u00f6n kiinnostus oli korkealla tasolla, ja monet osallistujat kertoivat pit\u00e4neens\u00e4 koetta mielenkiintoisena ja mukaansatempaavana.<\/p>\n<p class=\"article-body mb-nof-24 px-nof-16\">Min\u00e4kin koin auttavani hyv\u00e4\u00e4 asiaa.<\/p>\n<p><img decoding=\"async\" src=\"https:\/\/www.europesays.com\/fi\/wp-content\/uploads\/2025\/11\/1764539593_709_468.jpg\" alt=\"EEG-panta tallentaa aivojen s\u00e4hk\u00f6ist\u00e4 toimintaa useilla aaltoalueilla. Yksik\u00f6t ovat mikrovoltteja.\" class=\"_Img_1rerz_1\" style=\"aspect-ratio:2\" loading=\"eager\"\/><\/p>\n<p class=\"article-picture-caption\">EEG-panta tallentaa aivojen s\u00e4hk\u00f6ist\u00e4 toimintaa useilla aaltoalueilla. Yksik\u00f6t ovat mikrovoltteja. Kuva:\u00a0MindMonitor<\/p>\n<ul class=\"mb-nof-16 px-nof-16 article-unordered-list unordered-list\">\n<li class=\"unordered-list-item\">\n<p class=\"article-body\">Neurourbanismi tutkii kaupunkiymp\u00e4rist\u00f6n vaikutusta ihmisen aivoihin, tunteisiin ja k\u00e4ytt\u00e4ytymiseen. Tutkimuksessa hy\u00f6dynnet\u00e4\u00e4n neurotieteit\u00e4 ja psykologiaa.<\/p>\n<\/li>\n<\/ul>\n<ul class=\"mb-nof-16 px-nof-16 article-unordered-list unordered-list\">\n<li class=\"unordered-list-item\">\n<p class=\"article-body\">Tavoitteena on ymm\u00e4rt\u00e4\u00e4, miten kaupunkitilan elementit \u2013 kuten rakennusten mittakaava, vihre\u00e4t alueet, melu, valaistus ja tilan avoimuus \u2013 vaikuttavat hyvinvointiin, mielialaan, stressiin ja jopa kognitiiviseen suorituskykyyn.<\/p>\n<\/li>\n<li class=\"unordered-list-item\">\n<p class=\"article-body\">Aivojen s\u00e4hk\u00f6isen toiminnan mittaus antaa aiheesta objektiivista ja vertailukelpoista tietoa. EEG-dataan yhdistet\u00e4\u00e4n tutkimuksessa tiedot koehenkil\u00f6iden kyselyvastauksista.<\/p>\n<\/li>\n<\/ul>\n","protected":false},"excerpt":{"rendered":"Neurotieteet voivat auttaa asuinalueiden suunnittelussa, kirjoittaa erikoistoimittaja Jouko Juonala. Kukapa ei haluaisi asua vihre\u00e4ss\u00e4 ja viihtyis\u00e4ss\u00e4 kaupungissa. Min\u00e4&hellip;\n","protected":false},"author":2,"featured_media":104281,"comment_status":"","ping_status":"","sticky":false,"template":"","format":"standard","meta":{"footnotes":""},"categories":[136],"tags":[407,137,33,31,30,34,408,32,109],"class_list":{"0":"post-104280","1":"post","2":"type-post","3":"status-publish","4":"format-standard","5":"has-post-thumbnail","7":"category-julkkikset","8":"tag-celebrities","9":"tag-entertainment","10":"tag-fi","11":"tag-finland","12":"tag-finnish","13":"tag-ilta-sanomat","14":"tag-julkkikset","15":"tag-suomi","16":"tag-viihde"},"share_on_mastodon":{"url":"https:\/\/pubeurope.com\/@fi\/115640874210708339","error":""},"_links":{"self":[{"href":"https:\/\/www.europesays.com\/fi\/wp-json\/wp\/v2\/posts\/104280","targetHints":{"allow":["GET"]}}],"collection":[{"href":"https:\/\/www.europesays.com\/fi\/wp-json\/wp\/v2\/posts"}],"about":[{"href":"https:\/\/www.europesays.com\/fi\/wp-json\/wp\/v2\/types\/post"}],"author":[{"embeddable":true,"href":"https:\/\/www.europesays.com\/fi\/wp-json\/wp\/v2\/users\/2"}],"replies":[{"embeddable":true,"href":"https:\/\/www.europesays.com\/fi\/wp-json\/wp\/v2\/comments?post=104280"}],"version-history":[{"count":0,"href":"https:\/\/www.europesays.com\/fi\/wp-json\/wp\/v2\/posts\/104280\/revisions"}],"wp:featuredmedia":[{"embeddable":true,"href":"https:\/\/www.europesays.com\/fi\/wp-json\/wp\/v2\/media\/104281"}],"wp:attachment":[{"href":"https:\/\/www.europesays.com\/fi\/wp-json\/wp\/v2\/media?parent=104280"}],"wp:term":[{"taxonomy":"category","embeddable":true,"href":"https:\/\/www.europesays.com\/fi\/wp-json\/wp\/v2\/categories?post=104280"},{"taxonomy":"post_tag","embeddable":true,"href":"https:\/\/www.europesays.com\/fi\/wp-json\/wp\/v2\/tags?post=104280"}],"curies":[{"name":"wp","href":"https:\/\/api.w.org\/{rel}","templated":true}]}}