{"id":104311,"date":"2025-11-30T22:50:09","date_gmt":"2025-11-30T22:50:09","guid":{"rendered":"https:\/\/www.europesays.com\/fi\/104311\/"},"modified":"2025-11-30T22:50:09","modified_gmt":"2025-11-30T22:50:09","slug":"bong-joon-ho-tekee-seuraavaksi-animaatioelokuvan-olen-keskella-hullua-tuotantoa","status":"publish","type":"post","link":"https:\/\/www.europesays.com\/fi\/104311\/","title":{"rendered":"Bong Joon-ho tekee seuraavaksi animaatioelokuvan: &#8221;Olen keskell\u00e4 hullua tuotantoa&#8221;"},"content":{"rendered":"<p>Parasitesta tunnettu korealaisohjaaja <strong>Bong Joon-ho<\/strong> aikoo seuraavaksi julkaista animaatioelokuvan.<\/p>\n<p>Bong kommentoi projektia lyhyesti Marrakechin elokuvajuhlilla, jossa h\u00e4n toimii tuomariston puheenjohtajana. H\u00e4n kertoo her\u00e4\u00e4v\u00e4ns\u00e4 aikaisin jopa festivaalin aikana, jotta elokuvan tuotanto pysyy aikataulussa.<\/p>\n<p>\u2013 Olen keskell\u00e4 hullua animaatiotuotantoa. Se on todella villi\u00e4 ja rankkaa ty\u00f6t\u00e4. Ty\u00f6skentelin jopa t\u00e4n\u00e4 aamuna hotellihuoneessani, ohjaaja kertoi.<\/p>\n<p>Bong puhui projektista ensimm\u00e4isen kerran jo vuonna 2018, heti Parasiten julkaisun j\u00e4lkeen. Elokuvan nimeksi on vahvistettu The Valley, ja sen on m\u00e4\u00e4r\u00e4 valmistua vuonna 2027.<\/p>\n<p>Yksityiskohdista ohjaaja on edelleen vaitonainen. Marrakechissa h\u00e4n toisti ainoastaan sen, mit\u00e4 juonesta jo tiedet\u00e4\u00e4n.<\/p>\n<p>\u2013 Se kertoo ainutlaatuisesta ja hauskasta suhteesta ihmiskunnan ja pienten, meren syvyyksiss\u00e4 el\u00e4vien olentojen v\u00e4lill\u00e4, Bong totesi.<\/p>\n<p>T\u00e4h\u00e4n menness\u00e4 Bong Joon-ho on ohjannut kahdeksan n\u00e4ytelty\u00e4 elokuvaa, mutta animaatio ei ole h\u00e4nelle kokonaan vierasta. Netflix-dokumentti Yellow Door: \u201990s Lo-fi Film Club paljasti, ett\u00e4 h\u00e4nen uransa ensimm\u00e4inen elokuvakokeilu oli stop motion -tekniikalla tehty animaatio.<\/p>\n<p>L\u00e4hde: <a href=\"https:\/\/deadline.com\/2025\/11\/bong-joon-ho-upcoming-animation-very-wild-tough-job-1236631084\/\" rel=\"nofollow noopener\" target=\"_blank\"><strong>Deadline<\/strong><\/a><\/p>\n<p>Lue my\u00f6s: <a href=\"https:\/\/www.episodi.fi\/uutiset\/etela-korea-satsaa-nyt-piirrettyihin-ministerio-investoi-yli-miljardin-maan-animaatioteollisuuteen\/\" title=\"Etel\u00e4-Korea satsaa nyt piirrettyihin \u2013 ministeri\u00f6 investoi yli miljardin maan animaatioteollisuuteen\" class=\"underline-custom !font-montserrat !font-bold !underline-offset-4 !decoration-4 !decoration-episodi-blue !text-md\" rel=\"nofollow noopener\" target=\"_blank\">Etel\u00e4-Korea satsaa nyt piirrettyihin \u2013 ministeri\u00f6 investoi yli miljardin maan animaatioteollisuuteen<\/a><\/p>\n<p>Lue my\u00f6s: <a href=\"https:\/\/www.episodi.fi\/uutiskirje\/?uutiskirjemainos=tekstilinkkimainos\" title=\"Tilaa Episodin uutiskirje ja voit voittaa leffalippuja! Nappaa tv-vinkit suoraan s\u00e4hk\u00f6postiin t\u00e4st\u00e4.\" class=\"underline-custom !font-montserrat !font-bold !underline-offset-4 !decoration-4 !decoration-episodi-blue !text-md\" rel=\"nofollow noopener\" target=\"_blank\">Tilaa Episodin uutiskirje ja voit voittaa leffalippuja! Nappaa katseluvinkit suoraan s\u00e4hk\u00f6postiin t\u00e4st\u00e4.<\/a><\/p>\n","protected":false},"excerpt":{"rendered":"Parasitesta tunnettu korealaisohjaaja Bong Joon-ho aikoo seuraavaksi julkaista animaatioelokuvan. Bong kommentoi projektia lyhyesti Marrakechin elokuvajuhlilla, jossa h\u00e4n toimii&hellip;\n","protected":false},"author":2,"featured_media":104312,"comment_status":"","ping_status":"","sticky":false,"template":"","format":"standard","meta":{"footnotes":""},"categories":[131],"tags":[5106,10824,155,137,33,173,31,30,172,32,109],"class_list":{"0":"post-104311","1":"post","2":"type-post","3":"status-publish","4":"format-standard","5":"has-post-thumbnail","7":"category-elokuvat","8":"tag-animaatiot","9":"tag-bong-joon-ho","10":"tag-elokuvat","11":"tag-entertainment","12":"tag-fi","13":"tag-film","14":"tag-finland","15":"tag-finnish","16":"tag-movies","17":"tag-suomi","18":"tag-viihde"},"share_on_mastodon":{"url":"https:\/\/pubeurope.com\/@fi\/115641098110269438","error":""},"_links":{"self":[{"href":"https:\/\/www.europesays.com\/fi\/wp-json\/wp\/v2\/posts\/104311","targetHints":{"allow":["GET"]}}],"collection":[{"href":"https:\/\/www.europesays.com\/fi\/wp-json\/wp\/v2\/posts"}],"about":[{"href":"https:\/\/www.europesays.com\/fi\/wp-json\/wp\/v2\/types\/post"}],"author":[{"embeddable":true,"href":"https:\/\/www.europesays.com\/fi\/wp-json\/wp\/v2\/users\/2"}],"replies":[{"embeddable":true,"href":"https:\/\/www.europesays.com\/fi\/wp-json\/wp\/v2\/comments?post=104311"}],"version-history":[{"count":0,"href":"https:\/\/www.europesays.com\/fi\/wp-json\/wp\/v2\/posts\/104311\/revisions"}],"wp:featuredmedia":[{"embeddable":true,"href":"https:\/\/www.europesays.com\/fi\/wp-json\/wp\/v2\/media\/104312"}],"wp:attachment":[{"href":"https:\/\/www.europesays.com\/fi\/wp-json\/wp\/v2\/media?parent=104311"}],"wp:term":[{"taxonomy":"category","embeddable":true,"href":"https:\/\/www.europesays.com\/fi\/wp-json\/wp\/v2\/categories?post=104311"},{"taxonomy":"post_tag","embeddable":true,"href":"https:\/\/www.europesays.com\/fi\/wp-json\/wp\/v2\/tags?post=104311"}],"curies":[{"name":"wp","href":"https:\/\/api.w.org\/{rel}","templated":true}]}}