{"id":104317,"date":"2025-11-30T22:56:21","date_gmt":"2025-11-30T22:56:21","guid":{"rendered":"https:\/\/www.europesays.com\/fi\/104317\/"},"modified":"2025-11-30T22:56:21","modified_gmt":"2025-11-30T22:56:21","slug":"kauno-pietila-kutsuttu-presidentinlinnaan-veteraanijuhlaan-uudenkaupunginsanomat","status":"publish","type":"post","link":"https:\/\/www.europesays.com\/fi\/104317\/","title":{"rendered":"Kauno Pietil\u00e4 kutsuttu Presidentinlinnaan\u2009veteraanijuhlaan | Uudenkaupunginsanomat"},"content":{"rendered":"<p>Kalantilainen <b>Kauno Pietil\u00e4<\/b> on saanut kutsun Presidentinlinnassa ensi tiistaina j\u00e4rjestett\u00e4v\u00e4\u00e4n veteraanien, lottien ja sotasukupolvien itsen\u00e4isyysjuhlaan. Vastaava juhla j\u00e4rjestettiin ensimm\u00e4ist\u00e4 kertaa viime vuonna erityisesti veteraanien toiveesta.<\/p>\n<p>Kauno Pietil\u00e4 on kutsuttu juhlaan sotaorpojen edustajana Vakka-Suomen Sotaorvot -yhdistyksen esityksest\u00e4. H\u00e4n on tehnyt ansiokasta ty\u00f6t\u00e4 sotaorpojen ja heid\u00e4n yhdistyksens\u00e4 hyv\u00e4ksi perustajaj\u00e4senen\u00e4, pysyv\u00e4n\u00e4 hallituksen j\u00e4senen\u00e4 ja nykyisen\u00e4 varapuheenjohtajana.<\/p>\n<p>H\u00e4net palkittiin viime toukokuussa my\u00f6s Kaatuneitten Omaisten Liiton ansioristill\u00e4 kiitoksena ja tunnustuksena ansiokkaasta toiminnasta kaatuneitten omaisten hyv\u00e4ksi. Sen toiminnan Kauno Pietil\u00e4 aloitti jo 12-vuotiaana, kun h\u00e4n kyyditsi \u00e4iti\u00e4\u00e4n hevosreell\u00e4 tapaamaan muita sotaleski\u00e4.<\/p>\n<p>\u2013\u2009Kutsu Presidentinlinnaan on suuri kunnianosoitus, josta olen erityisen iloinen. On hyv\u00e4 p\u00e4\u00e4st\u00e4 keskustelemaan my\u00f6s \u201disojen herrojen\u201d kanssa. Minulla on heille paljon kerrottavaa, Kauno Pietil\u00e4 kertoi juhlan aattotunnelmissa.<\/p>\n<p>Erillist\u00e4 veteraanien, lottien ja sotasukupolvien itsen\u00e4isyysjuhlaa h\u00e4n piti hyv\u00e4n\u00e4 j\u00e4rjestelyn\u00e4. Juhlassa presidenttipari tapaa kutsuvieraita ja ohjelmassa on lis\u00e4ksi musiikkia.<\/p>\n<p>T\u00e4st\u00e4 Presidentinlinnan Valtiosalissa j\u00e4rjestett\u00e4v\u00e4st\u00e4 juhlasta n\u00e4ytet\u00e4\u00e4n tunnelmia my\u00f6s itsen\u00e4isyysp\u00e4iv\u00e4n Linnan juhlien televisiol\u00e4hetyksess\u00e4.<\/p>\n<p> <b>Matti Jussila<\/b> <\/p>\n","protected":false},"excerpt":{"rendered":"Kalantilainen Kauno Pietil\u00e4 on saanut kutsun Presidentinlinnassa ensi tiistaina j\u00e4rjestett\u00e4v\u00e4\u00e4n veteraanien, lottien ja sotasukupolvien itsen\u00e4isyysjuhlaan. Vastaava juhla j\u00e4rjestettiin&hellip;\n","protected":false},"author":2,"featured_media":104318,"comment_status":"","ping_status":"","sticky":false,"template":"","format":"standard","meta":{"footnotes":""},"categories":[76],"tags":[79,77,33,31,30,32,78],"class_list":{"0":"post-104317","1":"post","2":"type-post","3":"status-publish","4":"format-standard","5":"has-post-thumbnail","7":"category-talous","8":"tag-business","9":"tag-economy","10":"tag-fi","11":"tag-finland","12":"tag-finnish","13":"tag-suomi","14":"tag-talous"},"share_on_mastodon":{"url":"https:\/\/pubeurope.com\/@fi\/115641121791888895","error":""},"_links":{"self":[{"href":"https:\/\/www.europesays.com\/fi\/wp-json\/wp\/v2\/posts\/104317","targetHints":{"allow":["GET"]}}],"collection":[{"href":"https:\/\/www.europesays.com\/fi\/wp-json\/wp\/v2\/posts"}],"about":[{"href":"https:\/\/www.europesays.com\/fi\/wp-json\/wp\/v2\/types\/post"}],"author":[{"embeddable":true,"href":"https:\/\/www.europesays.com\/fi\/wp-json\/wp\/v2\/users\/2"}],"replies":[{"embeddable":true,"href":"https:\/\/www.europesays.com\/fi\/wp-json\/wp\/v2\/comments?post=104317"}],"version-history":[{"count":0,"href":"https:\/\/www.europesays.com\/fi\/wp-json\/wp\/v2\/posts\/104317\/revisions"}],"wp:featuredmedia":[{"embeddable":true,"href":"https:\/\/www.europesays.com\/fi\/wp-json\/wp\/v2\/media\/104318"}],"wp:attachment":[{"href":"https:\/\/www.europesays.com\/fi\/wp-json\/wp\/v2\/media?parent=104317"}],"wp:term":[{"taxonomy":"category","embeddable":true,"href":"https:\/\/www.europesays.com\/fi\/wp-json\/wp\/v2\/categories?post=104317"},{"taxonomy":"post_tag","embeddable":true,"href":"https:\/\/www.europesays.com\/fi\/wp-json\/wp\/v2\/tags?post=104317"}],"curies":[{"name":"wp","href":"https:\/\/api.w.org\/{rel}","templated":true}]}}