{"id":104319,"date":"2025-11-30T22:57:09","date_gmt":"2025-11-30T22:57:09","guid":{"rendered":"https:\/\/www.europesays.com\/fi\/104319\/"},"modified":"2025-11-30T22:57:09","modified_gmt":"2025-11-30T22:57:09","slug":"sri-lankassa-kuollut-yli-330-ihmista-tulvissa-ja-mutavyoryissa","status":"publish","type":"post","link":"https:\/\/www.europesays.com\/fi\/104319\/","title":{"rendered":"Sri Lankassa kuollut yli 330 ihmist\u00e4 tulvissa ja muta\u00advy\u00f6ryiss\u00e4"},"content":{"rendered":"<p>Rajut sateet ja tulvat ovat kurittaneet muun muassa Sri Lankaa, Indonesiaa, Thaimaata ja Malesiaa.<\/p>\n<p>30.11. 13:50 | P\u00e4ivitetty 30.11. 17:39<\/p>\n<p class=\"article-body mb-nof-24 px-nof-16\">Sri Lankassa suuria osia maasta on joutunut veden alle voimakkaan syklonin, eli trooppisen hirmumyrskyn, aiheuttamien rankkasateiden takia. Tulvissa ja mutavy\u00f6ryiss\u00e4 on kuollut jo yli 330 ihmist\u00e4, kertovat paikallisviranomaiset.<\/p>\n<p class=\"article-body mb-nof-24 px-nof-16\">Kuolleiden lis\u00e4ksi noin 400 ihmist\u00e4 on kadoksissa.<\/p>\n<p class=\"article-body mb-nof-24 px-nof-16\">Maan suurin kaupunki Colombo on suurilta osin tulvaveden peitossa.<\/p>\n<p class=\"article-body mb-nof-24 px-nof-16\">\u201dVaikka sykloni on l\u00e4htenyt t\u00e4\u00e4lt\u00e4, voimakkaiden sateiden vedet yl\u00e4juoksulla virtaavat nyt Kelanijoen alajuoksulla sijaitseville alueille\u201d, kertovat viranomaiset.<\/p>\n<p class=\"article-body mb-nof-24 px-nof-16\">\u00c4\u00e4rimm\u00e4iset s\u00e4\u00e4olosuhteet ovat tuhonneet Sri Lankassa yli 25\u202f000 asuin\u00adrakennusta ja pakottaneet noin 147\u202f000 ihmist\u00e4 v\u00e4liaikaisiin suojiin. Heid\u00e4n lis\u00e4kseen miltei miljoona ihmist\u00e4 on joutunut j\u00e4tt\u00e4m\u00e4\u00e4n kotinsa.<\/p>\n<p class=\"article-body mb-nof-24 px-nof-16\">Sotilaita on m\u00e4\u00e4r\u00e4tty avustamaan muita viranomaisia ja vapaaehtoisia pelastust\u00f6iss\u00e4.<\/p>\n<p class=\"article-body mb-nof-24 px-nof-16\">Sykloni on Sri Lankan tuhoisin luonnonkatastrofi vuoden 2017 j\u00e4lkeen. Tuolloin tulvissa ja maanvy\u00f6ryiss\u00e4 kuoli yli 200 ihmist\u00e4 ja satojentuhansien oli j\u00e4tett\u00e4v\u00e4 kotinsa.<\/p>\n<p class=\"article-body mb-nof-24 px-nof-16\">Sri Lankan yli pyyhk\u00e4issyt sykloni jatkoi matkaansa Intian niemimaalle.<\/p>\n<p>Satoja kateissa Indonesiassa<\/p>\n<p class=\"article-body mb-nof-24 px-nof-16\">Sri Lankan lis\u00e4ksi rajut sateet ja tulvat ovat kurittaneet muun muassa Indonesiaa ja Thaimaata.<\/p>\n<p class=\"article-body mb-nof-24 px-nof-16\">Indonesiassa ja Thaimaassa kuolleita on yhteens\u00e4 ainakin 600, mink\u00e4 lis\u00e4ksi paljon ihmisi\u00e4 ja alueita on viel\u00e4 pelastusty\u00f6ntekij\u00f6iden saavuttamatta.<\/p>\n<p class=\"article-body mb-nof-24 px-nof-16\">Indonesiassa kuolleita on yli 440, mink\u00e4 lis\u00e4ksi kadoksissa on yh\u00e4 yli 400 ihmist\u00e4. Thaimaassa ainakin 160 ihmist\u00e4 on kuollut rankkasateiden aiheuttamien tulvien seurauksena.<\/p>\n<p class=\"article-body mb-nof-24 px-nof-16\">Tuhannet ihmiset ovat j\u00e4\u00e4neet tulvavesien saartamiksi ilman suojaa tai ruokaa. Indonesiassa Sumatran saarella oli iltap\u00e4iv\u00e4ll\u00e4 Suomen aikaa ainakin kaksi pahasti vaurioitunutta aluetta, joille pelastusviranomaiset eiv\u00e4t olleet viel\u00e4 p\u00e4\u00e4sseet.<\/p>\n<p class=\"article-body mb-nof-24 px-nof-16\">Kaakkois-Aasiassa sataa sadekausien aikana runsaasti, mutta ilmastonmuutos on tehnyt s\u00e4\u00e4ilmi\u00f6ist\u00e4 rajumpia ja arvaamattomampia.<\/p>\n","protected":false},"excerpt":{"rendered":"Rajut sateet ja tulvat ovat kurittaneet muun muassa Sri Lankaa, Indonesiaa, Thaimaata ja Malesiaa. 30.11. 13:50 | P\u00e4ivitetty&hellip;\n","protected":false},"author":2,"featured_media":104320,"comment_status":"","ping_status":"","sticky":false,"template":"","format":"standard","meta":{"footnotes":""},"categories":[14],"tags":[157,22,23,26,27,33,31,30,17,24,25,28,29,15,18,21,32,19,20,56,16,59,60,61],"class_list":{"0":"post-104319","1":"post","2":"type-post","3":"status-publish","4":"format-standard","5":"has-post-thumbnail","7":"category-ulkomaat","8":"tag-aamulehti","9":"tag-breaking-news","10":"tag-breakingnews","11":"tag-featured-news","12":"tag-featurednews","13":"tag-fi","14":"tag-finland","15":"tag-finnish","16":"tag-headlines","17":"tag-latest-news","18":"tag-latestnews","19":"tag-main-news","20":"tag-mainnews","21":"tag-news","22":"tag-otsikot","23":"tag-paauutiset","24":"tag-suomi","25":"tag-top-stories","26":"tag-topstories","27":"tag-ulkomaat","28":"tag-uutiset","29":"tag-world","30":"tag-world-news","31":"tag-worldnews"},"share_on_mastodon":{"url":"https:\/\/pubeurope.com\/@fi\/115641125710558835","error":""},"_links":{"self":[{"href":"https:\/\/www.europesays.com\/fi\/wp-json\/wp\/v2\/posts\/104319","targetHints":{"allow":["GET"]}}],"collection":[{"href":"https:\/\/www.europesays.com\/fi\/wp-json\/wp\/v2\/posts"}],"about":[{"href":"https:\/\/www.europesays.com\/fi\/wp-json\/wp\/v2\/types\/post"}],"author":[{"embeddable":true,"href":"https:\/\/www.europesays.com\/fi\/wp-json\/wp\/v2\/users\/2"}],"replies":[{"embeddable":true,"href":"https:\/\/www.europesays.com\/fi\/wp-json\/wp\/v2\/comments?post=104319"}],"version-history":[{"count":0,"href":"https:\/\/www.europesays.com\/fi\/wp-json\/wp\/v2\/posts\/104319\/revisions"}],"wp:featuredmedia":[{"embeddable":true,"href":"https:\/\/www.europesays.com\/fi\/wp-json\/wp\/v2\/media\/104320"}],"wp:attachment":[{"href":"https:\/\/www.europesays.com\/fi\/wp-json\/wp\/v2\/media?parent=104319"}],"wp:term":[{"taxonomy":"category","embeddable":true,"href":"https:\/\/www.europesays.com\/fi\/wp-json\/wp\/v2\/categories?post=104319"},{"taxonomy":"post_tag","embeddable":true,"href":"https:\/\/www.europesays.com\/fi\/wp-json\/wp\/v2\/tags?post=104319"}],"curies":[{"name":"wp","href":"https:\/\/api.w.org\/{rel}","templated":true}]}}