{"id":104321,"date":"2025-11-30T22:58:10","date_gmt":"2025-11-30T22:58:10","guid":{"rendered":"https:\/\/www.europesays.com\/fi\/104321\/"},"modified":"2025-11-30T22:58:10","modified_gmt":"2025-11-30T22:58:10","slug":"loimaalla-raju-nokkakolari-yksi-kuollut-ja-toinen-vakavasti-loukkaantunut","status":"publish","type":"post","link":"https:\/\/www.europesays.com\/fi\/104321\/","title":{"rendered":"Loimaalla raju nokkakolari: yksi kuollut ja toinen vakavasti loukkaantunut"},"content":{"rendered":"<p>Loimaalla ysitien ja Mellil\u00e4ntien risteyksess\u00e4 sattui kahden auton nokkakolari.<\/p>\n<p>30.11. 18:44<\/p>\n<p class=\"article-body mb-nof-24 px-nof-16\">Loimaa<\/p>\n<p class=\"article-body mb-nof-24 px-nof-16\">Kaksi autoa t\u00f6rm\u00e4si sunnuntaina toisiinsa kello 15.51 Loimaalla. Onnettomuus sattui valtatie 9:n ja Mellil\u00e4ntien risteyksess\u00e4. Toinen auto suistui t\u00f6rm\u00e4yksen j\u00e4lkeen ojaan. Onnettomuudesta kertoo Lounais-Suomen poliisi tiedotteessa.<\/p>\n<p class=\"article-body mb-nof-24 px-nof-16\">Poliisin mukaan toisessa kolariautossa oli onnettomuushetkell\u00e4 kaksi i\u00e4k\u00e4st\u00e4 henkil\u00f6\u00e4. Heist\u00e4 toinen kuoli ja toinen loukkaantui hyvin vakavasti. Loukkaantunut vietiin sairaalaan.<\/p>\n<p class=\"article-body mb-nof-24 px-nof-16\">Toisessa autossa oli 18-vuotias kuljettaja, joka loukkaantui liev\u00e4sti.<\/p>\n<p class=\"article-body mb-nof-24 px-nof-16\">Poliisi tutkii onnettomuuden syyt\u00e4. Tapausta tutkitaan alustavasti t\u00f6rke\u00e4n\u00e4 liikenneturvallisuuden vaarantamisena ja kuolemantuottamuksena.<\/p>\n<p class=\"article-body mb-nof-24 px-nof-16\">Poliisin mukaan asiasta tiedotetaan lis\u00e4\u00e4 aikaisintaan maanantaina.<\/p>\n<p><img decoding=\"async\" src=\"https:\/\/www.europesays.com\/fi\/wp-content\/uploads\/2025\/11\/1764543490_188_468.jpg\" alt=\"Paikalla oli runsaasti pelastushenkil\u00f6st\u00f6\u00e4.\" class=\"_Img_1rerz_1\" style=\"aspect-ratio:1.5058823529411764\" loading=\"eager\"\/><\/p>\n<p class=\"article-picture-caption\">Paikalla oli runsaasti pelastushenkil\u00f6st\u00f6\u00e4. Kuva:\u00a0Lukijan kuva<\/p>\n","protected":false},"excerpt":{"rendered":"Loimaalla ysitien ja Mellil\u00e4ntien risteyksess\u00e4 sattui kahden auton nokkakolari. 30.11. 18:44 Loimaa Kaksi autoa t\u00f6rm\u00e4si sunnuntaina toisiinsa kello&hellip;\n","protected":false},"author":2,"featured_media":104322,"comment_status":"","ping_status":"","sticky":false,"template":"","format":"standard","meta":{"footnotes":""},"categories":[12],"tags":[22,23,26,27,33,31,30,17,24,25,28,29,15,18,21,80,32,19,20,16],"class_list":{"0":"post-104321","1":"post","2":"type-post","3":"status-publish","4":"format-standard","5":"has-post-thumbnail","7":"category-suomi","8":"tag-breaking-news","9":"tag-breakingnews","10":"tag-featured-news","11":"tag-featurednews","12":"tag-fi","13":"tag-finland","14":"tag-finnish","15":"tag-headlines","16":"tag-latest-news","17":"tag-latestnews","18":"tag-main-news","19":"tag-mainnews","20":"tag-news","21":"tag-otsikot","22":"tag-paauutiset","23":"tag-satakunnan-kansa","24":"tag-suomi","25":"tag-top-stories","26":"tag-topstories","27":"tag-uutiset"},"share_on_mastodon":{"url":"https:\/\/pubeurope.com\/@fi\/115641129902142674","error":""},"_links":{"self":[{"href":"https:\/\/www.europesays.com\/fi\/wp-json\/wp\/v2\/posts\/104321","targetHints":{"allow":["GET"]}}],"collection":[{"href":"https:\/\/www.europesays.com\/fi\/wp-json\/wp\/v2\/posts"}],"about":[{"href":"https:\/\/www.europesays.com\/fi\/wp-json\/wp\/v2\/types\/post"}],"author":[{"embeddable":true,"href":"https:\/\/www.europesays.com\/fi\/wp-json\/wp\/v2\/users\/2"}],"replies":[{"embeddable":true,"href":"https:\/\/www.europesays.com\/fi\/wp-json\/wp\/v2\/comments?post=104321"}],"version-history":[{"count":0,"href":"https:\/\/www.europesays.com\/fi\/wp-json\/wp\/v2\/posts\/104321\/revisions"}],"wp:featuredmedia":[{"embeddable":true,"href":"https:\/\/www.europesays.com\/fi\/wp-json\/wp\/v2\/media\/104322"}],"wp:attachment":[{"href":"https:\/\/www.europesays.com\/fi\/wp-json\/wp\/v2\/media?parent=104321"}],"wp:term":[{"taxonomy":"category","embeddable":true,"href":"https:\/\/www.europesays.com\/fi\/wp-json\/wp\/v2\/categories?post=104321"},{"taxonomy":"post_tag","embeddable":true,"href":"https:\/\/www.europesays.com\/fi\/wp-json\/wp\/v2\/tags?post=104321"}],"curies":[{"name":"wp","href":"https:\/\/api.w.org\/{rel}","templated":true}]}}