{"id":104323,"date":"2025-11-30T22:59:11","date_gmt":"2025-11-30T22:59:11","guid":{"rendered":"https:\/\/www.europesays.com\/fi\/104323\/"},"modified":"2025-11-30T22:59:11","modified_gmt":"2025-11-30T22:59:11","slug":"hs-huumeidenkayttajat-piinaavat-helsinkilaista-tornitaloa","status":"publish","type":"post","link":"https:\/\/www.europesays.com\/fi\/104323\/","title":{"rendered":"HS: Huumeidenk\u00e4ytt\u00e4j\u00e4t piinaavat helsinkil\u00e4ist\u00e4 tornitaloa"},"content":{"rendered":"<p>Helsinkil\u00e4ist\u00e4 tornitaloa piinaa uusi ongelma, uutisoi Helsingin Sanomat.<\/p>\n<p><img decoding=\"async\" class=\"image image-show image-preview\" src=\"https:\/\/www.europesays.com\/fi\/wp-content\/uploads\/2025\/11\/239b07e2e858bf1ca83697f0bd7ec2fb7fb9f8aefa1a2913e263bd6e0d2adb4d.jpg\" alt=\"\"\/><img decoding=\"async\" class=\"image image-show\" src=\"https:\/\/www.europesays.com\/fi\/wp-content\/uploads\/2025\/11\/1764543551_463_239b07e2e858bf1ca83697f0bd7ec2fb7fb9f8aefa1a2913e263bd6e0d2adb4d.jpg\" alt=\"\"\/><\/p>\n<p>Tornitaloista ensimm\u00e4inen valmistui Kalasatamaan vuonna 2019. Arkistokuva. Antti Nikkanen<\/p>\n<p class=\"paragraph\">V\u00e4kisin sis\u00e4\u00e4n pyrkiv\u00e4t huumeidenk\u00e4ytt\u00e4j\u00e4t aiheuttavat ongelmia kalliissa vuokrakohteessa Helsingiss\u00e4, <a href=\"https:\/\/www.hs.fi\/helsinki\/art-2000011656562.html\" target=\"_blank\" rel=\"noopener nofollow\">Helsingin Sanomat<\/a> (HS) kertoo.<\/p>\n<p class=\"paragraph\">HS:n mukaan kyseess\u00e4 on Kalasatamassa sijaitseva Visio-tornitalo, joka valmistui vuonna 2023.<\/p>\n<p class=\"paragraph\">Nimett\u00f6m\u00e4n\u00e4 lehdelle puhuva asukas kertoo, ett\u00e4 rappuun on murtautunut tai p\u00e4\u00e4ssyt huumeidenk\u00e4ytt\u00e4ji\u00e4 useita kertoja.<\/p>\n<p class=\"paragraph\">Asukas kertoo lehdelle tapauksesta, joka sattui kuluneella viikolla. H\u00e4nen mukaansa sekavasti k\u00e4ytt\u00e4ytynyt mies huusi ja repi vaatteita p\u00e4\u00e4lt\u00e4\u00e4n rapussa.<\/p>\n<p class=\"paragraph\">\u2013 Mies sanoi k\u00e4ytt\u00e4neens\u00e4 peukkua, asukas sanoo HS:lle.<\/p>\n<p class=\"paragraph\">HS kertoo, ett\u00e4 talon tiloja on sotkettu ja rikottu. Kes\u00e4ll\u00e4 talon hissi spraymaalattiin lehden mukaan kokonaan punaiseksi.<\/p>\n<p class=\"paragraph\">Asukas kertoo yll\u00e4ttyneens\u00e4 kalliin vuokrakohteen ongelmista. HS:n mukaan esimerkiksi kaksion vuokra on noin 1\u00a0200\u20131\u00a0400 euroa eli enemm\u00e4n kuin vuokrataso Helsingiss\u00e4 keskim\u00e4\u00e4rin.<\/p>\n<p class=\"paragraph\">Taloyhti\u00f6ss\u00e4 on puututtu ilkivaltaan ja tehostettu vartiointia, markkinointijohtaja <strong>Katja Laur\u00e9n<\/strong> Retta Managementista kertoo HS:lle s\u00e4hk\u00f6postitse.<\/p>\n<p class=\"paragraph\">\u2013 Seuraamme tilannetta aktiivisesti ja teemme parannuksia, jos ep\u00e4kohtia ilmenee. Kiinnit\u00e4mme my\u00f6s erityist\u00e4 huomiota vuokralaisvalintoihin, Laur\u00e9n kertoo HS:lle.<\/p>\n<p>Huume aiheuttaa huolta<\/p>\n<p class=\"paragraph\">Visio-tornitalo oli alkuvuodesta otsikoissa toisenlaisen tilanteen vuoksi.<\/p>\n<p class=\"paragraph\">Poliisille <a href=\"https:\/\/www.iltalehti.fi\/kotimaa\/56be5b6d-0ffd-4f9d-9640-d547a9e5dae2\" rel=\"nofollow noopener\" target=\"_blank\">tehtiin ainakin yksi rikosilmoitus droonista<\/a>, joka kuvasi sis\u00e4\u00e4n asuntoihin.<\/p>\n<p class=\"paragraph\">Videot eiv\u00e4t p\u00e4\u00e4tyneet ainoastaan kuvaajan tai kuvaajien k\u00e4ytt\u00f6\u00f6n, vaan asukkaat olivat l\u00f6yt\u00e4neet niit\u00e4 my\u00f6hemmin Tiktokista.<\/p>\n<p class=\"paragraph\">Peukku eli alfa-PVP-muuntohuume on ollut t\u00e4n\u00e4 vuonna paljon otsikoissa. Kyseess\u00e4 on eritt\u00e4in voimakasta riippuvuutta aiheuttava p\u00e4ihde.<\/p>\n<p class=\"paragraph\">Peukun yleistyminen her\u00e4tt\u00e4\u00e4 huolta monilla alueilla Helsingiss\u00e4. Arvoalueena tunnetun Etu-T\u00f6\u00f6l\u00f6n asukkaat <a href=\"https:\/\/www.iltalehti.fi\/kotimaa\/8e9c0a73-2109-4c1d-8d8f-b2af7a90240e\" rel=\"nofollow noopener\" target=\"_blank\">kertoivat kes\u00e4ll\u00e4 Iltalehdelle<\/a>, ett\u00e4 huumeongelma on alueella arkip\u00e4iv\u00e4\u00e4.<\/p>\n<p class=\"paragraph\">Kalliosta puolestaan <a href=\"https:\/\/www.iltalehti.fi\/kotimaa\/f8ef06c7-029e-411f-a657-0d7151a0a5aa\" rel=\"nofollow noopener\" target=\"_blank\">on vedottu p\u00e4\u00e4tt\u00e4jiin<\/a>, jotta tilanne saataisiin kuriin. Alueella pel\u00e4t\u00e4\u00e4n, ett\u00e4 huumeongelma pahenee entisest\u00e4\u00e4n tai muuttuu pysyv\u00e4ksi.<\/p>\n","protected":false},"excerpt":{"rendered":"Helsinkil\u00e4ist\u00e4 tornitaloa piinaa uusi ongelma, uutisoi Helsingin Sanomat. Tornitaloista ensimm\u00e4inen valmistui Kalasatamaan vuonna 2019. Arkistokuva. Antti Nikkanen V\u00e4kisin&hellip;\n","protected":false},"author":2,"featured_media":104324,"comment_status":"","ping_status":"","sticky":false,"template":"","format":"standard","meta":{"footnotes":""},"categories":[5],"tags":[35,36,542,22,23,26,27,33,31,30,17,24,25,28,29,15,18,21,122,54,52,32,19,20,16],"class_list":{"0":"post-104323","1":"post","2":"type-post","3":"status-publish","4":"format-standard","5":"has-post-thumbnail","7":"category-otsikot","8":"tag-24h","9":"tag-asuintalot-ja-asunnot","10":"tag-asuminen","11":"tag-breaking-news","12":"tag-breakingnews","13":"tag-featured-news","14":"tag-featurednews","15":"tag-fi","16":"tag-finland","17":"tag-finnish","18":"tag-headlines","19":"tag-latest-news","20":"tag-latestnews","21":"tag-main-news","22":"tag-mainnews","23":"tag-news","24":"tag-otsikot","25":"tag-paauutiset","26":"tag-pelastaminen","27":"tag-pelastuspalvelut","28":"tag-poliisi","29":"tag-suomi","30":"tag-top-stories","31":"tag-topstories","32":"tag-uutiset"},"share_on_mastodon":{"url":"https:\/\/pubeurope.com\/@fi\/115641134086805690","error":""},"_links":{"self":[{"href":"https:\/\/www.europesays.com\/fi\/wp-json\/wp\/v2\/posts\/104323","targetHints":{"allow":["GET"]}}],"collection":[{"href":"https:\/\/www.europesays.com\/fi\/wp-json\/wp\/v2\/posts"}],"about":[{"href":"https:\/\/www.europesays.com\/fi\/wp-json\/wp\/v2\/types\/post"}],"author":[{"embeddable":true,"href":"https:\/\/www.europesays.com\/fi\/wp-json\/wp\/v2\/users\/2"}],"replies":[{"embeddable":true,"href":"https:\/\/www.europesays.com\/fi\/wp-json\/wp\/v2\/comments?post=104323"}],"version-history":[{"count":0,"href":"https:\/\/www.europesays.com\/fi\/wp-json\/wp\/v2\/posts\/104323\/revisions"}],"wp:featuredmedia":[{"embeddable":true,"href":"https:\/\/www.europesays.com\/fi\/wp-json\/wp\/v2\/media\/104324"}],"wp:attachment":[{"href":"https:\/\/www.europesays.com\/fi\/wp-json\/wp\/v2\/media?parent=104323"}],"wp:term":[{"taxonomy":"category","embeddable":true,"href":"https:\/\/www.europesays.com\/fi\/wp-json\/wp\/v2\/categories?post=104323"},{"taxonomy":"post_tag","embeddable":true,"href":"https:\/\/www.europesays.com\/fi\/wp-json\/wp\/v2\/tags?post=104323"}],"curies":[{"name":"wp","href":"https:\/\/api.w.org\/{rel}","templated":true}]}}