{"id":104327,"date":"2025-11-30T23:11:14","date_gmt":"2025-11-30T23:11:14","guid":{"rendered":"https:\/\/www.europesays.com\/fi\/104327\/"},"modified":"2025-11-30T23:11:14","modified_gmt":"2025-11-30T23:11:14","slug":"bond-tahti-rami-malek-on-hiljainen-suhteistaan-eroaa-vaieten-ja-deittaili-kolmessa-paivassa-kahden-naisen-kanssa","status":"publish","type":"post","link":"https:\/\/www.europesays.com\/fi\/104327\/","title":{"rendered":"Bond-t\u00e4hti Rami Malek on hiljainen suhteistaan, eroaa vaieten ja deittaili kolmessa p\u00e4iv\u00e4ss\u00e4 kahden naisen kanssa"},"content":{"rendered":"<p>            AOP\n        <\/p>\n<p class=\"subtitle \">\u00c4ly, hyv\u00e4t roolity\u00f6t ja vangitseva ulkon\u00e4k\u00f6 ovat siirtolaisvanhempien pojan valttikortteja.<\/p>\n<p class=\"article-content article-content-width !bg-background\">Bond-pahiksena ja  n\u00e4hty n\u00e4yttelij\u00e4  on korostetun salamyhk\u00e4inen naisasioissaan.<\/p>\n<p>Arkistovideo: foliohattuteoriaa Hollywood-t\u00e4hdist\u00e4<\/p>\n<p class=\"article-content article-content-width !bg-background\">H\u00e4net kuitenkin bongattiin viikossa per\u00e4ti kaksilta treffeilt\u00e4 eri naisten kanssa. Nyt kysell\u00e4\u00e4nkin, oli kyse lipsahduksista paparazzien edess\u00e4 vai tarkoituksellinen temppu.<\/p>\n<p class=\"article-content article-content-width !bg-background\">Vienti\u00e4 Ramilla riitt\u00e4isi. 44-vuotias n\u00e4yttelij\u00e4 on jo multimiljon\u00e4\u00e4ri. Ulkon\u00e4k\u00f6 on monia vieh\u00e4tt\u00e4v\u00e4ll\u00e4 tavalla poikkeuksellinen, ja h\u00e4n kantaa my\u00f6s \u00e4lyk\u00f6n viittaa.<\/p>\n<p class=\"article-content article-content-width !bg-background\">Menestys on ollut satumaista. L\u00e4pimurtoelokuva toi heti p\u00e4\u00e4osa-Oscarin laulajat\u00e4hden roolista, ja viimeiseksi j\u00e4\u00e4neess\u00e4 James Bondista kertovassa elokuvassa h\u00e4n veti pahisroolissaan vertoja jopa hyyt\u00e4v\u00e4lle .<\/p>\n<p>Hiipuu suhteista kuin haamu<\/p>\n<p class=\"article-content article-content-width !bg-background\">Ramin kaksi edellist\u00e4 vakavaa suhdetta ovat molemmat p\u00e4\u00e4ttyneet julkisuudelta piilossa, vaika h\u00e4n on tuonut suhteiden alut n\u00e4kyville.<\/p>\n<p class=\"article-content article-content-width !bg-background\">Bohemian Rhapsodyn kuvauksissa 2017 Rami tapasi brittin\u00e4yttelij\u00e4 .\u00a0<\/p>\n<p>                <img decoding=\"async\" src=\"https:\/\/www.europesays.com\/fi\/wp-content\/uploads\/2025\/11\/2006798.webp\" width=\"576\" height=\"720\" alt=\"Lucy ja Rami olivat n\u00e4ytt\u00e4v\u00e4 pari. Eron syyt\u00e4 ei kuitenkaan tiedet\u00e4. Kuva on vuodelta 2020, pari vuotta ennen eroa otettu.\" loading=\"lazy\" \/>            <\/p>\n<p>\n            Lucy ja Rami olivat n\u00e4ytt\u00e4v\u00e4 pari. Eron syyt\u00e4 ei kuitenkaan tiedet\u00e4. Kuva on vuodelta 2020, pari vuotta ennen eroa otettu.<br \/>\n            RINGO CHIU\n        <\/p>\n<p class=\"article-content article-content-width !bg-background\">Joulukuussa 2022 Rami n\u00e4ytt\u00e4ytyi pari kertaa yhdess\u00e4 No Time to Die -Bond-leffakollegansa  seurassa, ja media oli tulla hulluksi tiedonpuutteesta. Ei v\u00e4hiten siksi, ett\u00e4 Lea ja Lucy ovat h\u00e4mment\u00e4v\u00e4n yhdenn\u00e4k\u00f6isi\u00e4.<\/p>\n<p class=\"article-content article-content-width !bg-background\">Parin vain todettiin eroneen &#8221;todenn\u00e4k\u00f6isesti vuoden 2023 alussa&#8221; eli Ramin ja lean yhteisn\u00e4ytt\u00e4ytymisten j\u00e4lkeen. Arvio kuitenkin ilmestyi viihdemediaan vasta elokuussa.<\/p>\n<p>        <a itemprop=\"url\" href=\"https:\/\/www.seiska.fi\/katso\/mita-ihmetta-donald-trump-painostaa-hollywood-pomoja\/2003721\" rel=\"nofollow noopener\" target=\"_blank\"><\/p>\n<p>\nDonald Trump\n<\/p>\n<p class=\"section-date\">\n        <strong class=\"article-section\" data-section=\"katso\"><br \/>\n            katso<br \/>\n        <\/strong><br \/>\n        26.11. 12:15\n    <\/p>\n<p>Mit\u00e4 ihmett\u00e4? Donald Trump painostaa Hollywood-pomoja\n    <\/p>\n<p itemprop=\"description\" class=\"subtitle \">\n    Yhdysvaltain presidentti haluaa n\u00e4hd\u00e4 lis\u00e4\u00e4 tietyntyyppisi\u00e4 elokuvia.\n<\/p>\n<p>        <\/a><\/p>\n<p class=\"article-content article-content-width !bg-background\">Syyskes\u00e4ll\u00e4 2023 Lucy ja Lea ovat molemmat kuitenkin mennytt\u00e4. Tuolloin h\u00e4n suutelee kameroiden edess\u00e4 .<\/p>\n<p class=\"article-content article-content-width !bg-background\">Emman kanssa Rami eteni viel\u00e4 ripe\u00e4mmin, mutta aivan yht\u00e4lailla stealth-parisuhdestatuksessa.<\/p>\n<p>                <img decoding=\"async\" src=\"https:\/\/www.europesays.com\/fi\/wp-content\/uploads\/2025\/11\/2006800.webp\" width=\"576\" height=\"346\" alt=\"T\u00e4ss\u00e4 ollaan viel\u00e4 Emman ja Ramin suhteen aivan alussa. Syyskuussa 2023 pari oli US Open -kisakatsomossa, mutta eniten heit\u00e4 kiinnostivat yhteiset jutut.\" loading=\"lazy\" \/>            <\/p>\n<p>\n            T\u00e4ss\u00e4 ollaan viel\u00e4 Emman ja Ramin suhteen aivan alussa. Syyskuussa 2023 pari oli US Open -kisakatsomossa, mutta eniten heit\u00e4 kiinnostivat yhteiset jutut.<br \/>\n            Stella Pictures\n        <\/p>\n<p class=\"article-content article-content-width !bg-background\">Viel\u00e4 tammikuussa n\u00e4yttelij\u00e4 kertoi Emman, &#8221;partnerinsa&#8221; olevan &#8221;kiehtovan&#8221; ja &#8221;erikoisen&#8221;. Huhtikuussa \u00e4\u00e4ni oli jo toinen. Kuun puoliv\u00e4liss\u00e4 media kertoi parin olevan eronneen.<\/p>\n<p class=\"article-content article-content-width !bg-background\">J\u00e4lleen asia oli l\u00e4hteiden mukaan tapahtunut &#8221;jokin aika sitten&#8221;. Ja j\u00e4lleen vailla mit\u00e4\u00e4n draamaa, vailla mit\u00e4\u00e4n julkista kannanottoa, vain yhteisesiintymisten loppumisen perusteella ja nimett\u00f6mien l\u00e4hipiiril\u00e4hteiden lausuntojen perusteella.<\/p>\n<p>        <a itemprop=\"url\" href=\"https:\/\/www.seiska.fi\/ulkomaat\/american-pie-kaunotar-heratti-huolen-kuva\/2003008\" rel=\"nofollow noopener\" target=\"_blank\"><\/p>\n<p>\nAmerican pie -kaunotar\n<\/p>\n<p class=\"section-date\">\n        <strong class=\"article-section\" data-section=\"ulkomaat\"><br \/>\n            ulkomaat<br \/>\n        <\/strong><br \/>\n        25.11. 20:00\n    <\/p>\n<p>American pie -kaunotar her\u00e4tti huolen \u2013 kuva\n    <\/p>\n<p itemprop=\"description\" class=\"subtitle \">\n    N\u00e4yttelij\u00e4kaunotar kuvattiin l\u00e4hes tajuttomama.\n<\/p>\n<p>        <\/a><\/p>\n<p class=\"article-content article-content-width !bg-background\">Kumpikin n\u00e4kemys suhteen p\u00e4\u00e4ttymisest\u00e4 on ilmeisesti ollut oikea, sill\u00e4 parit eiv\u00e4t sen j\u00e4lkeen ole julkisesti olleet yhteydess\u00e4 eiv\u00e4tk\u00e4 varsinkaan osoittaneet hellyytt\u00e4 toisilleen julkisesti.<\/p>\n<p>Treffailun superviikko<\/p>\n<p class=\"article-content article-content-width !bg-background\">Stealth-deittailija Rami piti viime viikolla vauhtia yll\u00e4.<\/p>\n<p class=\"article-content article-content-width !bg-background\">Sunnuntaina 23.11. h\u00e4net kuvattiin hengailemassa puvustussuunnittelija Megan Bowmanin kanssa.<\/p>\n<p class=\"article-content article-content-width !bg-background\">Leffa-ammattilaiset bongattiin sopivasti Film Cityst\u00e4, Los Angelesin kaupunginosasta, joka tunnetaan paitsi rauhallisena naapurustona, my\u00f6s trendikk\u00e4ist\u00e4 kahviloista ja ravintoloista. Ennen kaikkea alue on kuitenkin kuuluisa nimens\u00e4 mukaisesti tv- ja elokuvatuotannosta.<\/p>\n<p>                <img decoding=\"async\" src=\"https:\/\/www.europesays.com\/fi\/wp-content\/uploads\/2025\/11\/2006706.webp\" width=\"576\" height=\"528\" alt=\"Studios Cityyn Megan ja Bowman tulivat maanviljelij\u00f6iden torin vuoksi. Mukaan Meganille tarttui pienen yksi\u00f6n t\u00e4ytt\u00e4v\u00e4 kimppu leikkokukkia.\" loading=\"lazy\" \/>            <\/p>\n<p>\n            Studios Cityyn Megan ja Bowman tulivat maanviljelij\u00f6iden torin vuoksi. Mukaan Meganille tarttui pienen yksi\u00f6n t\u00e4ytt\u00e4v\u00e4 kimppu leikkokukkia.<br \/>\n            AOP\n        <\/p>\n<p class=\"article-content article-content-width !bg-background\">Paria ei kuitenkaan n\u00e4hty t\u00f6iden parissa. P\u00e4in vastoin, he pist\u00e4ytyiv\u00e4t kaupunginosan vain sunnuntaisin auki olevalla Farmers Marketilla, ruoan ja k\u00e4sit\u00f6iden sek\u00e4 ruokakioskien kauppatorilla.<\/p>\n<p>        <a itemprop=\"url\" href=\"https:\/\/www.seiska.fi\/ulkomaat\/raju-yksityiskohta-angelina-jolien-ja-billy-bob-thorntonin-suhteesta-uutta-tietoa\/1996655\" rel=\"nofollow noopener\" target=\"_blank\"><\/p>\n<p>\nSuhteesta uutta tietoa\n<\/p>\n<p class=\"section-date\">\n        <strong class=\"article-section\" data-section=\"ulkomaat\"><br \/>\n            ulkomaat<br \/>\n        <\/strong><br \/>\n        18.11. 19:30\n    <\/p>\n<p>Raju yksityiskohta! Angelina Jolien ja Billy Bob Thorntonin suhteesta uutta tietoa\n    <\/p>\n<p itemprop=\"description\" class=\"subtitle \">\n    Angelinalla ja Billylla on 20 vuoden ik\u00e4ero.\n<\/p>\n<p>        <\/a><\/p>\n<p class=\"article-content article-content-width !bg-background\">Tiistaina 25.11. oli nahkatakkisen hunajablondin vuoro.<\/p>\n<p class=\"article-content article-content-width !bg-background\">Rami ja mysteerinaiseksi j\u00e4\u00e4nyt seuralainen juttelivat hymyhuulin pitk\u00e4\u00e4n ravintolan edess\u00e4. Rami kuitenkin \u00e4kk\u00e4si kuvaajat, ja kehonkielen l\u00e4mp\u00f6tila putosi parilla kymmenell\u00e4 asteella, ja pime\u00e4ss\u00e4 illassa aurinkolaseihin sonnustautunut Rami piteli k\u00e4si\u00e4\u00e4n taskuissaan.<\/p>\n<p>                <img decoding=\"async\" src=\"https:\/\/www.europesays.com\/fi\/wp-content\/uploads\/2025\/11\/2006764.webp\" width=\"576\" height=\"600\" alt=\"Pim, teid\u00e4t on n\u00e4hyt! Rami hoksasi kuvaajan ravintolan edustalla. Siihen loppui hymyily. Mysteerinainen viel\u00e4 loi Ramiin hymykatseita, mutta Holly-t\u00e4hte\u00e4 ei huvittanut. Pari kyll\u00e4 seisoskeli varpaat miltei yhteydess\u00e4, mutta Rami p\u00e4\u00e4tti h\u00e4ipy\u00e4 paikalta omalle taholleen, ja nainen l\u00e4hti omalleen. Kun ravintolan parkkivastaava toi Ramille t\u00e4m\u00e4n auton, stara viel\u00e4 tuijotteli kuvaajia sivuikkunastaan hyv\u00e4n tovin.\" loading=\"lazy\" \/>            <\/p>\n<p>\n            Pim, teid\u00e4t on n\u00e4hyt! Rami hoksasi kuvaajan ravintolan edustalla. Siihen loppui hymyily. Mysteerinainen viel\u00e4 loi Ramiin hymykatseita, mutta Holly-t\u00e4hte\u00e4 ei huvittanut. Pari kyll\u00e4 seisoskeli varpaat miltei yhteydess\u00e4, mutta Rami p\u00e4\u00e4tti h\u00e4ipy\u00e4 paikalta omalle taholleen, ja nainen l\u00e4hti omalleen. Kun ravintolan parkkivastaava toi Ramille t\u00e4m\u00e4n auton, stara viel\u00e4 tuijotteli kuvaajia sivuikkunastaan hyv\u00e4n tovin.<br \/>\n            AOP\n        <\/p>\n","protected":false},"excerpt":{"rendered":"AOP \u00c4ly, hyv\u00e4t roolity\u00f6t ja vangitseva ulkon\u00e4k\u00f6 ovat siirtolaisvanhempien pojan valttikortteja. Bond-pahiksena ja n\u00e4hty n\u00e4yttelij\u00e4 on korostetun salamyhk\u00e4inen&hellip;\n","protected":false},"author":2,"featured_media":104328,"comment_status":"","ping_status":"","sticky":false,"template":"","format":"standard","meta":{"footnotes":""},"categories":[136],"tags":[407,13842,137,1664,4168,33,31,30,4169,408,1496,19760,19759,5878,651,32,11061,3883,19758,109],"class_list":{"0":"post-104327","1":"post","2":"type-post","3":"status-publish","4":"format-standard","5":"has-post-thumbnail","7":"category-julkkikset","8":"tag-celebrities","9":"tag-deittailu","10":"tag-entertainment","11":"tag-ero","12":"tag-erohuhut","13":"tag-fi","14":"tag-finland","15":"tag-finnish","16":"tag-hollywood","17":"tag-julkkikset","18":"tag-parisuhde","19":"tag-salaero","20":"tag-salattu-suhde","21":"tag-somehiljaisuus","22":"tag-suhteet","23":"tag-suomi","24":"tag-treffi-ilta","25":"tag-treffit","26":"tag-vaikenee","27":"tag-viihde"},"share_on_mastodon":{"url":"https:\/\/pubeurope.com\/@fi\/115641180934041357","error":""},"_links":{"self":[{"href":"https:\/\/www.europesays.com\/fi\/wp-json\/wp\/v2\/posts\/104327","targetHints":{"allow":["GET"]}}],"collection":[{"href":"https:\/\/www.europesays.com\/fi\/wp-json\/wp\/v2\/posts"}],"about":[{"href":"https:\/\/www.europesays.com\/fi\/wp-json\/wp\/v2\/types\/post"}],"author":[{"embeddable":true,"href":"https:\/\/www.europesays.com\/fi\/wp-json\/wp\/v2\/users\/2"}],"replies":[{"embeddable":true,"href":"https:\/\/www.europesays.com\/fi\/wp-json\/wp\/v2\/comments?post=104327"}],"version-history":[{"count":0,"href":"https:\/\/www.europesays.com\/fi\/wp-json\/wp\/v2\/posts\/104327\/revisions"}],"wp:featuredmedia":[{"embeddable":true,"href":"https:\/\/www.europesays.com\/fi\/wp-json\/wp\/v2\/media\/104328"}],"wp:attachment":[{"href":"https:\/\/www.europesays.com\/fi\/wp-json\/wp\/v2\/media?parent=104327"}],"wp:term":[{"taxonomy":"category","embeddable":true,"href":"https:\/\/www.europesays.com\/fi\/wp-json\/wp\/v2\/categories?post=104327"},{"taxonomy":"post_tag","embeddable":true,"href":"https:\/\/www.europesays.com\/fi\/wp-json\/wp\/v2\/tags?post=104327"}],"curies":[{"name":"wp","href":"https:\/\/api.w.org\/{rel}","templated":true}]}}