{"id":104343,"date":"2025-11-30T23:37:14","date_gmt":"2025-11-30T23:37:14","guid":{"rendered":"https:\/\/www.europesays.com\/fi\/104343\/"},"modified":"2025-11-30T23:37:14","modified_gmt":"2025-11-30T23:37:14","slug":"ristomatti-hakolalta-yllattava-ilmoitus-linnan-juhlista","status":"publish","type":"post","link":"https:\/\/www.europesays.com\/fi\/104343\/","title":{"rendered":"Ristomatti Hakolalta yll\u00e4tt\u00e4v\u00e4 ilmoitus Linnan juhlista"},"content":{"rendered":"<p>Hakola voikin l\u00e4hte\u00e4 kisaamaan itsen\u00e4isyysp\u00e4iv\u00e4n\u00e4.<\/p>\n<p class=\"paragraph\"><a href=\"https:\/\/www.iltalehti.fi\/henkilot\/Ristomatti Hakola\" class=\"article-link-person-page\" rel=\"nofollow noopener\" target=\"_blank\">Ristomatti Hakolan<\/a> mieli on muuttunut Linnan juhlien suhteen. Viel\u00e4 viikko sitten h\u00e4n ilmoitti, ett\u00e4 <a href=\"https:\/\/www.iltalehti.fi\/talviurheilu\/c9b4a1f5-6429-443d-8fbb-c3311e4dfa7a\" rel=\"nofollow noopener\" target=\"_blank\">\u201dajatteli menn\u00e4\u201d<\/a> itsen\u00e4isyysp\u00e4iv\u00e4n juhliin.<\/p>\n<p class=\"paragraph\">\u2013 En tied\u00e4, menenk\u00f6 sittenk\u00e4\u00e4n, h\u00e4n kertoo nyt.<\/p>\n<p class=\"paragraph\">Syy on yksinkertainen.<\/p>\n<p class=\"paragraph\">\u2013 P\u00e4\u00e4sen hiiht\u00e4m\u00e4\u00e4n Trondheimissa, niin t\u00e4ytyy katsoa viel\u00e4. Ne ovat t\u00e4rkeit\u00e4 kisoja.<\/p>\n<p class=\"paragraph\">Hakola on kertonut Linnan juhlien kutsun olevan h\u00e4nelle \u201dkunnia-asia\u201d, mutta pippaloissa on hiiht\u00e4jille valitettavan suuri virustartunnan riski. H\u00e4n sanoi jo aiemmin, ett\u00e4 suunnitelmat voivat muuttua.<\/p>\n<p class=\"paragraph\">Olympiavuonna kukaan ei halua sairastua \u2013 jos nyt muulloinkaan.<\/p>\n<p><img decoding=\"async\" class=\"image image-show image-preview\" src=\"https:\/\/www.europesays.com\/fi\/wp-content\/uploads\/2025\/11\/3ce028a5f20d34b69da75335cd961b58a6e1c10271abda78094e2a0d5cf8916a.jpg\" alt=\"\"\/><img decoding=\"async\" class=\"image image-show\" src=\"https:\/\/www.europesays.com\/fi\/wp-content\/uploads\/2025\/11\/1764545832_367_3ce028a5f20d34b69da75335cd961b58a6e1c10271abda78094e2a0d5cf8916a.jpg\" alt=\"\"\/><\/p>\n<p>Ristomatti Hakola miettii viel\u00e4. Pasi Liesimaa<\/p>\n<p class=\"paragraph\">Trondheimin maailmancupissa sivakoidaan perjantaina 5. joulukuuta perinteisen sprintti, Suomen itsen\u00e4isyysp\u00e4iv\u00e4n\u00e4 yhdistelm\u00e4kisa ja sunnuntaina 7. joulukuuta vapaan kymppi.<\/p>\n<p class=\"paragraph\">Hakola osallistui Linnan juhliin viime vuoden itsen\u00e4isyysp\u00e4iv\u00e4n\u00e4.<\/p>\n<p class=\"paragraph\">\u2013 Viimeksi j\u00e4i paljon n\u00e4kem\u00e4tt\u00e4, kun olin aloittelijana monesti v\u00e4\u00e4r\u00e4ss\u00e4 paikassa v\u00e4\u00e4r\u00e4\u00e4n aikaan. Se on sokkeloinen maja, h\u00e4n sanoi viikko sitten.<\/p>\n<p class=\"paragraph\">Nyt on mietinn\u00e4n paikka.<\/p>\n<p class=\"paragraph\">\u2013 L\u00e4hden nyt em\u00e4nn\u00e4n kanssa miettim\u00e4\u00e4n. L\u00e4hden autolla kotiinp\u00e4in, Hakola ilmoitti Rukan viikonlopun p\u00e4\u00e4tteeksi.<\/p>\n<p class=\"paragraph\">J\u00e4min J\u00e4nteen mies sijoittui sunnuntaina vapaan hiihtotavan yhteisl\u00e4ht\u00f6kisassa 28:nneksi.<\/p>\n<p>Tulokset, Rukan maailmancupMiesten 20 km yhteisl\u00e4ht\u00f6kilpailu (v)<\/p>\n<p class=\"paragraph\">1. Harald Amundsen (NOR)<\/p>\n<p class=\"paragraph\">2. Einar Hedegart (NOR) +1,9<\/p>\n<p class=\"paragraph\">3. Edvin Anger (SWE) +2,3<\/p>\n<p class=\"paragraph\">4. Martin Nyenget (NOR) +4,5<\/p>\n<p class=\"paragraph\">5. Mika Vermeulen (AUT) +8,4<\/p>\n<p class=\"paragraph\">6. Mathis Desloges (FRA) +10,6<\/p>\n<p class=\"paragraph\">7. Mattis Stenshagen (NOR) +11,3<\/p>\n<p class=\"paragraph\">8. Martino Carollo (ITA) +12,1<\/p>\n<p class=\"paragraph\"><strong>&#8230;<\/strong><\/p>\n<p class=\"paragraph\"><strong>26. Joni M\u00e4ki +50,1<\/strong><\/p>\n<p class=\"paragraph\"><strong>28. Ristomatti Hakola +52,4<\/strong><\/p>\n<p class=\"paragraph\"><strong>29. Arsi Ruuskanen +52,9<\/strong><\/p>\n<p class=\"paragraph\"><strong>30. Kalle Parantainen +53,6<\/strong><\/p>\n<p class=\"paragraph\"><strong>32. Veeti Pyykk\u00f6 +56,5<\/strong><\/p>\n<p class=\"paragraph\"><strong>33. Niko Anttola +57,0<\/strong><\/p>\n<p class=\"paragraph\"><strong>36. Perttu Hyv\u00e4rinen +1.00,3<\/strong><\/p>\n<p class=\"paragraph\"><strong>41. Eero Rantala +1.11,5<\/strong><\/p>\n<p class=\"paragraph\"><strong>49. Remi Lindholm +1.26,5<\/strong><\/p>\n<p class=\"paragraph\"><strong>56. Ville Ahonen +2.02,1<\/strong><\/p>\n<p class=\"paragraph\"><strong>61. Petteri Koivisto +2.08,3<\/strong><\/p>\n<p><a href=\"https:\/\/www.iltalehti.fi\/telkku\/?utm_source=iltalehti.fi&amp;utm_medium=almainternal&amp;utm_campaign=urheilu_artikkelibanneri&amp;utm_content=banner_612_a\" rel=\"nofollow noopener\" target=\"_blank\"><img decoding=\"async\" src=\"https:\/\/www.europesays.com\/fi\/wp-content\/uploads\/2025\/08\/7ef604e47d46ca174b7df4149bd3557dbde56a86d520f8e1b2125548b0a2e03a.png\" alt=\"TV-ohjelmat t\u00e4n\u00e4\u00e4n, TV-opas\"\/><\/a><\/p>\n","protected":false},"excerpt":{"rendered":"Hakola voikin l\u00e4hte\u00e4 kisaamaan itsen\u00e4isyysp\u00e4iv\u00e4n\u00e4. Ristomatti Hakolan mieli on muuttunut Linnan juhlien suhteen. Viel\u00e4 viikko sitten h\u00e4n ilmoitti,&hellip;\n","protected":false},"author":2,"featured_media":104344,"comment_status":"","ping_status":"","sticky":false,"template":"","format":"standard","meta":{"footnotes":""},"categories":[136],"tags":[35,407,137,33,31,30,2096,408,41,3318,2668,32,1145,109],"class_list":{"0":"post-104343","1":"post","2":"type-post","3":"status-publish","4":"format-standard","5":"has-post-thumbnail","7":"category-julkkikset","8":"tag-24h","9":"tag-celebrities","10":"tag-entertainment","11":"tag-fi","12":"tag-finland","13":"tag-finnish","14":"tag-hiihtolajit","15":"tag-julkkikset","16":"tag-liikunta-ja-urheilu","17":"tag-maastohiihto","18":"tag-pohjoismaiset-hiihtolajit","19":"tag-suomi","20":"tag-talviurheilu","21":"tag-viihde"},"share_on_mastodon":{"url":"https:\/\/pubeurope.com\/@fi\/115641283112567574","error":""},"_links":{"self":[{"href":"https:\/\/www.europesays.com\/fi\/wp-json\/wp\/v2\/posts\/104343","targetHints":{"allow":["GET"]}}],"collection":[{"href":"https:\/\/www.europesays.com\/fi\/wp-json\/wp\/v2\/posts"}],"about":[{"href":"https:\/\/www.europesays.com\/fi\/wp-json\/wp\/v2\/types\/post"}],"author":[{"embeddable":true,"href":"https:\/\/www.europesays.com\/fi\/wp-json\/wp\/v2\/users\/2"}],"replies":[{"embeddable":true,"href":"https:\/\/www.europesays.com\/fi\/wp-json\/wp\/v2\/comments?post=104343"}],"version-history":[{"count":0,"href":"https:\/\/www.europesays.com\/fi\/wp-json\/wp\/v2\/posts\/104343\/revisions"}],"wp:featuredmedia":[{"embeddable":true,"href":"https:\/\/www.europesays.com\/fi\/wp-json\/wp\/v2\/media\/104344"}],"wp:attachment":[{"href":"https:\/\/www.europesays.com\/fi\/wp-json\/wp\/v2\/media?parent=104343"}],"wp:term":[{"taxonomy":"category","embeddable":true,"href":"https:\/\/www.europesays.com\/fi\/wp-json\/wp\/v2\/categories?post=104343"},{"taxonomy":"post_tag","embeddable":true,"href":"https:\/\/www.europesays.com\/fi\/wp-json\/wp\/v2\/tags?post=104343"}],"curies":[{"name":"wp","href":"https:\/\/api.w.org\/{rel}","templated":true}]}}