{"id":104365,"date":"2025-12-01T00:17:14","date_gmt":"2025-12-01T00:17:14","guid":{"rendered":"https:\/\/www.europesays.com\/fi\/104365\/"},"modified":"2025-12-01T00:17:14","modified_gmt":"2025-12-01T00:17:14","slug":"evp-upseeri-ukrainassa-ei-voi-ehka-voittaa-sotaa-mutta-rauhan-voittaminen-ratkaisee","status":"publish","type":"post","link":"https:\/\/www.europesays.com\/fi\/104365\/","title":{"rendered":"Evp-upseeri: Ukrainassa ei voi ehk\u00e4 voittaa sotaa \u2013 mutta rauhan voittaminen ratkaisee"},"content":{"rendered":"<p>Ukrainaa pit\u00e4\u00e4 auttaa voittamaan rauhassa riitt\u00e4v\u00e4sti: s\u00e4ilytt\u00e4\u00e4 valtion elinkelpoisuus, taata sen turvallisuus ja t\u00e4ysi poliittinen itsem\u00e4\u00e4r\u00e4\u00e4misoikeus. Monet muut asiat ovat neuvottelukysymyksi\u00e4, ik\u00e4vi\u00e4 mutta siedett\u00e4vi\u00e4.<\/p>\n<p>Yhdysvaltain kiitosp\u00e4iv\u00e4n viikolla Ukrainan rauhansuunnitelmista on vuodettu, puhuttu ja v\u00e4\u00e4nnetty ehk\u00e4 enemm\u00e4n kuin kuukausiin, vaikka huhumylly alkoi jo <strong>Donald Trumpin<\/strong> astuttua Yhdysvaltain presidentiksi.<\/p>\n<p>Euroopan ja Suomen n\u00e4k\u00f6kulmasta puhe ja ehdotukset ovat menneet aivan k\u00e4sitt\u00e4m\u00e4tt\u00f6m\u00e4n v\u00e4\u00e4r\u00e4\u00e4n suuntaan \u2013 eik\u00e4 Ukrainan mielipidett\u00e4 asiaan ole usein kysytty.<\/p>\n<p>Kuka voittaa ja mit\u00e4 voittaa. Ehk\u00e4 sodan voittamisesta puhuminen olisikin jo syyt\u00e4 lopettaa? Voimme toki pohtia saavutuksia, torjuntavoittoja, tappioita, ehk\u00e4 er\u00e4voittojakin. N\u00e4it\u00e4 termej\u00e4 sotatieteilij\u00e4t voivat aikanaan m\u00e4\u00e4ritell\u00e4 tulevaisuuden tappiin asti.<\/p>\n<p>Ei silti pid\u00e4 unohtaa, ett\u00e4 rauhakin voitetaan tai h\u00e4vit\u00e4\u00e4n.<\/p>\n<p><strong>LIENEE SELV\u00c4\u00c4,<\/strong> ett\u00e4 Trump haluaa Ukrainaan rauhan, pysty\u00e4kseen keskittym\u00e4\u00e4n maailmanpolitiikassa h\u00e4nelle ja tukijoilleen kiinnostavampiin ilmansuuntiin.<\/p>\n<p>Trumpille helpoimmin ymm\u00e4rrett\u00e4v\u00e4n sabloonan rauhansopimukseen tarjoavat Ven\u00e4j\u00e4n ehdotukset, koska ne ovat yksinkertaisia ja suoraviivaisia. Alueita minulle, diilej\u00e4 sinulle, m\u00e4\u00e4r\u00e4\u00e4v\u00e4 markkina-asema Ukrainasta meille, rahaa Yhdysvaltain yrityksille.<\/p>\n<p>Muun l\u00e4nnen ja Euroopan sopimusehdotukset ovat monimutkaisempia, koska konfliktikin on ollut kaikkea muuta kuin yksinkertainen jo vuodesta 2014 asti. T\u00e4st\u00e4 olen kirjoittanut Demokraatinkin kolumneissani puolenkymment\u00e4 kertaa.<\/p>\n<p>Lis\u00e4ksi moraalia ja oikeutta kunnioittavissa l\u00e4nsisopimuksissa ei todenn\u00e4k\u00f6isesti tarjota niin h\u00e4rskisti suoria liiketoimintaetuja Yhdysvaltain presidentin omalle bisnesimperiumille, kuten Ven\u00e4j\u00e4 luultavasti on tehnyt tai vihjaa tekev\u00e4ns\u00e4.<\/p>\n<p><strong>NYT ADVENTIN <\/strong>alkaessa Euroopan maiden ja Yhdysvaltain johtajat soittelevat toisilleen varmasti moneen kertaan ja hiovat ratkaisua. Luultavasti my\u00f6s Ven\u00e4j\u00e4 taluttaa Yhdysvaltoja haluamaansa suuntaan, ja se on riski kuten ennenkin.<\/p>\n<p>Mediatietojen mukaan halukkaiden koalitio, EU ja Nato ovat saaneet karsittua ven\u00e4l\u00e4is-amerikkalaisen 28 kohdan sanelulistan v\u00e4h\u00e4n <a href=\"https:\/\/www.iltalehti.fi\/ulkomaat\/a\/94e2fe94-f558-40e0-b339-c1fa3b6f5191\" target=\"_blank\" rel=\"noopener nofollow\">pienemp\u00e4\u00e4n<\/a>, enemm\u00e4n joulukalenteria muistuttavaan parinkymmenen luukun muotoon.<\/p>\n<p>T\u00e4lt\u00e4 pohjalta tehty neuvotteluluonnos voisi olla Ukrainallekin helpompi hyv\u00e4ksy\u00e4, hampaita kiristellen. Kelpaako se lopullisesti Yhdysvalloille tai Kremlille, on arvoitus.<\/p>\n<p>Tulitauko joulun alla voisi olla symbolisesti ja poliittisesti monia miellytt\u00e4v\u00e4 ratkaisu. Alkava pakkastalvi uhkaa muuten tuoda Ukrainan siviiliv\u00e4est\u00f6lle yh\u00e4 kovempia koettelemuksia, drooni- ja ohjushy\u00f6kk\u00e4ysten rikkoessa l\u00e4mp\u00f6- ja energiaverkkoja.<\/p>\n<p>Ven\u00e4j\u00e4ll\u00e4 ei ole kiire lopettaa t\u00e4t\u00e4: se on k\u00e4ytt\u00e4nyt kaikki l\u00e4nnen antamat viivytykset hyv\u00e4kseen ja jatkanut siviilien tappamista. Se on my\u00f6s edennyt rintamalla koko ajan pikkuhiljaa, suurista tappioistaan huolimatta. Rintamatilanne ei ole ukrainalaisille niin toivoton kuin mit\u00e4 Trumpin hallinto on alkanut ymm\u00e4rt\u00e4\u00e4, mutta vakava se silti on.<\/p>\n<p>Yhdysvaltain viimeisimm\u00e4t \u00f6ljyteollisuuspakotteet Lukoiliin ja Rosneftiin n\u00e4ytt\u00e4v\u00e4t kuitenkin purreen yll\u00e4tt\u00e4v\u00e4n hyvin Ven\u00e4j\u00e4n rahavirtoihin, joten t\u00e4m\u00e4n linjan jyrkent\u00e4minen voisi edist\u00e4\u00e4 Kremlin neuvotteluhaluja.<\/p>\n<p><strong>VEN\u00c4J\u00c4N<\/strong> itse itselleen rakentama ongelma on, ettei se voi helpolla lopettaa sotimista, ennen kuin se on saanut voitoksi selitett\u00e4vi\u00e4 saavutuksia.<\/p>\n<p>Naapurimaan t\u00e4yteen valloittamiseen t\u00e4hd\u00e4nnyt operaatio ei ole menestys, mik\u00e4li se j\u00e4\u00e4 satojen tuhansien sotilasuhrien j\u00e4lkeenkin puolitiehen, eik\u00e4 Ukraina p\u00e4\u00e4dy Ven\u00e4j\u00e4n vasalliksi.<\/p>\n<p>Pahin imagotappio Ven\u00e4j\u00e4lle on, jos Ukraina pystyy rauhanteon j\u00e4lkeenkin m\u00e4\u00e4r\u00e4\u00e4m\u00e4\u00e4n itse asioistaan ja poliittisista liittoutumisistaan. T\u00e4m\u00e4n rinnalla pienet \u201dKiovan fasistihallinnolta\u201d pelastetut It\u00e4-Ukrainan alueet olisivat laiha lohtu.<\/p>\n<p>Nuorelle <strong>Vladimir Putinille<\/strong> oli aikoinaan tragedia, ett\u00e4 Neuvostoliitto romahti ja l\u00e4hes kaikki it\u00e4blokin maat siirtyiv\u00e4t heti EU:n ja Naton suojiin.<\/p>\n<p>Jos Ukrainakin p\u00e4\u00e4see yh\u00e4 tekem\u00e4\u00e4n saman, eik\u00e4 etupiirist\u00e4 ole edelleenk\u00e4\u00e4n j\u00e4ljell\u00e4 en\u00e4\u00e4 kuin Valko-Ven\u00e4j\u00e4, yli kolmen vuoden sotimista ei voi vanhakaan Putin selitell\u00e4 onnistumiseksi.<\/p>\n<p><strong>SIKSI EN USKO<\/strong>, ett\u00e4 rauhansopimus toteutuu t\u00e4ysin eurooppalaisten muotoilujen pohjalta, vaikka se ei n\u00f6yryyt\u00e4k\u00e4\u00e4n Putinia esimerkiksi sotasyyllisyyskysymyksill\u00e4.<\/p>\n<p>Sellainen sopimus, jonka voitaisiin otaksua takaavan vuosikymmeniksi rauhan Eurooppaan, on viel\u00e4 todella kaukana. Todenn\u00e4k\u00f6isesti nyt muokataan pikemminkin v\u00e4lirauhaa, johon kaikki osapuolet ovat enemm\u00e4n tai v\u00e4hemm\u00e4n tyytym\u00e4tt\u00f6mi\u00e4.<\/p>\n<p>Sen aikana Ukraina joutuu v\u00e4hent\u00e4m\u00e4\u00e4n mahdollisuuksiaan puolustautua seuraavalta mahdolliselta Ven\u00e4j\u00e4n hy\u00f6kk\u00e4ykselt\u00e4, tai voimann\u00e4yt\u00f6ilt\u00e4.<\/p>\n<blockquote>\n<p>Todenn\u00e4k\u00f6isesti nyt muokataan pikemminkin v\u00e4lirauhaa.<\/p>\n<\/blockquote>\n<p>Sin\u00e4 aikana Euroopan t\u00e4ytyy oikeasti ottaa itsest\u00e4\u00e4n niskasta kiinni. Vihdoin pit\u00e4isi saada oma puolustustarviketuotanto nousuun ja lunastettua Ukrainalle annettu lupaus tuesta \u201dniin kauan kuin siell\u00e4 on tarve\u201d.<\/p>\n<p>Silti todenn\u00e4k\u00f6isesti monessa maassa poliittiset toimijat katsovat rauhansopimuksen j\u00e4lkeen, ett\u00e4 Ukrainan kriisih\u00e4n on jo loppuun taputeltu, ja puolustusbudjetteja voi alkaa karsia muiden tarpeiden tielt\u00e4.<\/p>\n<p>V\u00e4lirauhan aikana Natonkin pit\u00e4\u00e4 m\u00e4\u00e4ritell\u00e4 itselleen uudet pelis\u00e4\u00e4nn\u00f6t modernien konfliktien nopeista ja vahvoista pys\u00e4ytystoimista, ilman jatkuvaa j\u00e4senmaiden vinkumista \u201deskalaation v\u00e4ltt\u00e4misest\u00e4\u201d.<\/p>\n<p>N\u00e4imme 2022-2025 hyvin, mihin sellainen johtaa: sota ei laajentunut l\u00e4nsitankkien, ohjusten tai lentokoneiden myymisest\u00e4 Ukrainalle \u2013 mutta hy\u00f6kk\u00e4\u00e4j\u00e4 osti eskalaatiovaroituksillaan aikaa omien julmuuksiensa jatkamiseen.<\/p>\n<p><strong>V\u00c4LIRAUHASSAKIN<\/strong>, jos se kest\u00e4\u00e4, on Ukrainalle paljon voitettavaa: j\u00e4rjet\u00f6n tappaminen taukoaa, kansakunta saa toipua ja j\u00e4lleenrakennus p\u00e4\u00e4see alkamaan.<\/p>\n<p>Lis\u00e4ksi kello k\u00e4y nopeasti vanhenevaa Putinia vastaan. Muutaman vuoden sis\u00e4ll\u00e4 Ven\u00e4j\u00e4n kotimaiset ongelmat alkavat konkretisoitua niin taloudessa, sodasta palaavien miesten riskitekij\u00f6iss\u00e4 kuin sis\u00e4politiikassakin.<\/p>\n<p>Niist\u00e4 riitt\u00e4\u00e4 ik\u00e4\u00e4ntyville Kremlin johtajille yh\u00e4 enemm\u00e4n p\u00e4\u00e4nvaivaa.<\/p>\n","protected":false},"excerpt":{"rendered":"Ukrainaa pit\u00e4\u00e4 auttaa voittamaan rauhassa riitt\u00e4v\u00e4sti: s\u00e4ilytt\u00e4\u00e4 valtion elinkelpoisuus, taata sen turvallisuus ja t\u00e4ysi poliittinen itsem\u00e4\u00e4r\u00e4\u00e4misoikeus. Monet muut&hellip;\n","protected":false},"author":2,"featured_media":104366,"comment_status":"","ping_status":"","sticky":false,"template":"","format":"standard","meta":{"footnotes":""},"categories":[14],"tags":[22,23,26,27,33,31,30,17,24,25,28,29,15,18,21,32,19,20,56,16,59,60,61],"class_list":{"0":"post-104365","1":"post","2":"type-post","3":"status-publish","4":"format-standard","5":"has-post-thumbnail","7":"category-ulkomaat","8":"tag-breaking-news","9":"tag-breakingnews","10":"tag-featured-news","11":"tag-featurednews","12":"tag-fi","13":"tag-finland","14":"tag-finnish","15":"tag-headlines","16":"tag-latest-news","17":"tag-latestnews","18":"tag-main-news","19":"tag-mainnews","20":"tag-news","21":"tag-otsikot","22":"tag-paauutiset","23":"tag-suomi","24":"tag-top-stories","25":"tag-topstories","26":"tag-ulkomaat","27":"tag-uutiset","28":"tag-world","29":"tag-world-news","30":"tag-worldnews"},"share_on_mastodon":{"url":"https:\/\/pubeurope.com\/@fi\/115641440356035289","error":""},"_links":{"self":[{"href":"https:\/\/www.europesays.com\/fi\/wp-json\/wp\/v2\/posts\/104365","targetHints":{"allow":["GET"]}}],"collection":[{"href":"https:\/\/www.europesays.com\/fi\/wp-json\/wp\/v2\/posts"}],"about":[{"href":"https:\/\/www.europesays.com\/fi\/wp-json\/wp\/v2\/types\/post"}],"author":[{"embeddable":true,"href":"https:\/\/www.europesays.com\/fi\/wp-json\/wp\/v2\/users\/2"}],"replies":[{"embeddable":true,"href":"https:\/\/www.europesays.com\/fi\/wp-json\/wp\/v2\/comments?post=104365"}],"version-history":[{"count":0,"href":"https:\/\/www.europesays.com\/fi\/wp-json\/wp\/v2\/posts\/104365\/revisions"}],"wp:featuredmedia":[{"embeddable":true,"href":"https:\/\/www.europesays.com\/fi\/wp-json\/wp\/v2\/media\/104366"}],"wp:attachment":[{"href":"https:\/\/www.europesays.com\/fi\/wp-json\/wp\/v2\/media?parent=104365"}],"wp:term":[{"taxonomy":"category","embeddable":true,"href":"https:\/\/www.europesays.com\/fi\/wp-json\/wp\/v2\/categories?post=104365"},{"taxonomy":"post_tag","embeddable":true,"href":"https:\/\/www.europesays.com\/fi\/wp-json\/wp\/v2\/tags?post=104365"}],"curies":[{"name":"wp","href":"https:\/\/api.w.org\/{rel}","templated":true}]}}