{"id":104377,"date":"2025-12-01T00:42:22","date_gmt":"2025-12-01T00:42:22","guid":{"rendered":"https:\/\/www.europesays.com\/fi\/104377\/"},"modified":"2025-12-01T00:42:22","modified_gmt":"2025-12-01T00:42:22","slug":"kuhmon-kaupunki-kysyy-asukkaiden-ajatuksia-strategiatyohon","status":"publish","type":"post","link":"https:\/\/www.europesays.com\/fi\/104377\/","title":{"rendered":"Kuhmon kaupunki kysyy asukkaiden ajatuksia strategiaty\u00f6h\u00f6n"},"content":{"rendered":"<p>                                  Paikallisuutiset<\/p>\n<p>                <img loading=\"lazy\" decoding=\"async\" itemprop=\"contentUrl\" class=\"figure-img img-fluid\"  src=\"https:\/\/www.europesays.com\/fi\/wp-content\/uploads\/2025\/12\/imengine.public.prod.hil.infomaker.io\" width=\"4000\" height=\"3000\"  alt=\"\"\/><\/p>\n<p>                                    Kaupunki on avannut kyselyn, jossa voi kertoa omia mielipiteit\u00e4\u00e4n kaupungin strategiaty\u00f6h\u00f6n.<br \/>\n                                                    Kuva:<br \/>\n                    Mari Heikura<\/p>\n<p>      MAINOS &#8211; juttu jatkuu mainoksen j\u00e4lkeen<\/p>\n<p>      MAINOS &#8211; mainos p\u00e4\u00e4ttyy<\/p>\n<p class=\"ew-body\">Kuhmon kaupunki ker\u00e4\u00e4 asukkaiden n\u00e4kemyksi\u00e4 strategiaty\u00f6ns\u00e4 tueksi. Kyselyn tavoitteena on tunnistaa Kuhmon nykyiset ja tulevat vetovoimatekij\u00e4t, arvioida kunnallisten palveluiden kehitt\u00e4misen painopisteit\u00e4 sek\u00e4 l\u00f6yt\u00e4\u00e4 keinoja asukkaiden hyvinvoinnin, yritt\u00e4jyyden ja ty\u00f6paikkojen tukemiseen.<\/p>\n<p class=\"ew-body\">Kysely o<\/p>\n<p>  <a class=\"btn btn-secondary btn-icon-left\" href=\"#coral_thread\"><br \/>\n    <img decoding=\"async\" src=\"https:\/\/www.kuhmolainen.fi\/wp-content\/themes\/hilla-theme\/assets\/img\/icon_comments.svg\" alt=\"\"\/><br \/>\n    Kommentoi<br \/>\n    \u00a0(0)<br \/>\n  <\/a><\/p>\n<p>  <a class=\"btn btn-secondary btn-icon-left mailto_web\" href=\"mailto:toimitus@kuhmolainen.fi?subject=Ilmoita%20asiavirheest%C3%A4&amp;body=Otsikko%3A%20Kuhmon%20kaupunki%20kysyy%20asukkaiden%20ajatuksia%20strategiaty%C3%B6h%C3%B6n%0AUuid%3A%2041b9efd2-e58c-445b-88aa-b66142afdc5b%0AUrl%3A%20https%3A%2F%2Fwww.kuhmolainen.fi%2Fartikkeli%2Fkuhmon-kaupunki-kysyy-asukkaiden-ajatuksia-strategiatyohon\"><br \/>\n    <img decoding=\"async\" src=\"https:\/\/www.kuhmolainen.fi\/wp-content\/themes\/hilla-theme\/assets\/img\/icon_feedback.svg\" alt=\"\"\/><br \/>\n    Ilmoita asiavirheest\u00e4<br \/>\n  <\/a><\/p>\n","protected":false},"excerpt":{"rendered":"Paikallisuutiset Kaupunki on avannut kyselyn, jossa voi kertoa omia mielipiteit\u00e4\u00e4n kaupungin strategiaty\u00f6h\u00f6n. Kuva: Mari Heikura MAINOS &#8211; juttu&hellip;\n","protected":false},"author":2,"featured_media":104378,"comment_status":"","ping_status":"","sticky":false,"template":"","format":"standard","meta":{"footnotes":""},"categories":[76],"tags":[79,77,33,31,30,32,78],"class_list":{"0":"post-104377","1":"post","2":"type-post","3":"status-publish","4":"format-standard","5":"has-post-thumbnail","7":"category-talous","8":"tag-business","9":"tag-economy","10":"tag-fi","11":"tag-finland","12":"tag-finnish","13":"tag-suomi","14":"tag-talous"},"share_on_mastodon":{"url":"https:\/\/pubeurope.com\/@fi\/115641538804210610","error":""},"_links":{"self":[{"href":"https:\/\/www.europesays.com\/fi\/wp-json\/wp\/v2\/posts\/104377","targetHints":{"allow":["GET"]}}],"collection":[{"href":"https:\/\/www.europesays.com\/fi\/wp-json\/wp\/v2\/posts"}],"about":[{"href":"https:\/\/www.europesays.com\/fi\/wp-json\/wp\/v2\/types\/post"}],"author":[{"embeddable":true,"href":"https:\/\/www.europesays.com\/fi\/wp-json\/wp\/v2\/users\/2"}],"replies":[{"embeddable":true,"href":"https:\/\/www.europesays.com\/fi\/wp-json\/wp\/v2\/comments?post=104377"}],"version-history":[{"count":0,"href":"https:\/\/www.europesays.com\/fi\/wp-json\/wp\/v2\/posts\/104377\/revisions"}],"wp:featuredmedia":[{"embeddable":true,"href":"https:\/\/www.europesays.com\/fi\/wp-json\/wp\/v2\/media\/104378"}],"wp:attachment":[{"href":"https:\/\/www.europesays.com\/fi\/wp-json\/wp\/v2\/media?parent=104377"}],"wp:term":[{"taxonomy":"category","embeddable":true,"href":"https:\/\/www.europesays.com\/fi\/wp-json\/wp\/v2\/categories?post=104377"},{"taxonomy":"post_tag","embeddable":true,"href":"https:\/\/www.europesays.com\/fi\/wp-json\/wp\/v2\/tags?post=104377"}],"curies":[{"name":"wp","href":"https:\/\/api.w.org\/{rel}","templated":true}]}}