{"id":104383,"date":"2025-12-01T00:45:14","date_gmt":"2025-12-01T00:45:14","guid":{"rendered":"https:\/\/www.europesays.com\/fi\/104383\/"},"modified":"2025-12-01T00:45:14","modified_gmt":"2025-12-01T00:45:14","slug":"pelotti-tunnusti-ristomatti-hakola-satakunnan-kansa","status":"publish","type":"post","link":"https:\/\/www.europesays.com\/fi\/104383\/","title":{"rendered":"\u201dPelotti\u201d, tunnusti Ristomatti Hakola &#8211; Satakunnan Kansa"},"content":{"rendered":"<p>Rukan maailmancupin p\u00e4\u00e4t\u00f6sp\u00e4iv\u00e4n\u00e4 suomalaishiiht\u00e4j\u00e4t j\u00e4iv\u00e4t kauaksi k\u00e4rjest\u00e4. Puheenaiheeksi nousivat olosuhteet, jotka arvioitiin kohtuuttoman vaarallisiksi.<\/p>\n<p>30.11. 15:30<\/p>\n<p class=\"article-body mb-nof-24 px-nof-16\">STT<\/p>\n<p class=\"article-body mb-nof-24 px-nof-16\">Suomalaiset hiiht\u00e4j\u00e4t romahtivat kovin vaatimattomiin sijoituksiin Rukan maailmancupin viimeisen\u00e4 kilpailup\u00e4iv\u00e4n\u00e4. <a class=\"article-personlink\" href=\"https:\/\/www.satakunnankansa.fi\/haku\/?query=Krista%20P%C3%A4rm%C3%A4koski\" rel=\"nofollow noopener\" target=\"_blank\">Krista P\u00e4rm\u00e4koski<\/a> oli 20 kilometrin vapaan hiihtotavan yhteisl\u00e4hd\u00f6ss\u00e4 16:s ja <a class=\"article-personlink\" href=\"https:\/\/www.satakunnankansa.fi\/haku\/?query=Kerttu%20Niskanen\" rel=\"nofollow noopener\" target=\"_blank\">Kerttu Niskanen<\/a> 20:s, mutta hekin valahtivat kilpailun varhaisessa vaiheessa kakkostason kamppailuun.<\/p>\n<p class=\"article-body mb-nof-24 px-nof-16\"><a class=\"article-personlink\" href=\"https:\/\/www.satakunnankansa.fi\/haku\/?query=Jasmin%20K%C3%A4h%C3%A4r%C3%A4\" rel=\"nofollow noopener\" target=\"_blank\">Jasmin K\u00e4h\u00e4r\u00e4<\/a> olisi voinut olla naisten kilpailussa Suomen joukkueen \u00e4ss\u00e4, mutta h\u00e4n menetti mahdollisuutensa, kun edell\u00e4 olevien hiiht\u00e4jien rohkeus ei riitt\u00e4nyt yht\u00e4 vauhdikkaaseen laskuvauhtiin. K\u00e4h\u00e4r\u00e4 t\u00f6rm\u00e4si syytt\u00e4\u00e4n It\u00e4vallan <a class=\"article-personlink\" href=\"https:\/\/www.satakunnankansa.fi\/haku\/?query=Teresa%20Stadloberiin\" rel=\"nofollow noopener\" target=\"_blank\">Teresa Stadloberiin<\/a>.<\/p>\n<p class=\"article-body mb-nof-24 px-nof-16\"><a class=\"article-personlink\" href=\"https:\/\/www.satakunnankansa.fi\/haku\/?query=Vilma%20Nissinen\" rel=\"nofollow noopener\" target=\"_blank\">Vilma Nissinen<\/a> oli 23:s, K\u00e4h\u00e4r\u00e4 24:s ja <a class=\"article-personlink\" href=\"https:\/\/www.satakunnankansa.fi\/haku\/?query=Anna-Kaisa%20Saari\" rel=\"nofollow noopener\" target=\"_blank\">Anna-Kaisa Saari<\/a> 26:s. <a class=\"article-personlink\" href=\"https:\/\/www.satakunnankansa.fi\/haku\/?query=Oona%20Kettunen\" rel=\"nofollow noopener\" target=\"_blank\">Oona Kettunen<\/a>, <a class=\"article-personlink\" href=\"https:\/\/www.satakunnankansa.fi\/haku\/?query=Hilla%20Niemel%C3%A4\" rel=\"nofollow noopener\" target=\"_blank\">Hilla Niemel\u00e4<\/a>, <a class=\"article-personlink\" href=\"https:\/\/www.satakunnankansa.fi\/haku\/?query=Anni%20Alakoski\" rel=\"nofollow noopener\" target=\"_blank\">Anni Alakoski<\/a> ja <a class=\"article-personlink\" href=\"https:\/\/www.satakunnankansa.fi\/haku\/?query=Eveliina%20Piippo\" rel=\"nofollow noopener\" target=\"_blank\">Eveliina Piippo<\/a> keskeyttiv\u00e4t kilpailun vaarallisen j\u00e4isell\u00e4 hiihtouralla.<\/p>\n<p class=\"article-body mb-nof-24 px-nof-16\">\u201dEi ole koskaan pelottanut laskuissa niin paljon kuin t\u00e4n\u00e4\u00e4n\u201d, taitavana laskijana tunnettu P\u00e4rm\u00e4koski selitti kilpailun luonnetta.<\/p>\n<p class=\"article-body mb-nof-24 px-nof-16\">\u201dSe oli vaarallista. Varoen piti menn\u00e4.\u201d<\/p>\n<p><img decoding=\"async\" src=\"https:\/\/www.europesays.com\/fi\/wp-content\/uploads\/2025\/12\/1764549914_825_468.jpg\" alt=\"Krista P\u00e4rm\u00e4koski oli sunnuntain paras suomalainen. H\u00e4n oli 16:s.\" class=\"_Img_1rerz_1\" style=\"aspect-ratio:1.4988290398126465\" loading=\"eager\"\/><\/p>\n<p class=\"article-picture-caption\">Krista P\u00e4rm\u00e4koski oli sunnuntain paras suomalainen. H\u00e4n oli 16:s. Kuva:\u00a0Vesa Moilanen \/ Lehtikuva<\/p>\n<p class=\"article-body mb-nof-24 px-nof-16\">Niskanen oli samaa mielt\u00e4.<\/p>\n<p class=\"article-body mb-nof-24 px-nof-16\">\u201dOli surkea keli. J\u00e4isell\u00e4 radalla nousutkin olivat vaikeita, varsinkin jyrk\u00e4t yl\u00e4m\u00e4et\u201d, Niskanen todisti.<\/p>\n<p class=\"article-body mb-nof-24 px-nof-16\">Kokeneet suomalaiset j\u00e4iv\u00e4t Rukalla vaille k\u00e4rkisijoja, mutta kumpikaan ei ole huolissaan kunnostaan eik\u00e4 olympiamahdollisuuksistaan.<\/p>\n<p class=\"article-body mb-nof-24 px-nof-16\">\u201dEn usko, ett\u00e4 sijoitukset tai aikaerot kertovat koko totuutta. Tunne oli hyv\u00e4\u201d, P\u00e4rm\u00e4koski sanoi ja antoi ymm\u00e4rt\u00e4\u00e4, ett\u00e4 tulokset saattavat parantua l\u00e4hiviikkoina.<\/p>\n<p class=\"article-body mb-nof-24 px-nof-16\">\u201dN\u00e4ist\u00e4 kisoista ei j\u00e4\u00e4nyt hirve\u00e4n hyv\u00e4 maku, mutta onpahan mist\u00e4 parantaa\u201d, Niskanen sanoi iloisin ilmein.<\/p>\n<p class=\"article-body mb-nof-24 px-nof-16\">Ruotsin <a class=\"article-personlink\" href=\"https:\/\/www.satakunnankansa.fi\/haku\/?query=Jonna%20Sundling\" rel=\"nofollow noopener\" target=\"_blank\">Jonna Sundling<\/a> kiri yhteisl\u00e4ht\u00f6kilpailun voittoon ennen Yhdysvaltain <a class=\"article-personlink\" href=\"https:\/\/www.satakunnankansa.fi\/haku\/?query=Jessie%20Digginsi%C3%A4\" rel=\"nofollow noopener\" target=\"_blank\">Jessie Digginsi\u00e4<\/a> ja Norjan <a class=\"article-personlink\" href=\"https:\/\/www.satakunnankansa.fi\/haku\/?query=Heidi%20Wengi%C3%A4\" rel=\"nofollow noopener\" target=\"_blank\">Heidi Wengi\u00e4<\/a>. K\u00e4rkiyhdeksik\u00f6ss\u00e4 oli kahdeksan hiiht\u00e4j\u00e4\u00e4 Ruotsista ja Norjasta.<\/p>\n<p class=\"article-body mb-nof-24 px-nof-16\"><a class=\"article-personlink\" href=\"https:\/\/www.satakunnankansa.fi\/haku\/?query=Joni%20M%C3%A4en\" rel=\"nofollow noopener\" target=\"_blank\">Joni M\u00e4en<\/a> 26:s sija j\u00e4i suomalaisten parhaaksi miesten kilpailussa. <a class=\"article-personlink\" href=\"https:\/\/www.satakunnankansa.fi\/haku\/?query=Ristomatti%20Hakola\" rel=\"nofollow noopener\" target=\"_blank\">Ristomatti Hakola<\/a> oli 28:s, <a class=\"article-personlink\" href=\"https:\/\/www.satakunnankansa.fi\/haku\/?query=Arsi%20Ruuskanen\" rel=\"nofollow noopener\" target=\"_blank\">Arsi Ruuskanen<\/a> 29:s ja <a class=\"article-personlink\" href=\"https:\/\/www.satakunnankansa.fi\/haku\/?query=Kalle%20Parantainen\" rel=\"nofollow noopener\" target=\"_blank\">Kalle Parantainen<\/a> ensimm\u00e4isess\u00e4 maailmancupin kilpailussaan 30:s. Suomalaisnelikon ero kisan norjalaisvoittajaan <a class=\"article-personlink\" href=\"https:\/\/www.satakunnankansa.fi\/haku\/?query=Harald%20%C3%96stberg%20Amundseniin\" rel=\"nofollow noopener\" target=\"_blank\">Harald \u00d6stberg Amundseniin<\/a> oli yli 50 sekuntia.<\/p>\n<p class=\"article-body mb-nof-24 px-nof-16\">Einar Hedegart varmisti Norjan kaksoisvoiton ennen Ruotsin <a class=\"article-personlink\" href=\"https:\/\/www.satakunnankansa.fi\/haku\/?query=Edvin%20Angeria\" rel=\"nofollow noopener\" target=\"_blank\">Edvin Angeria<\/a>. Norjan <a class=\"article-personlink\" href=\"https:\/\/www.satakunnankansa.fi\/haku\/?query=Johannes%20H%C3%B6sflot%20Kl%C3%A4bo\" rel=\"nofollow noopener\" target=\"_blank\">Johannes H\u00f6sflot Kl\u00e4bo<\/a> j\u00e4i per\u00e4ti 15:nneksi.<\/p>\n<p class=\"article-body mb-nof-24 px-nof-16\"><a class=\"article-personlink\" href=\"https:\/\/www.satakunnankansa.fi\/haku\/?query=Iivo%20Niskanen\" rel=\"nofollow noopener\" target=\"_blank\">Iivo Niskanen<\/a> vet\u00e4ytyi kilpailusta, kun ei tuntenut virett\u00e4\u00e4n riitt\u00e4v\u00e4n hyv\u00e4ksi kisaa edelt\u00e4neess\u00e4 verryttelyss\u00e4.<\/p>\n<p class=\"article-body mb-nof-24 px-nof-16\">Sprintiss\u00e4 ep\u00e4onnistunut M\u00e4ki sai yhteisl\u00e4hd\u00f6st\u00e4 pient\u00e4 lohtua, kun h\u00e4n oli suomalaisista paras.<\/p>\n<p class=\"article-body mb-nof-24 px-nof-16\">\u201dKyll\u00e4 se maistuu, ja hiihto tuntui yll\u00e4tt\u00e4v\u00e4n hyv\u00e4lt\u00e4\u201d, M\u00e4ki kertoi.<\/p>\n<p class=\"article-body mb-nof-24 px-nof-16\">Norjalaiset mieshiiht\u00e4j\u00e4t arvioivat sunnuntain olosuhteet kohtuuttoman vaarallisiksi. Hakola vahvisti asian.<\/p>\n<p class=\"article-body mb-nof-24 px-nof-16\">\u201dPelotti\u201d, Hakola tunnusti.<\/p>\n<p class=\"article-body mb-nof-24 px-nof-16\">\u201dYleens\u00e4 sit\u00e4 tiet\u00e4\u00e4, mihin suuntaan suksi l\u00e4htee alta, mutta nyt se oli ihan hasardia.\u201d<\/p>\n<p class=\"article-body mb-nof-24 px-nof-16\">Maastohiihdon maailmancup jatkuu 5.\u20137. joulukuuta Trondheimissa.<\/p>\n","protected":false},"excerpt":{"rendered":"Rukan maailmancupin p\u00e4\u00e4t\u00f6sp\u00e4iv\u00e4n\u00e4 suomalaishiiht\u00e4j\u00e4t j\u00e4iv\u00e4t kauaksi k\u00e4rjest\u00e4. Puheenaiheeksi nousivat olosuhteet, jotka arvioitiin kohtuuttoman vaarallisiksi. 30.11. 15:30 STT Suomalaiset&hellip;\n","protected":false},"author":2,"featured_media":104384,"comment_status":"","ping_status":"","sticky":false,"template":"","format":"standard","meta":{"footnotes":""},"categories":[5],"tags":[22,23,26,27,33,31,30,17,24,25,28,29,15,18,21,80,32,19,20,16],"class_list":{"0":"post-104383","1":"post","2":"type-post","3":"status-publish","4":"format-standard","5":"has-post-thumbnail","7":"category-otsikot","8":"tag-breaking-news","9":"tag-breakingnews","10":"tag-featured-news","11":"tag-featurednews","12":"tag-fi","13":"tag-finland","14":"tag-finnish","15":"tag-headlines","16":"tag-latest-news","17":"tag-latestnews","18":"tag-main-news","19":"tag-mainnews","20":"tag-news","21":"tag-otsikot","22":"tag-paauutiset","23":"tag-satakunnan-kansa","24":"tag-suomi","25":"tag-top-stories","26":"tag-topstories","27":"tag-uutiset"},"share_on_mastodon":{"url":"https:\/\/pubeurope.com\/@fi\/115641550555875811","error":""},"_links":{"self":[{"href":"https:\/\/www.europesays.com\/fi\/wp-json\/wp\/v2\/posts\/104383","targetHints":{"allow":["GET"]}}],"collection":[{"href":"https:\/\/www.europesays.com\/fi\/wp-json\/wp\/v2\/posts"}],"about":[{"href":"https:\/\/www.europesays.com\/fi\/wp-json\/wp\/v2\/types\/post"}],"author":[{"embeddable":true,"href":"https:\/\/www.europesays.com\/fi\/wp-json\/wp\/v2\/users\/2"}],"replies":[{"embeddable":true,"href":"https:\/\/www.europesays.com\/fi\/wp-json\/wp\/v2\/comments?post=104383"}],"version-history":[{"count":0,"href":"https:\/\/www.europesays.com\/fi\/wp-json\/wp\/v2\/posts\/104383\/revisions"}],"wp:featuredmedia":[{"embeddable":true,"href":"https:\/\/www.europesays.com\/fi\/wp-json\/wp\/v2\/media\/104384"}],"wp:attachment":[{"href":"https:\/\/www.europesays.com\/fi\/wp-json\/wp\/v2\/media?parent=104383"}],"wp:term":[{"taxonomy":"category","embeddable":true,"href":"https:\/\/www.europesays.com\/fi\/wp-json\/wp\/v2\/categories?post=104383"},{"taxonomy":"post_tag","embeddable":true,"href":"https:\/\/www.europesays.com\/fi\/wp-json\/wp\/v2\/tags?post=104383"}],"curies":[{"name":"wp","href":"https:\/\/api.w.org\/{rel}","templated":true}]}}