{"id":104395,"date":"2025-12-01T01:09:06","date_gmt":"2025-12-01T01:09:06","guid":{"rendered":"https:\/\/www.europesays.com\/fi\/104395\/"},"modified":"2025-12-01T01:09:06","modified_gmt":"2025-12-01T01:09:06","slug":"trump-vahvistaa-puhuneensa-uhkailemalleen-itsevaltiaalle","status":"publish","type":"post","link":"https:\/\/www.europesays.com\/fi\/104395\/","title":{"rendered":"Trump vahvistaa puhuneensa uhkailemalleen itsevaltiaalle"},"content":{"rendered":"<p>The New York Times uutisoi puhelusta lauantaina.<\/p>\n<p class=\"article-body mb-nof-24 px-nof-16\">Yhdysvaltain presidentti <a class=\"article-personlink\" href=\"https:\/\/www.is.fi\/haku\/?query=Donald%20Trump\" rel=\"nofollow noopener\" target=\"_blank\">Donald Trump<\/a> vahvistaa k\u00e4yneens\u00e4 puhelinkeskustelun Venezuelan itsevaltaisen presidentin <a class=\"article-personlink\" href=\"https:\/\/www.is.fi\/haku\/?query=Nicolas%20Maduron\" rel=\"nofollow noopener\" target=\"_blank\">Nicolas Maduron<\/a> kanssa.<\/p>\n<p class=\"article-body mb-nof-24 px-nof-16\">Trumpilta kysyttiin sunnuntaina presidentin Air Force One -lentokoneessa, onko h\u00e4n keskustellut Maduron kanssa.<\/p>\n<p class=\"article-body mb-nof-24 px-nof-16\">\u2013\u2009En halua kommentoida sit\u00e4. Vastaus on kyll\u00e4, uutistoimisto Reuters kertoo Trumpin vastanneen.<\/p>\n<p class=\"article-body mb-nof-24 px-nof-16\">\u2013\u2009En sanoisi, ett\u00e4 se meni huonosti. Se oli puhelu.<\/p>\n<p class=\"article-body mb-nof-24 px-nof-16\"><a class=\"article-genericlink\" href=\"https:\/\/www.nytimes.com\/2025\/11\/28\/us\/politics\/trump-maduro-venezuela.html\" rel=\"nofollow noopener\" target=\"_blank\">The New York Times<\/a> kertoi lauantaina l\u00e4hteisiins\u00e4 nojaten, ett\u00e4 Trump ja Maduro keskustelivat puhelimessa toissa viikolla. NYT:n mukaan kaksikko puhui mahdollisesta tapaamisesta Yhdysvalloissa.<\/p>\n<p class=\"article-body mb-nof-24 px-nof-16\">NYT:n l\u00e4hteen mukaan tapaamisen j\u00e4rjestelyt eiv\u00e4t kuitenkaan ole k\u00e4ynniss\u00e4.<\/p>\n<p class=\"article-body mb-nof-24 px-nof-16\">Puhelussa oli mukana my\u00f6s Yhdysvaltain ulkoministeri <a class=\"article-personlink\" href=\"https:\/\/www.is.fi\/haku\/?query=Marco%20Rubio\" rel=\"nofollow noopener\" target=\"_blank\">Marco Rubio<\/a>, NYT kertoi.<\/p>\n<p class=\"article-body mb-nof-24 px-nof-16\">Yhdysvaltain ja Venezuelan v\u00e4lit ovat eritt\u00e4in j\u00e4nnitteiset. Yhdysvallat on syksyn aikana keskitt\u00e4nyt joukkojaan Venezuelan l\u00e4hialueille Karibianmerell\u00e4.<\/p>\n<p class=\"article-body mb-nof-24 px-nof-16\">Yhdysvallat on my\u00f6s tehnyt ainakin 21 iskua v\u00e4itettyihin huumeveneisiin Karibialla ja Tyynell\u00e4merell\u00e4. Iskuissa on kuollut ainakin 82 ihmist\u00e4.<\/p>\n<p class=\"article-body mb-nof-24 px-nof-16\">Trump v\u00e4itt\u00e4\u00e4, ett\u00e4 Maduro edist\u00e4\u00e4 huumeiden salakuljetusta Yhdysvaltoihin.<\/p>\n<p class=\"article-body mb-nof-24 px-nof-16\">Lauantaina Trump kirjoitti <a class=\"article-genericlink\" href=\"https:\/\/truthsocial.com\/@realDonaldTrump\/posts\/115633041089714842\" rel=\"nofollow noopener\" target=\"_blank\">Truth Social -palvelussa<\/a>, ett\u00e4 Venezuelan ilmatila tulee katsoa suljetuksi. Perjantaina h\u00e4n lupasi, ett\u00e4 sotilastoimet Venezuelan maaper\u00e4ll\u00e4 alkavat \u201dpian\u201d.<\/p>\n<p class=\"article-body mb-nof-24 px-nof-16\">Venezuela <a class=\"article-genericlink\" href=\"https:\/\/www.npr.org\/2025\/11\/30\/nx-s1-5626164\/venezuela-calls-trumps-call-close-airspace-colonialist-threat\" rel=\"nofollow noopener\" target=\"_blank\">kutsui<\/a> Trumpin lauantaista viesti\u00e4 \u201dkolonialistiseksi uhkaukseksi\u201d.<\/p>\n","protected":false},"excerpt":{"rendered":"The New York Times uutisoi puhelusta lauantaina. Yhdysvaltain presidentti Donald Trump vahvistaa k\u00e4yneens\u00e4 puhelinkeskustelun Venezuelan itsevaltaisen presidentin Nicolas&hellip;\n","protected":false},"author":2,"featured_media":104396,"comment_status":"","ping_status":"","sticky":false,"template":"","format":"standard","meta":{"footnotes":""},"categories":[14],"tags":[22,23,26,27,33,31,30,17,34,24,25,28,29,15,18,21,32,19,20,56,16,59,60,61],"class_list":{"0":"post-104395","1":"post","2":"type-post","3":"status-publish","4":"format-standard","5":"has-post-thumbnail","7":"category-ulkomaat","8":"tag-breaking-news","9":"tag-breakingnews","10":"tag-featured-news","11":"tag-featurednews","12":"tag-fi","13":"tag-finland","14":"tag-finnish","15":"tag-headlines","16":"tag-ilta-sanomat","17":"tag-latest-news","18":"tag-latestnews","19":"tag-main-news","20":"tag-mainnews","21":"tag-news","22":"tag-otsikot","23":"tag-paauutiset","24":"tag-suomi","25":"tag-top-stories","26":"tag-topstories","27":"tag-ulkomaat","28":"tag-uutiset","29":"tag-world","30":"tag-world-news","31":"tag-worldnews"},"share_on_mastodon":{"url":"https:\/\/pubeurope.com\/@fi\/115641644855763775","error":""},"_links":{"self":[{"href":"https:\/\/www.europesays.com\/fi\/wp-json\/wp\/v2\/posts\/104395","targetHints":{"allow":["GET"]}}],"collection":[{"href":"https:\/\/www.europesays.com\/fi\/wp-json\/wp\/v2\/posts"}],"about":[{"href":"https:\/\/www.europesays.com\/fi\/wp-json\/wp\/v2\/types\/post"}],"author":[{"embeddable":true,"href":"https:\/\/www.europesays.com\/fi\/wp-json\/wp\/v2\/users\/2"}],"replies":[{"embeddable":true,"href":"https:\/\/www.europesays.com\/fi\/wp-json\/wp\/v2\/comments?post=104395"}],"version-history":[{"count":0,"href":"https:\/\/www.europesays.com\/fi\/wp-json\/wp\/v2\/posts\/104395\/revisions"}],"wp:featuredmedia":[{"embeddable":true,"href":"https:\/\/www.europesays.com\/fi\/wp-json\/wp\/v2\/media\/104396"}],"wp:attachment":[{"href":"https:\/\/www.europesays.com\/fi\/wp-json\/wp\/v2\/media?parent=104395"}],"wp:term":[{"taxonomy":"category","embeddable":true,"href":"https:\/\/www.europesays.com\/fi\/wp-json\/wp\/v2\/categories?post=104395"},{"taxonomy":"post_tag","embeddable":true,"href":"https:\/\/www.europesays.com\/fi\/wp-json\/wp\/v2\/tags?post=104395"}],"curies":[{"name":"wp","href":"https:\/\/api.w.org\/{rel}","templated":true}]}}