{"id":104411,"date":"2025-12-01T01:36:10","date_gmt":"2025-12-01T01:36:10","guid":{"rendered":"https:\/\/www.europesays.com\/fi\/104411\/"},"modified":"2025-12-01T01:36:10","modified_gmt":"2025-12-01T01:36:10","slug":"jos-olet-naissa-maakunnissa-voit-kohta-nahda-lumisateen-et-muualla","status":"publish","type":"post","link":"https:\/\/www.europesays.com\/fi\/104411\/","title":{"rendered":"Jos olet n\u00e4iss\u00e4 maakunnissa, voit kohta n\u00e4hd\u00e4 lumisateen \u2013 Et muualla"},"content":{"rendered":"<p>L\u00e4hiviikoille luvataan lauhaa ja sateista s\u00e4\u00e4t\u00e4.<\/p>\n<p class=\"paragraph\">Joulukuun alkupuoli n\u00e4ytt\u00e4\u00e4 harmaalta ja sateiselta, Foreca <a href=\"https:\/\/www.foreca.fi\/meteorologilta\/i4srg6i8\" target=\"_blank\" rel=\"noopener nofollow\">ennustaa<\/a>.<\/p>\n<p class=\"paragraph\">Suomen yli liikkuu sadealue toisensa j\u00e4lkeen, ja Oulun etel\u00e4puolella sateet tulevat veten\u00e4. Etel\u00e4isess\u00e4 Lapissa, Pohjois-Pohjanmaalla ja Kainuussa voidaan kuitenkin n\u00e4hd\u00e4 alkuviikosta lumisateita.<\/p>\n<p class=\"paragraph\">Lauhan s\u00e4\u00e4n aiheuttaa tilanne, jossa Ven\u00e4j\u00e4lle j\u00e4m\u00e4ht\u00e4nyt korkeapaineen alue ja Islannin etel\u00e4puolisen Atlantin matalapaine pakottavat ilmavirtauksen ajautumaan Suomeen lounaan puolelta.<\/p>\n<p class=\"paragraph\">Maan etel\u00e4- ja keskiosassa p\u00e4iv\u00e4l\u00e4mp\u00f6tila liikkuu alkuviikosta 1\u20137 asteen tienoilla, ja tuuli on puuskaista. Lapissa pakkanen saattaa alkuviikosta laskea paikoin jopa 20 pakkasasteeseen, mutta s\u00e4\u00e4 l\u00e4mpenee Lapissakin loppuviikkoa kohden.<\/p>\n<p class=\"paragraph\">Torstain j\u00e4lkeen Suomen yli ei en\u00e4\u00e4 liiku laajoja sadealueita, mutta hajanaiset sateet jatkuvat runsaina ymp\u00e4ri maata. Sama jatkuu itsen\u00e4isyysp\u00e4iv\u00e4n\u00e4, jonka s\u00e4\u00e4t\u00e4 ennustetaan harmaaksi, tihkuiseksi ja sateiseksi.<\/p>\n<p class=\"paragraph\">Ennusteissa ei n\u00e4y muutosta tilanteeseen joulukuun toisella viikolla, eli talvisia maisemia maan etel\u00e4- ja keskiosissa saadaan viel\u00e4 odottaa. Lumisade saattaa ennusteiden mukaan muuttua vetisemp\u00e4\u00e4n suuntaan my\u00f6s Lapissa.<\/p>\n<p><a href=\"https:\/\/www.iltalehti.fi\/parassaa?storeCampaign=ArticleBottomBanner\" rel=\"nofollow noopener\" target=\"_blank\"><img decoding=\"async\" src=\"https:\/\/www.europesays.com\/fi\/wp-content\/uploads\/2025\/08\/d0fd7860228df4fdd5fd0367e49d769aa09b08189080ddc5ccdd8c31ad63aca9.png\" alt=\"IL Paras S\u00e4\u00e4 - S\u00e4\u00e4tiedot ja s\u00e4\u00e4ennusteet\"\/><\/a><\/p>\n","protected":false},"excerpt":{"rendered":"L\u00e4hiviikoille luvataan lauhaa ja sateista s\u00e4\u00e4t\u00e4. Joulukuun alkupuoli n\u00e4ytt\u00e4\u00e4 harmaalta ja sateiselta, Foreca ennustaa. Suomen yli liikkuu sadealue&hellip;\n","protected":false},"author":2,"featured_media":104412,"comment_status":"","ping_status":"","sticky":false,"template":"","format":"standard","meta":{"footnotes":""},"categories":[12],"tags":[35,22,23,26,27,33,31,30,17,10304,713,24,25,28,29,715,15,18,21,710,714,32,19,20,16],"class_list":{"0":"post-104411","1":"post","2":"type-post","3":"status-publish","4":"format-standard","5":"has-post-thumbnail","7":"category-suomi","8":"tag-24h","9":"tag-breaking-news","10":"tag-breakingnews","11":"tag-featured-news","12":"tag-featurednews","13":"tag-fi","14":"tag-finland","15":"tag-finnish","16":"tag-headlines","17":"tag-kylma-rintama","18":"tag-lampotila-saa","19":"tag-latest-news","20":"tag-latestnews","21":"tag-main-news","22":"tag-mainnews","23":"tag-meteorologia","24":"tag-news","25":"tag-otsikot","26":"tag-paauutiset","27":"tag-saa","28":"tag-saaennustus","29":"tag-suomi","30":"tag-top-stories","31":"tag-topstories","32":"tag-uutiset"},"share_on_mastodon":{"url":"https:\/\/pubeurope.com\/@fi\/115641751195126651","error":""},"_links":{"self":[{"href":"https:\/\/www.europesays.com\/fi\/wp-json\/wp\/v2\/posts\/104411","targetHints":{"allow":["GET"]}}],"collection":[{"href":"https:\/\/www.europesays.com\/fi\/wp-json\/wp\/v2\/posts"}],"about":[{"href":"https:\/\/www.europesays.com\/fi\/wp-json\/wp\/v2\/types\/post"}],"author":[{"embeddable":true,"href":"https:\/\/www.europesays.com\/fi\/wp-json\/wp\/v2\/users\/2"}],"replies":[{"embeddable":true,"href":"https:\/\/www.europesays.com\/fi\/wp-json\/wp\/v2\/comments?post=104411"}],"version-history":[{"count":0,"href":"https:\/\/www.europesays.com\/fi\/wp-json\/wp\/v2\/posts\/104411\/revisions"}],"wp:featuredmedia":[{"embeddable":true,"href":"https:\/\/www.europesays.com\/fi\/wp-json\/wp\/v2\/media\/104412"}],"wp:attachment":[{"href":"https:\/\/www.europesays.com\/fi\/wp-json\/wp\/v2\/media?parent=104411"}],"wp:term":[{"taxonomy":"category","embeddable":true,"href":"https:\/\/www.europesays.com\/fi\/wp-json\/wp\/v2\/categories?post=104411"},{"taxonomy":"post_tag","embeddable":true,"href":"https:\/\/www.europesays.com\/fi\/wp-json\/wp\/v2\/tags?post=104411"}],"curies":[{"name":"wp","href":"https:\/\/api.w.org\/{rel}","templated":true}]}}