{"id":104442,"date":"2025-12-01T02:42:09","date_gmt":"2025-12-01T02:42:09","guid":{"rendered":"https:\/\/www.europesays.com\/fi\/104442\/"},"modified":"2025-12-01T02:42:09","modified_gmt":"2025-12-01T02:42:09","slug":"tunnistatko-naytimme-koopenhaminassa-erika-vikmanin-kuvaa-kadulla","status":"publish","type":"post","link":"https:\/\/www.europesays.com\/fi\/104442\/","title":{"rendered":"\u201dTunnistatko?\u201d \u2013 N\u00e4ytimme K\u00f6\u00f6penhaminassa Erika Vikmanin kuvaa kadulla"},"content":{"rendered":"<p>Millainen mielikuva Suomella on pohjoismaisessa naapurimaassamme Tanskassa? Testasimme, kuinka hyvin tanskalaiset tuntevat suositun suomalaisartistin.<\/p>\n<p class=\"paragraph\">Jalkauduimme paikallisille kaduille K\u00f6\u00f6penhaminassa selvitt\u00e4m\u00e4\u00e4n, kuinka hyvin paikalliset tunnistavat menestyneen muusikon ja kuluvan vuoden 2025 Euroviisu-edustajamme <a href=\"https:\/\/www.iltalehti.fi\/henkilot\/Erika Vikman\" class=\"article-link-person-page\" rel=\"nofollow noopener\" target=\"_blank\">Erika Vikmanin<\/a>.<\/p>\n<p class=\"paragraph\">N\u00e4ytimme ohikulkijoille kahta kuvaa Vikmanista. Katso videolta, kuinka moni h\u00e4net tunnisti.<\/p>\n","protected":false},"excerpt":{"rendered":"Millainen mielikuva Suomella on pohjoismaisessa naapurimaassamme Tanskassa? Testasimme, kuinka hyvin tanskalaiset tuntevat suositun suomalaisartistin. Jalkauduimme paikallisille kaduille K\u00f6\u00f6penhaminassa&hellip;\n","protected":false},"author":2,"featured_media":104443,"comment_status":"","ping_status":"","sticky":false,"template":"","format":"standard","meta":{"footnotes":""},"categories":[136],"tags":[138,407,137,33,31,30,408,1390,47,979,32,484,139,109],"class_list":{"0":"post-104442","1":"post","2":"type-post","3":"status-publish","4":"format-standard","5":"has-post-thumbnail","7":"category-julkkikset","8":"tag-audio","9":"tag-celebrities","10":"tag-entertainment","11":"tag-fi","12":"tag-finland","13":"tag-finnish","14":"tag-julkkikset","15":"tag-kuukausi","16":"tag-musiikki","17":"tag-sahkoinen-media","18":"tag-suomi","19":"tag-taiteellinen-ilmaisu-ja-mediat","20":"tag-tv-ohjelmat","21":"tag-viihde"},"share_on_mastodon":{"url":"https:\/\/pubeurope.com\/@fi\/115642010408989748","error":""},"_links":{"self":[{"href":"https:\/\/www.europesays.com\/fi\/wp-json\/wp\/v2\/posts\/104442","targetHints":{"allow":["GET"]}}],"collection":[{"href":"https:\/\/www.europesays.com\/fi\/wp-json\/wp\/v2\/posts"}],"about":[{"href":"https:\/\/www.europesays.com\/fi\/wp-json\/wp\/v2\/types\/post"}],"author":[{"embeddable":true,"href":"https:\/\/www.europesays.com\/fi\/wp-json\/wp\/v2\/users\/2"}],"replies":[{"embeddable":true,"href":"https:\/\/www.europesays.com\/fi\/wp-json\/wp\/v2\/comments?post=104442"}],"version-history":[{"count":0,"href":"https:\/\/www.europesays.com\/fi\/wp-json\/wp\/v2\/posts\/104442\/revisions"}],"wp:featuredmedia":[{"embeddable":true,"href":"https:\/\/www.europesays.com\/fi\/wp-json\/wp\/v2\/media\/104443"}],"wp:attachment":[{"href":"https:\/\/www.europesays.com\/fi\/wp-json\/wp\/v2\/media?parent=104442"}],"wp:term":[{"taxonomy":"category","embeddable":true,"href":"https:\/\/www.europesays.com\/fi\/wp-json\/wp\/v2\/categories?post=104442"},{"taxonomy":"post_tag","embeddable":true,"href":"https:\/\/www.europesays.com\/fi\/wp-json\/wp\/v2\/tags?post=104442"}],"curies":[{"name":"wp","href":"https:\/\/api.w.org\/{rel}","templated":true}]}}