{"id":104452,"date":"2025-12-01T02:54:14","date_gmt":"2025-12-01T02:54:14","guid":{"rendered":"https:\/\/www.europesays.com\/fi\/104452\/"},"modified":"2025-12-01T02:54:14","modified_gmt":"2025-12-01T02:54:14","slug":"viranomainen-israel-tappanut-yli-70-000-ihmista-gazassa-sitten-lokakuun-2023-2","status":"publish","type":"post","link":"https:\/\/www.europesays.com\/fi\/104452\/","title":{"rendered":"Viranomainen: Israel tappanut yli 70\u202f000 ihmist\u00e4 Gazassa sitten lokakuun 2023"},"content":{"rendered":"<p>Esimerkiksi YK:n tutkintakomissio arvioi, ett\u00e4 Israel on syyllistynyt kansanmurhaan Gazassa.<\/p>\n<p>30.11. 1:19 | P\u00e4ivitetty 30.11. 2:33<\/p>\n<p class=\"article-body mb-nof-24 px-nof-16\">Gazassa yli 70\u202f000 ihmist\u00e4 on saanut surmansa sen j\u00e4lkeen, kun Israel alkoi moukaroida aluetta yli kaksi vuotta sitten, kertoo Gazan terveysministeri\u00f6.<\/p>\n<p class=\"article-body mb-nof-24 px-nof-16\">Terveysministeri\u00f6n mukaan Israelin asevoimien tulituksessa on kuollut yli 350 ihmist\u00e4 sen j\u00e4lkeen, kun Israelin ja \u00e4\u00e4rij\u00e4rjest\u00f6 Hamasin v\u00e4linen aselepo astui voimaan lokakuussa. Ministeri\u00f6n mukaan Gazan sairaaloihin on tuotu kahden viime vuorokauden aikana kaksi ruumista, joista toinen oli l\u00f6ydetty raunioista.<\/p>\n<p class=\"article-body mb-nof-24 px-nof-16\">Ministeri\u00f6 lis\u00e4si, ett\u00e4 kuolleiden m\u00e4\u00e4r\u00e4 nousi tuoreeltaan selv\u00e4sti, koska viranomaiset olivat saaneet varmennettua liki 300 kuolemantapausta.<\/p>\n<p class=\"article-body mb-nof-24 px-nof-16\">Muun muassa YK:n riippumaton tutkintakomissio <a class=\"article-genericlink\" href=\"https:\/\/www.ohchr.org\/en\/press-releases\/2025\/09\/israel-has-committed-genocide-gaza-strip-un-commission-finds?sub-site=HRC\" rel=\"nofollow noopener\" target=\"_blank\">on katsonut<\/a>, ett\u00e4 Israel on syyllistynyt kansanmurhaan Gazassa.<\/p>\n<p class=\"article-body mb-nof-24 px-nof-16\">Israel aloitti hy\u00f6kk\u00e4yksens\u00e4 Gazassa sen j\u00e4lkeen, kun Hamas ja muut palestiinalaiset \u00e4\u00e4rij\u00e4rjest\u00f6t olivat hy\u00f6k\u00e4nneet Israeliin lokakuun alkupuolella vuonna 2023. Israelilaisviranomaisten mukaan hy\u00f6kk\u00e4yksess\u00e4 sai surmansa yli 1\u202f200 ihmist\u00e4.<\/p>\n<p class=\"article-body mb-nof-24 px-nof-16\">Lis\u00e4ksi \u00e4\u00e4rij\u00e4rjest\u00f6t ottivat noin 250 panttivankia. Gazassa on tiett\u00e4v\u00e4sti en\u00e4\u00e4 kahden kuolleen panttivangin ruumiit.<\/p>\n<p class=\"article-body mb-nof-24 px-nof-16\">Muun muassa YK pit\u00e4\u00e4 Gazan terveysministeri\u00f6n ilmoittamia uhrilukuja luotettavina.<\/p>\n<p class=\"article-body mb-nof-24 px-nof-16\"><a class=\"article-genericlink\" href=\"https:\/\/www.haaretz.com\/gaza\/2025-11-29\/ty-article\/.premium\/gaza-death-toll-crosses-70-000-since-israel-hamas-war-began-gaza-health-ministry-says\/0000019a-d016-db2f-afdf-f63e3a530000?fromLogin=success\" rel=\"nofollow noopener\" target=\"_blank\">Israelilaislehti Haaretzin<\/a> mukaan Israel ei ole my\u00f6sk\u00e4\u00e4n julkistanut tietoja, jotka olisivat ristiriidassa Gazan terveysministeri\u00f6n ilmoittamien lukujen kanssa.<\/p>\n<p class=\"article-body mb-nof-24 px-nof-16\">Viime kuukausina useat tutkimukset ovat viitanneet siihen, ett\u00e4 surmansa saaneiden todellinen m\u00e4\u00e4r\u00e4 on jopa suurempi kuin ministeri\u00f6n ilmoittama luku.<\/p>\n<p class=\"article-body mb-nof-24 px-nof-16\">Lehti mainitsee lis\u00e4ksi, ett\u00e4 gazalaisministeri\u00f6n luvussa otetaan huomioon ainoastaan ne ihmiset, jotka ovat kuolleet suoraan Israelin asevoimien tulituksen seurauksena. Uhriluvussa eiv\u00e4t ole t\u00e4ten mukana ne ihmiset, jotka ovat kuolleet esimerkiksi n\u00e4lk\u00e4\u00e4n tai tauteihin Israelin hy\u00f6kk\u00e4yksen vuoksi.<\/p>\n<p class=\"article-body mb-nof-24 px-nof-16\">Haaretz kertoo, ett\u00e4 Gazan terveysministeri\u00f6n ja YK:n lastenrahasto Unicefin tietojen mukaan Israelin asevoimien iskut ovat tappaneet keskim\u00e4\u00e4rin kaksi alaik\u00e4ist\u00e4 p\u00e4iv\u00e4ss\u00e4 sen j\u00e4lkeen, kun aselepo astui voimaan.<\/p>\n<p class=\"article-body mb-nof-24 px-nof-16\">Synkk\u00e4 70\u202f000 kuolleen rajapyykki ylittyi samoihin aikoihin, kun YK on viett\u00e4nyt kansainv\u00e4list\u00e4 <a class=\"article-genericlink\" href=\"https:\/\/www.ykliitto.fi\/tapahtumat\/yk-paivat\/kansainvalinen-paiva-solidaarisuuden-osoittamiseksi-palestiinan-kansalle\" rel=\"nofollow noopener\" target=\"_blank\">teemap\u00e4iv\u00e4\u00e4<\/a> solidaarisuuden osoittamiseksi Palestiinan kansalle. Vuosittain marraskuun 29. p\u00e4iv\u00e4 j\u00e4rjestett\u00e4v\u00e4n teemap\u00e4iv\u00e4n tarkoituksena on valistaa ihmisi\u00e4 Palestiina-kysymyksess\u00e4 sek\u00e4 tukea Israelin ja Palestiinan konfliktin rauhanomaista ratkaisua.<\/p>\n<p class=\"article-body mb-nof-24 px-nof-16\">\u2013\u2009T\u00e4m\u00e4 tragedia on koetellut niin monin tavoin normeja ja lakeja, jotka ovat ohjanneet kansainv\u00e4list\u00e4 yhteis\u00f6\u00e4 sukupolvien ajan, YK:n p\u00e4\u00e4sihteeri <a class=\"article-personlink\" href=\"https:\/\/www.is.fi\/haku\/?query=Antonio%20Guterres\" rel=\"nofollow noopener\" target=\"_blank\">Antonio Guterres<\/a> sanoi <a class=\"article-genericlink\" href=\"https:\/\/www.un.org\/sg\/en\/content\/sg\/statements\/2025-11-29\/secretary-generals-message-the-international-day-of-solidarity-the-palestinian-people\" rel=\"nofollow noopener\" target=\"_blank\">lausunnossaan<\/a>.<\/p>\n<p class=\"article-body mb-nof-24 px-nof-16\">\u2013\u2009N\u00e4in monen siviilin surmaamista, koko v\u00e4est\u00f6n toistuvaa pakkosiirtoa ja humanitaarisen avun p\u00e4\u00e4syn est\u00e4mist\u00e4 ei tulisi miss\u00e4\u00e4n olosuhteissa hyv\u00e4ksy\u00e4, h\u00e4n jatkoi.<\/p>\n<p class=\"article-body mb-nof-24 px-nof-16\">Guterresin mukaan lokakuussa solmittu aselepo tuo kuitenkin toivon pilkahduksen.<\/p>\n<p class=\"article-body mb-nof-24 px-nof-16\">\u2013\u2009Nyt on elint\u00e4rke\u00e4\u00e4, ett\u00e4 kaikki osapuolet kunnioittavat sit\u00e4 t\u00e4ysin ja ty\u00f6skentelev\u00e4t vilpitt\u00f6m\u00e4sti sellaisten ratkaisujen l\u00f6yt\u00e4miseksi, jotka saattavat kansainv\u00e4lisen oikeuden j\u00e4lleen voimaan ja turvaavat sen noudattamisen, h\u00e4n sanoi.<\/p>\n<p class=\"article-body mb-nof-24 px-nof-16\">Israel ja Hamas ovat syytt\u00e4neet toisiaan aselevon rikkomisesta. Qatarilaismedia <a class=\"article-genericlink\" href=\"https:\/\/www.aljazeera.com\/news\/2025\/11\/29\/israeli-attack-kills-two-children-in-southern-gaza-despite-ceasefire\" rel=\"nofollow noopener\" target=\"_blank\">al-Jazeeran<\/a> mukaan Gazan mediatoimisto sanoi perjantaina, ett\u00e4 Israel on iskuillaan ja hy\u00f6kk\u00e4yksill\u00e4\u00e4n rikkonut aseleposopimusta yli 530 kertaa.<\/p>\n","protected":false},"excerpt":{"rendered":"Esimerkiksi YK:n tutkintakomissio arvioi, ett\u00e4 Israel on syyllistynyt kansanmurhaan Gazassa. 30.11. 1:19 | P\u00e4ivitetty 30.11. 2:33 Gazassa yli&hellip;\n","protected":false},"author":2,"featured_media":104453,"comment_status":"","ping_status":"","sticky":false,"template":"","format":"standard","meta":{"footnotes":""},"categories":[14],"tags":[22,23,26,27,33,31,30,17,34,24,25,28,29,15,18,21,32,19,20,56,16,59,60,61],"class_list":{"0":"post-104452","1":"post","2":"type-post","3":"status-publish","4":"format-standard","5":"has-post-thumbnail","7":"category-ulkomaat","8":"tag-breaking-news","9":"tag-breakingnews","10":"tag-featured-news","11":"tag-featurednews","12":"tag-fi","13":"tag-finland","14":"tag-finnish","15":"tag-headlines","16":"tag-ilta-sanomat","17":"tag-latest-news","18":"tag-latestnews","19":"tag-main-news","20":"tag-mainnews","21":"tag-news","22":"tag-otsikot","23":"tag-paauutiset","24":"tag-suomi","25":"tag-top-stories","26":"tag-topstories","27":"tag-ulkomaat","28":"tag-uutiset","29":"tag-world","30":"tag-world-news","31":"tag-worldnews"},"share_on_mastodon":{"url":"https:\/\/pubeurope.com\/@fi\/115642057697059965","error":""},"_links":{"self":[{"href":"https:\/\/www.europesays.com\/fi\/wp-json\/wp\/v2\/posts\/104452","targetHints":{"allow":["GET"]}}],"collection":[{"href":"https:\/\/www.europesays.com\/fi\/wp-json\/wp\/v2\/posts"}],"about":[{"href":"https:\/\/www.europesays.com\/fi\/wp-json\/wp\/v2\/types\/post"}],"author":[{"embeddable":true,"href":"https:\/\/www.europesays.com\/fi\/wp-json\/wp\/v2\/users\/2"}],"replies":[{"embeddable":true,"href":"https:\/\/www.europesays.com\/fi\/wp-json\/wp\/v2\/comments?post=104452"}],"version-history":[{"count":0,"href":"https:\/\/www.europesays.com\/fi\/wp-json\/wp\/v2\/posts\/104452\/revisions"}],"wp:featuredmedia":[{"embeddable":true,"href":"https:\/\/www.europesays.com\/fi\/wp-json\/wp\/v2\/media\/104453"}],"wp:attachment":[{"href":"https:\/\/www.europesays.com\/fi\/wp-json\/wp\/v2\/media?parent=104452"}],"wp:term":[{"taxonomy":"category","embeddable":true,"href":"https:\/\/www.europesays.com\/fi\/wp-json\/wp\/v2\/categories?post=104452"},{"taxonomy":"post_tag","embeddable":true,"href":"https:\/\/www.europesays.com\/fi\/wp-json\/wp\/v2\/tags?post=104452"}],"curies":[{"name":"wp","href":"https:\/\/api.w.org\/{rel}","templated":true}]}}