{"id":104492,"date":"2025-12-01T04:13:12","date_gmt":"2025-12-01T04:13:12","guid":{"rendered":"https:\/\/www.europesays.com\/fi\/104492\/"},"modified":"2025-12-01T04:13:12","modified_gmt":"2025-12-01T04:13:12","slug":"vakava-sairastuminen-voi-iskea-talouteen-ja-toimeentuloon","status":"publish","type":"post","link":"https:\/\/www.europesays.com\/fi\/104492\/","title":{"rendered":"Vakava sairastuminen voi iske\u00e4 talouteen ja toimeentuloon"},"content":{"rendered":"<p>Toimittaja Minna Ala-Heikkil\u00e4 kertoo juttusarjassaan, millaista on sairastaa sy\u00f6p\u00e4\u00e4. Sarjan 12. osassa h\u00e4n kertoo, miten vakava ja pitk\u00e4kestoinen sairaus voi iske\u00e4 talouteen ja toimeentuloon.<\/p>\n<p>30.11. 12:00<\/p>\n<p class=\"article-body mb-nof-24 px-nof-16\">Sairastumiseni sy\u00f6p\u00e4\u00e4n on avannut silm\u00e4ni sille, ett\u00e4 vaikka Suomessa julkisesta terveydenhuollosta joutuukin maksamaan vain murto-osan siit\u00e4, mit\u00e4 hoidon ja tutkimusten kustannukset todellisuudessa ovat, \u00e4killisesti ilmaantuvat sairauskulut voivat silti kuormittaa potilasta.<\/p>\n","protected":false},"excerpt":{"rendered":"Toimittaja Minna Ala-Heikkil\u00e4 kertoo juttusarjassaan, millaista on sairastaa sy\u00f6p\u00e4\u00e4. Sarjan 12. osassa h\u00e4n kertoo, miten vakava ja pitk\u00e4kestoinen&hellip;\n","protected":false},"author":2,"featured_media":104493,"comment_status":"","ping_status":"","sticky":false,"template":"","format":"standard","meta":{"footnotes":""},"categories":[12],"tags":[22,23,26,27,33,31,30,17,24,25,28,29,15,18,21,80,32,19,20,16],"class_list":{"0":"post-104492","1":"post","2":"type-post","3":"status-publish","4":"format-standard","5":"has-post-thumbnail","7":"category-suomi","8":"tag-breaking-news","9":"tag-breakingnews","10":"tag-featured-news","11":"tag-featurednews","12":"tag-fi","13":"tag-finland","14":"tag-finnish","15":"tag-headlines","16":"tag-latest-news","17":"tag-latestnews","18":"tag-main-news","19":"tag-mainnews","20":"tag-news","21":"tag-otsikot","22":"tag-paauutiset","23":"tag-satakunnan-kansa","24":"tag-suomi","25":"tag-top-stories","26":"tag-topstories","27":"tag-uutiset"},"share_on_mastodon":{"url":"https:\/\/pubeurope.com\/@fi\/115642368271692429","error":""},"_links":{"self":[{"href":"https:\/\/www.europesays.com\/fi\/wp-json\/wp\/v2\/posts\/104492","targetHints":{"allow":["GET"]}}],"collection":[{"href":"https:\/\/www.europesays.com\/fi\/wp-json\/wp\/v2\/posts"}],"about":[{"href":"https:\/\/www.europesays.com\/fi\/wp-json\/wp\/v2\/types\/post"}],"author":[{"embeddable":true,"href":"https:\/\/www.europesays.com\/fi\/wp-json\/wp\/v2\/users\/2"}],"replies":[{"embeddable":true,"href":"https:\/\/www.europesays.com\/fi\/wp-json\/wp\/v2\/comments?post=104492"}],"version-history":[{"count":0,"href":"https:\/\/www.europesays.com\/fi\/wp-json\/wp\/v2\/posts\/104492\/revisions"}],"wp:featuredmedia":[{"embeddable":true,"href":"https:\/\/www.europesays.com\/fi\/wp-json\/wp\/v2\/media\/104493"}],"wp:attachment":[{"href":"https:\/\/www.europesays.com\/fi\/wp-json\/wp\/v2\/media?parent=104492"}],"wp:term":[{"taxonomy":"category","embeddable":true,"href":"https:\/\/www.europesays.com\/fi\/wp-json\/wp\/v2\/categories?post=104492"},{"taxonomy":"post_tag","embeddable":true,"href":"https:\/\/www.europesays.com\/fi\/wp-json\/wp\/v2\/tags?post=104492"}],"curies":[{"name":"wp","href":"https:\/\/api.w.org\/{rel}","templated":true}]}}