{"id":104511,"date":"2025-12-01T04:52:11","date_gmt":"2025-12-01T04:52:11","guid":{"rendered":"https:\/\/www.europesays.com\/fi\/104511\/"},"modified":"2025-12-01T04:52:11","modified_gmt":"2025-12-01T04:52:11","slug":"havyton-kasky-krista-parmakoski-maarattiin-nukkumaan-autotalliin","status":"publish","type":"post","link":"https:\/\/www.europesays.com\/fi\/104511\/","title":{"rendered":"H\u00e4vyt\u00f6n k\u00e4sky \u2013 Krista P\u00e4rm\u00e4koski m\u00e4\u00e4r\u00e4ttiin nukkumaan autotalliin"},"content":{"rendered":"<p>Pirjo Muranen muistelee entisen maajoukkuekaverinsa uraa.<\/p>\n<p class=\"paragraph\"><strong>Krista P\u00e4rm\u00e4kosken<\/strong> olympiaura alkoi sangen erikoisessa majapaikassa.<\/p>\n<p class=\"paragraph\">\u2013 Asuimme Kristan ja <strong>Kirsi Per\u00e4l\u00e4n<\/strong> kanssa autotallissa, muistelee Iltalehden hiihtoasiantuntija <strong>Pirjo Muranen<\/strong>.<\/p>\n<p class=\"paragraph\">Vancouverin vuoden 2010 olympialaisten maastohiihtomittel\u00f6t j\u00e4rjestettiin Whistleriss\u00e4. Vuoristopaikkakunnalla olympiakyl\u00e4n\u00e4 toimi uudehko huoneistohotellimainen rakennuskompleksi.<\/p>\n<p class=\"paragraph\">\u2013 Samassa talossa majoittuivat <strong>Virpi Sarasvuo<\/strong>, <strong>Aino-Kaisa Saarinen<\/strong>, <strong>Kaisa M\u00e4k\u00e4r\u00e4inen<\/strong>, <strong>Tanja Poutiainen<\/strong>, <strong>Riitta-Liisa Lassila<\/strong> ja <strong>Riikka Sarasoja-Lilja<\/strong>. He olivat huoneistoissa.<\/p>\n<p class=\"paragraph\">Tuntuu hyvin erikoiselta, ettei Muraselle, P\u00e4rm\u00e4koskelle ja Per\u00e4l\u00e4lle l\u00f6ytynyt muuta paikkaa kuin autotalli.<\/p>\n<p class=\"paragraph\">\u2013 Sill\u00e4 hetkell\u00e4 se ei ollut autotalli, vaan todenn\u00e4k\u00f6isesti vasta my\u00f6hemmin se otettiin varsinaiseen autotallik\u00e4ytt\u00f6\u00f6n, Muranen kuvailee.<\/p>\n<p class=\"paragraph\">Suomalaiskolmikon pilttuussa oli pedit ja niukka sisustus. Sis\u00e4\u00e4nk\u00e4ynti ei sent\u00e4\u00e4n tapahtunut auto-ovesta.<\/p>\n<p class=\"paragraph\">\u2013 Meill\u00e4 oli hyv\u00e4 henki, eik\u00e4 mit\u00e4\u00e4n h\u00e4t\u00e4\u00e4. Uni tuli, vaikka esimerkiksi hiekoitusauton \u00e4\u00e4net kuuluivat ulkoa hirve\u00e4n hyvin.<\/p>\n<p class=\"paragraph\">P\u00e4rm\u00e4kosken paras sijoitus autotallimajoituskisoissa oli 25:s, Muranen pokkasi viestipronssia ja Per\u00e4l\u00e4 (nykyisin Kirsi Helen) oli sprintiss\u00e4 yhdeks\u00e4stoista.<\/p>\n<p>\u201dHuikea ura\u201d<img decoding=\"async\" class=\"image image-show image-preview\" src=\"https:\/\/www.europesays.com\/fi\/wp-content\/uploads\/2025\/12\/8f712e229246ea9688918cbeab347d92e69c6c2900732c95ac7341355ab975b5.jpg\" alt=\"\"\/><img decoding=\"async\" class=\"image image-show\" src=\"https:\/\/www.europesays.com\/fi\/wp-content\/uploads\/2025\/12\/1764564729_319_8f712e229246ea9688918cbeab347d92e69c6c2900732c95ac7341355ab975b5.jpg\" alt=\"\"\/><\/p>\n<p>Krista P\u00e4rm\u00e4koski ilmoitti torstaina lopettavansa maastohiihtouransa t\u00e4m\u00e4n kauden j\u00e4lkeen. Pasi Liesimaa<\/p>\n<p class=\"paragraph\">Viel\u00e4 kuukausi sitten Muranen arvioi, ett\u00e4 P\u00e4rm\u00e4kosken ura jatkuu kauden 2025\u201326 j\u00e4lkeen.<\/p>\n<p class=\"paragraph\">Torstaina Kuusamossa Ikaalisten urheilija ilmoitti, ett\u00e4 sukset sujahtavat pussiin huhtikuun 2026 Inarin SM-hiihtojen j\u00e4lkeen.<\/p>\n<p class=\"paragraph\">\u2013 Tietyll\u00e4 tavalla yll\u00e4tt\u00e4v\u00e4\u00e4, mutta toisaalta ei. Pitk\u00e4 ura takana, joten h\u00e4n miettii varmasti, mit\u00e4 muuta el\u00e4m\u00e4lt\u00e4 haluaa. Ei ole pettymys, ett\u00e4 miksi lopettaa nyt. Melko luonnollinen aika p\u00e4\u00e4tt\u00e4\u00e4 ura olympiatalven j\u00e4lkeen, Muranen toteaa.<\/p>\n<p class=\"paragraph\">H\u00e4n luonnehtii kuortanelaisen uraa \u201dhuikeaksi\u201d.<\/p>\n<p class=\"paragraph\">\u2013 H\u00e4n tuli nuorena maajoukkuerinkiin ja on pysynyt l\u00e4pi uransa k\u00e4rkikahinoissa.<\/p>\n<p class=\"paragraph\"><strong>Millainen tyyppi P\u00e4rm\u00e4koski on?<\/strong><\/p>\n<p class=\"paragraph\">\u2013 Periksiantamaton ja p\u00e4\u00e4m\u00e4\u00e4r\u00e4tietoinen ihminen, joka ei arkaile uusissakaan tilanteissa, Muranen vastaa.<\/p>\n<p>Krista P\u00e4rm\u00e4kosken (vas.) olympiaura alkoi Kanadassa vuonna 2010. Kuvassa oikealla Aino-Kaisa Saarinen. Kari Kuukka<\/p>\n<p><a href=\"https:\/\/www.iltalehti.fi\/telkku\/?utm_source=iltalehti.fi&amp;utm_medium=almainternal&amp;utm_campaign=urheilu_artikkelibanneri&amp;utm_content=banner_612_a\" rel=\"nofollow noopener\" target=\"_blank\"><img decoding=\"async\" src=\"https:\/\/www.europesays.com\/fi\/wp-content\/uploads\/2025\/08\/7ef604e47d46ca174b7df4149bd3557dbde56a86d520f8e1b2125548b0a2e03a.png\" alt=\"TV-ohjelmat t\u00e4n\u00e4\u00e4n, TV-opas\"\/><\/a><\/p>\n","protected":false},"excerpt":{"rendered":"Pirjo Muranen muistelee entisen maajoukkuekaverinsa uraa. Krista P\u00e4rm\u00e4kosken olympiaura alkoi sangen erikoisessa majapaikassa. \u2013 Asuimme Kristan ja Kirsi&hellip;\n","protected":false},"author":2,"featured_media":104512,"comment_status":"","ping_status":"","sticky":false,"template":"","format":"standard","meta":{"footnotes":""},"categories":[136],"tags":[35,407,137,33,31,30,2096,408,41,3318,2668,32,1145,109],"class_list":{"0":"post-104511","1":"post","2":"type-post","3":"status-publish","4":"format-standard","5":"has-post-thumbnail","7":"category-julkkikset","8":"tag-24h","9":"tag-celebrities","10":"tag-entertainment","11":"tag-fi","12":"tag-finland","13":"tag-finnish","14":"tag-hiihtolajit","15":"tag-julkkikset","16":"tag-liikunta-ja-urheilu","17":"tag-maastohiihto","18":"tag-pohjoismaiset-hiihtolajit","19":"tag-suomi","20":"tag-talviurheilu","21":"tag-viihde"},"share_on_mastodon":{"url":"https:\/\/pubeurope.com\/@fi\/115642521682833497","error":""},"_links":{"self":[{"href":"https:\/\/www.europesays.com\/fi\/wp-json\/wp\/v2\/posts\/104511","targetHints":{"allow":["GET"]}}],"collection":[{"href":"https:\/\/www.europesays.com\/fi\/wp-json\/wp\/v2\/posts"}],"about":[{"href":"https:\/\/www.europesays.com\/fi\/wp-json\/wp\/v2\/types\/post"}],"author":[{"embeddable":true,"href":"https:\/\/www.europesays.com\/fi\/wp-json\/wp\/v2\/users\/2"}],"replies":[{"embeddable":true,"href":"https:\/\/www.europesays.com\/fi\/wp-json\/wp\/v2\/comments?post=104511"}],"version-history":[{"count":0,"href":"https:\/\/www.europesays.com\/fi\/wp-json\/wp\/v2\/posts\/104511\/revisions"}],"wp:featuredmedia":[{"embeddable":true,"href":"https:\/\/www.europesays.com\/fi\/wp-json\/wp\/v2\/media\/104512"}],"wp:attachment":[{"href":"https:\/\/www.europesays.com\/fi\/wp-json\/wp\/v2\/media?parent=104511"}],"wp:term":[{"taxonomy":"category","embeddable":true,"href":"https:\/\/www.europesays.com\/fi\/wp-json\/wp\/v2\/categories?post=104511"},{"taxonomy":"post_tag","embeddable":true,"href":"https:\/\/www.europesays.com\/fi\/wp-json\/wp\/v2\/tags?post=104511"}],"curies":[{"name":"wp","href":"https:\/\/api.w.org\/{rel}","templated":true}]}}