{"id":104550,"date":"2025-12-01T05:56:12","date_gmt":"2025-12-01T05:56:12","guid":{"rendered":"https:\/\/www.europesays.com\/fi\/104550\/"},"modified":"2025-12-01T05:56:12","modified_gmt":"2025-12-01T05:56:12","slug":"endomines-tahtaa-jopa-kolmeen-uuteen-kultakaivokseen-ilomantsiin-pohjois-karjala","status":"publish","type":"post","link":"https:\/\/www.europesays.com\/fi\/104550\/","title":{"rendered":"Endomines t\u00e4ht\u00e4\u00e4 jopa kolmeen uuteen kulta\u00adkaivokseen Ilomantsiin | Pohjois-Karjala"},"content":{"rendered":"<p class=\"aw-1gybjub aw-5vja16 kEtdKx kmuxyA yle__article__paragraph\">Kaivosyhti\u00f6 Endominesin suunnitelmat niin kutsutulla Etel\u00e4isell\u00e4 kultalinjalla Ilomantsissa tarkentuvat. Yhti\u00f6 haluaa alueelle jopa kolme erillist\u00e4 kultakaivosta. <\/p>\n<p><img decoding=\"async\" alt=\"Kartta, johon merkitty Ilomantsi, kaivokset ja ns. etel\u00e4inen kultalinja.\" src=\"https:\/\/www.europesays.com\/fi\/wp-content\/uploads\/2025\/12\/39-155752069203caf05ec1.jpeg\" class=\"aw-1l9m598 hKVVvP\"\/><\/p>\n<p>Avaa kuvien katselu<\/p>\n<p>Etel\u00e4isell\u00e4 kultalinjalla on mittausten mukaan kallioper\u00e4ss\u00e4 enemm\u00e4n kultavarantoja kuin jo toimivien Pampalon ja Hoskon kaivosten alueilla. Kuva: Heikki Haapalainen \/ Yle, Mapcreator, Openstreetmap<\/p>\n<p class=\"aw-1gybjub aw-1p7kakr kEtdKx cEmitX yle__article__paragraph\">Kaivosyhti\u00f6 Endomines Finland haluaa avata Etel\u00e4iselle kultalinjalle Ilomantsiin useita louhoksia parin vuoden kuluttua.<\/p>\n<p class=\"aw-1gybjub aw-1p7kakr kEtdKx cEmitX yle__article__paragraph\">Endominesin toimitusjohtaja <strong class=\"aw-ak79eh KyCXm yle__article__strong\">Kari Vyhtinen<\/strong> kertoi Ylelle, ett\u00e4 uusia louhoksia voi tulla kolme: yksi Kuittilaan, toinen Korvilansuolle ja kolmas Ukkolanvaaraan. Suunnitelmat tarkentuvat ensi vuonna.<\/p>\n<p class=\"aw-1gybjub aw-1p7kakr kEtdKx cEmitX yle__article__paragraph\">Toimitusjohtajan mukaan ymp\u00e4rist\u00f6haittoja l\u00e4heiselle asutukselle on mahdollista v\u00e4hent\u00e4\u00e4 esimerkiksi siirtym\u00e4ll\u00e4 nopeasti avolouhoksesta maan alle, rakentamalla meluvalleja ja k\u00e4ytt\u00e4m\u00e4ll\u00e4 v\u00e4hemm\u00e4n \u00e4\u00e4nekk\u00e4it\u00e4 koneita.<\/p>\n<p class=\"aw-1gybjub aw-1p7kakr kEtdKx cEmitX yle__article__paragraph\">Vyhtinen sanoo, ett\u00e4 eniten kaivosyhti\u00f6 keskittyy l\u00e4hivesien pit\u00e4miseen puhtaina. Vedenlaadun tarkkailua varten yhti\u00f6 aikoo perustaa suunnitellulle tuotantoalueelle yhteens\u00e4 useita kymmeni\u00e4 mittauspaikkoja.<\/p>\n<p class=\"aw-1gybjub aw-1p7kakr kEtdKx cEmitX yle__article__paragraph\">Ent\u00e4 jos kaivovesi pilaantuu joltakin kotitaloudelta?<\/p>\n<p class=\"aw-1gybjub aw-1p7kakr kEtdKx cEmitX yle__article__paragraph\">\u2013 Teemme kaikkemme, ett\u00e4 n\u00e4in ei tapahtuisi. Jos jotakin tapahtuu, totta kai Endomines korvaa, toimitusjohtaja lupaa.<\/p>\n<p>Toimitusjohtajan mukaan mets\u00e4stys ja marjastus voi jatkua<\/p>\n<p class=\"aw-1gybjub aw-1p7kakr kEtdKx cEmitX yle__article__paragraph\">Toimitusjohtaja Vyhtisen mukaan mets\u00e4stys, marjastus ja sienestys l\u00e4hialueella voi kaivoshankkeesta huolimatta jatkua my\u00f6s tulevaisuudessa.<\/p>\n<p class=\"aw-1gybjub aw-1p7kakr kEtdKx cEmitX yle__article__paragraph\">\u2013 Uskon, ett\u00e4 alueelle mahtuu monenlaista toimintaa. Omat ty\u00f6ntekij\u00e4mmekin arvostavat paljon n\u00e4it\u00e4 asioita, toimitusjohtaja vakuuttaa.<\/p>\n<p class=\"aw-1gybjub aw-1p7kakr kEtdKx cEmitX yle__article__paragraph\">Kaivosten toiminta-ajaksi Endomines arvioi v\u00e4hint\u00e4\u00e4n 13\u201320 vuotta, mutta aika voi lupaavien varantojen vuoksi olla pitempikin. Kun kaivoksen toiminta p\u00e4\u00e4ttyy, maastoon j\u00e4\u00e4v\u00e4t kaivosmontut t\u00e4yttyv\u00e4t vedell\u00e4.<\/p>\n<p class=\"aw-1gybjub aw-1p7kakr kEtdKx cEmitX yle__article__paragraph\">\u2013 Muuten alue entis\u00f6id\u00e4\u00e4n sen n\u00e4k\u00f6iseksi, ett\u00e4 se on kuin luonnontilassa, Vyhtinen lupaa paikallisille asukkaille.<\/p>\n<p class=\"aw-1gybjub aw-1p7kakr kEtdKx cEmitX yle__article__paragraph\">Kaivosyhti\u00f6 lupaa j\u00e4rjest\u00e4\u00e4 paikallisille asukkaille seuraavan kuulemistilaisuuden alkuvuonna.<\/p>\n<p class=\"aw-1gybjub aw-1p7kakr kEtdKx cEmitX yle__article__paragraph\">Endomines arvioi investoivansa Ilomantsiin vuoteen 2030 menness\u00e4 100\u2013200 miljoonaa euroa. Jo ensi vuonna investoinnit ovat Vyhtisen mukaan 15 miljoonaa euroa.<\/p>\n<p class=\"aw-1gybjub aw-1p7kakr kEtdKx cEmitX yle__article__paragraph\">Ty\u00f6paikkojensa yhti\u00f6 arvioi kasvavan sadasta jopa 500:aan l\u00e4hivuosina.<\/p>\n","protected":false},"excerpt":{"rendered":"Kaivosyhti\u00f6 Endominesin suunnitelmat niin kutsutulla Etel\u00e4isell\u00e4 kultalinjalla Ilomantsissa tarkentuvat. Yhti\u00f6 haluaa alueelle jopa kolme erillist\u00e4 kultakaivosta. Avaa kuvien&hellip;\n","protected":false},"author":2,"featured_media":104551,"comment_status":"","ping_status":"","sticky":false,"template":"","format":"standard","meta":{"footnotes":""},"categories":[76],"tags":[79,77,33,31,30,1687,7966,1054,1684,1055,7979,19789,1137,32,78,18345,1356],"class_list":{"0":"post-104550","1":"post","2":"type-post","3":"status-publish","4":"format-standard","5":"has-post-thumbnail","7":"category-talous","8":"tag-business","9":"tag-economy","10":"tag-fi","11":"tag-finland","12":"tag-finnish","13":"tag-ilomantsi","14":"tag-jalometallit","15":"tag-kaivokset","16":"tag-kaivosteollisuus","17":"tag-kaivostoiminta","18":"tag-kulta","19":"tag-louhinta","20":"tag-pohjois-karjala","21":"tag-suomi","22":"tag-talous","23":"tag-ymparistohaitat","24":"tag-yritykset"},"share_on_mastodon":{"url":"https:\/\/pubeurope.com\/@fi\/115642773574476561","error":""},"_links":{"self":[{"href":"https:\/\/www.europesays.com\/fi\/wp-json\/wp\/v2\/posts\/104550","targetHints":{"allow":["GET"]}}],"collection":[{"href":"https:\/\/www.europesays.com\/fi\/wp-json\/wp\/v2\/posts"}],"about":[{"href":"https:\/\/www.europesays.com\/fi\/wp-json\/wp\/v2\/types\/post"}],"author":[{"embeddable":true,"href":"https:\/\/www.europesays.com\/fi\/wp-json\/wp\/v2\/users\/2"}],"replies":[{"embeddable":true,"href":"https:\/\/www.europesays.com\/fi\/wp-json\/wp\/v2\/comments?post=104550"}],"version-history":[{"count":0,"href":"https:\/\/www.europesays.com\/fi\/wp-json\/wp\/v2\/posts\/104550\/revisions"}],"wp:featuredmedia":[{"embeddable":true,"href":"https:\/\/www.europesays.com\/fi\/wp-json\/wp\/v2\/media\/104551"}],"wp:attachment":[{"href":"https:\/\/www.europesays.com\/fi\/wp-json\/wp\/v2\/media?parent=104550"}],"wp:term":[{"taxonomy":"category","embeddable":true,"href":"https:\/\/www.europesays.com\/fi\/wp-json\/wp\/v2\/categories?post=104550"},{"taxonomy":"post_tag","embeddable":true,"href":"https:\/\/www.europesays.com\/fi\/wp-json\/wp\/v2\/tags?post=104550"}],"curies":[{"name":"wp","href":"https:\/\/api.w.org\/{rel}","templated":true}]}}