{"id":104581,"date":"2025-12-01T06:40:09","date_gmt":"2025-12-01T06:40:09","guid":{"rendered":"https:\/\/www.europesays.com\/fi\/104581\/"},"modified":"2025-12-01T06:40:09","modified_gmt":"2025-12-01T06:40:09","slug":"yksi-odotetuimmista-kotimaisista-sarjoista-saa-tanaan-jatkoa-episodi-fi","status":"publish","type":"post","link":"https:\/\/www.europesays.com\/fi\/104581\/","title":{"rendered":"Yksi odotetuimmista kotimaisista sarjoista saa t\u00e4n\u00e4\u00e4n jatkoa &#8211; Episodi.fi"},"content":{"rendered":"<ol>\n<li><a href=\"https:\/\/news.google.com\/rss\/articles\/CBMilwFBVV95cUxQaS1QMHUwSUVZSW8yQzFDRmZXaW13WS1FTkRrNUc2TU9DTk1DSDQxN2Z3VklnYVNlVXljMjNkbmU0Z0JlTWUyNzdSWTQzSHF6aXJqVUtEeUlod29lZ3pTUlVCVzlnRU1EX2YwRWlvSUxHWHQtcU5jcUFsYnpINlMtcGlVZ0F6b29qcU1LbEI0RGJZeklkaFo0?oc=5\" target=\"_blank\" rel=\"nofollow noopener\">Yksi odotetuimmista kotimaisista sarjoista saa t\u00e4n\u00e4\u00e4n jatkoa<\/a>&nbsp;&nbsp;Episodi.fi<\/li>\n<li><a href=\"https:\/\/news.google.com\/rss\/articles\/CBMiiAFBVV95cUxPRDVON3l0SFJiRERQLUNxTnNfd195VEV4TWgtUDk0T0FZWnNWcmIyY09Xb1k0QUh2cjgxY0UzanVKc0MwcTdhYlNIV3ZpNjdQS0lCQ1ZLdTBBVXVhSWF3QVdtMkktcTBKMWI0TDFzM0RKQzFfTWdyRE1KbkRqM0lkSTh6ZTBlNkxW?oc=5\" target=\"_blank\" rel=\"nofollow noopener\">UFF:n vaatteilla loihdittiin 80-luvun tunnelma Munkkivuori-sarjaan<\/a>&nbsp;&nbsp;uff.fi<\/li>\n<li><a href=\"https:\/\/news.google.com\/rss\/articles\/CBMi5gFBVV95cUxPVHRYWkUya25ZQ0ZsWnlxQ2paTHpUY3ZGOVNnbDIzaktyY2t3dHVKWWFtM09UNkY0elVZWWUxOUJ0U041aGtFSFBBMmZLakJpZDJKcEh5bkxldDdBWVBBWE56SWJnYm9LamZ6bUlpWDdFTGUxMTFkY3FfOVk2X2M5LVdOWEdfLXBMMHF4YW1SUDVmQ3luTWMxWXdNRVdoeUsyZWV3eXMwN2EycVpBQ2xzbjhLSzJiQ3VvRTdZbmlVbHhnZlA1RmNPTDFxX3NqZWJpWmY5NnpMeE1JREw3Rk1INmM2VzlHUQ?oc=5\" target=\"_blank\" rel=\"nofollow noopener\">Arvostelu Munkkivuori-sarjan laatu on pysynyt korkealla \u2013 koko uusi kausi tekee mieli katsoa putkeen<\/a>&nbsp;&nbsp;Muropaketti.com<\/li>\n<li><a href=\"https:\/\/news.google.com\/rss\/articles\/CBMiSkFVX3lxTE5iZHBaS0ZIdUNNWGZucTgyclVMdzNYUXVZT3Jib1RRUmdMZ0hOU3cybWVfNGRiMW1JTjdWQTlOMGhKS0M5a1RwM213?oc=5\" target=\"_blank\" rel=\"nofollow noopener\">Munkkivuori-sarjan kakkoskaudella salaper\u00e4inen Lola katoaa \u2013 Jani Volasen uniikki atmosf\u00e4\u00e4ri tuntuu yh\u00e4<\/a>&nbsp;&nbsp;Seura.fi<\/li>\n<li><a href=\"https:\/\/news.google.com\/rss\/articles\/CBMipwFBVV95cUxOX1FTQWhGbDhmMllXUHczZ2VHV3NlTURFNnBiNmYwZmg4T1RtdGZ2X0lIbUVick5TeXBMSFIxQWtCWk1fR3JLQ29OVTgzbFpFQnB5QVd0NG9Pb1loTzJtTUs0bWg2Z2lSLTNfLTg5S1U2SmEyNFEzWmRVM1RJNkp1dHdEbEFHV2RFdHFSTFVXNmE2X0hpSmQ5ZW9JcU16cHpBSnBZRkh5aw?oc=5\" target=\"_blank\" rel=\"nofollow noopener\">Munkkivuori 2: All the Best Girls \u2013 Suosikkisarjan toinen tuleminen<\/a>&nbsp;&nbsp;Keskipohjanmaa<\/li>\n<\/ol>\n","protected":false},"excerpt":{"rendered":"Yksi odotetuimmista kotimaisista sarjoista saa t\u00e4n\u00e4\u00e4n jatkoa&nbsp;&nbsp;Episodi.fi UFF:n vaatteilla loihdittiin 80-luvun tunnelma Munkkivuori-sarjaan&nbsp;&nbsp;uff.fi Arvostelu Munkkivuori-sarjan laatu on pysynyt&hellip;\n","protected":false},"author":2,"featured_media":104582,"comment_status":"","ping_status":"","sticky":false,"template":"","format":"standard","meta":{"footnotes":""},"categories":[133],"tags":[137,33,31,30,32,206,571,156,109],"class_list":{"0":"post-104581","1":"post","2":"type-post","3":"status-publish","4":"format-standard","5":"has-post-thumbnail","7":"category-televisiot","8":"tag-entertainment","9":"tag-fi","10":"tag-finland","11":"tag-finnish","12":"tag-suomi","13":"tag-televisiot","14":"tag-tv-sarjat","15":"tag-tv","16":"tag-viihde"},"share_on_mastodon":{"url":"https:\/\/pubeurope.com\/@fi\/115642946211468538","error":""},"_links":{"self":[{"href":"https:\/\/www.europesays.com\/fi\/wp-json\/wp\/v2\/posts\/104581","targetHints":{"allow":["GET"]}}],"collection":[{"href":"https:\/\/www.europesays.com\/fi\/wp-json\/wp\/v2\/posts"}],"about":[{"href":"https:\/\/www.europesays.com\/fi\/wp-json\/wp\/v2\/types\/post"}],"author":[{"embeddable":true,"href":"https:\/\/www.europesays.com\/fi\/wp-json\/wp\/v2\/users\/2"}],"replies":[{"embeddable":true,"href":"https:\/\/www.europesays.com\/fi\/wp-json\/wp\/v2\/comments?post=104581"}],"version-history":[{"count":0,"href":"https:\/\/www.europesays.com\/fi\/wp-json\/wp\/v2\/posts\/104581\/revisions"}],"wp:featuredmedia":[{"embeddable":true,"href":"https:\/\/www.europesays.com\/fi\/wp-json\/wp\/v2\/media\/104582"}],"wp:attachment":[{"href":"https:\/\/www.europesays.com\/fi\/wp-json\/wp\/v2\/media?parent=104581"}],"wp:term":[{"taxonomy":"category","embeddable":true,"href":"https:\/\/www.europesays.com\/fi\/wp-json\/wp\/v2\/categories?post=104581"},{"taxonomy":"post_tag","embeddable":true,"href":"https:\/\/www.europesays.com\/fi\/wp-json\/wp\/v2\/tags?post=104581"}],"curies":[{"name":"wp","href":"https:\/\/api.w.org\/{rel}","templated":true}]}}