{"id":104596,"date":"2025-12-01T07:09:08","date_gmt":"2025-12-01T07:09:08","guid":{"rendered":"https:\/\/www.europesays.com\/fi\/104596\/"},"modified":"2025-12-01T07:09:08","modified_gmt":"2025-12-01T07:09:08","slug":"sisu-2n-tekijoiden-toive-ei-toteutunut-uudet-luvut-usasta-ovat-kylmaa-katsottavaa","status":"publish","type":"post","link":"https:\/\/www.europesays.com\/fi\/104596\/","title":{"rendered":"Sisu 2:n tekij\u00f6iden toive ei toteutunut &#8211; uudet luvut USA:sta ovat kylm\u00e4\u00e4 katsottavaa"},"content":{"rendered":"<p>Kuva: Kristjan M\u00f5ru  \u00a92025 CTMG, Inc. <\/p>\n<p>Jalmari Helanderin ensimm\u00e4inen Sisu-elokuva pysyi USA:n TOP 10 -listalla kolme viikkoa vuonna 2023. Jatko-osa ei v\u00e4ltt\u00e4m\u00e4tt\u00e4 tule ylt\u00e4m\u00e4\u00e4n samaan.<\/p>\n<p><a href=\"https:\/\/muropaketti.com\/avainsana\/sisu-2\/\" rel=\"nofollow noopener\" target=\"_blank\">Sisu 2:n<\/a> eli Sisu: Road to Revengen menestytty\u00e4 avausviikonloppunaan jonkin verran heikommin kuin ennakkoon oli veikattu, jaksoi tuottaja Petri Jokiranta viel\u00e4 valaa uskoa elokuvan menestykseen.<\/p>\n<p>\u201dN\u00e4ist\u00e4 asemista\u00a0Sisu 2:n on hyv\u00e4 ponnistaa kohti tulevaa Thanksgiving-viikonloppua, joka on Yhdysvalloissa perinteisesti vilkasta elokuvateattereissa k\u00e4yntiaikaa\u201d, Jokiranta totesi.<\/p>\n<p>Harmillisesti kiinnostus Sisu 2:a kohtaan on kuitenkin alkanut selv\u00e4sti hiipua Pohjois-Amerikassa; ne joita elokuva kunnolla kiinnostaa, k\u00e4viv\u00e4t katsomassa sen jo k\u00e4ttelyss\u00e4. Sisu 2 nimitt\u00e4in menetti <a href=\"https:\/\/www.boxofficemojo.com\/weekend\/2025W48\/?ref_=bo_hm_rw\" rel=\"nofollow noopener\" target=\"_blank\">Box Office Mojon<\/a> mukaan 66 prosenttia katsojistaan toisen viikonlopun kohdalla. <\/p>\n<p>Samalla elokuva putosi katsotuimpien listan sijalle yhdeks\u00e4n.<\/p>\n<p>Normaalisti elokuvien suosio laskee USA.ssa noin 40-50 prosenttia avausviikonlopustaan, eli Sisu 2:n kohdalla luku on poikkeuksellisen korkea. Kun huomioi ensimm\u00e4isen elokuvan olleen hitti ennen kaikkea suoratoistopalveluissa, moni selv\u00e4sti odottaa nyt jatko-osankin katsomista kotioloissa. Sill\u00e4 osastolla Sisu 2:ssa onkin edelleen kaikki hitin ainekset, mutta niin teatterilevityksen osalta ei Aatami Korpea voi selv\u00e4sti voittajaksi julistaa.<\/p>\n<p>Maailmanlaajuisesti Sisu 2:lla on nyt kasassa 7,2 miljoonan dollarin lipunmyynti. Ensimm\u00e4inen elokuva ylsi reiluun 14 miljoonaan dollariin teatterilevityksens\u00e4 aikana.<\/p>\n","protected":false},"excerpt":{"rendered":"Kuva: Kristjan M\u00f5ru \u00a92025 CTMG, Inc. Jalmari Helanderin ensimm\u00e4inen Sisu-elokuva pysyi USA:n TOP 10 -listalla kolme viikkoa vuonna&hellip;\n","protected":false},"author":2,"featured_media":98453,"comment_status":"","ping_status":"","sticky":false,"template":"","format":"standard","meta":{"footnotes":""},"categories":[131],"tags":[155,137,33,173,31,30,172,3297,3298,32,109],"class_list":{"0":"post-104596","1":"post","2":"type-post","3":"status-publish","4":"format-standard","5":"has-post-thumbnail","7":"category-elokuvat","8":"tag-elokuvat","9":"tag-entertainment","10":"tag-fi","11":"tag-film","12":"tag-finland","13":"tag-finnish","14":"tag-movies","15":"tag-sisu","16":"tag-sisu-2","17":"tag-suomi","18":"tag-viihde"},"share_on_mastodon":{"url":"https:\/\/pubeurope.com\/@fi\/115643060264517944","error":""},"_links":{"self":[{"href":"https:\/\/www.europesays.com\/fi\/wp-json\/wp\/v2\/posts\/104596","targetHints":{"allow":["GET"]}}],"collection":[{"href":"https:\/\/www.europesays.com\/fi\/wp-json\/wp\/v2\/posts"}],"about":[{"href":"https:\/\/www.europesays.com\/fi\/wp-json\/wp\/v2\/types\/post"}],"author":[{"embeddable":true,"href":"https:\/\/www.europesays.com\/fi\/wp-json\/wp\/v2\/users\/2"}],"replies":[{"embeddable":true,"href":"https:\/\/www.europesays.com\/fi\/wp-json\/wp\/v2\/comments?post=104596"}],"version-history":[{"count":0,"href":"https:\/\/www.europesays.com\/fi\/wp-json\/wp\/v2\/posts\/104596\/revisions"}],"wp:featuredmedia":[{"embeddable":true,"href":"https:\/\/www.europesays.com\/fi\/wp-json\/wp\/v2\/media\/98453"}],"wp:attachment":[{"href":"https:\/\/www.europesays.com\/fi\/wp-json\/wp\/v2\/media?parent=104596"}],"wp:term":[{"taxonomy":"category","embeddable":true,"href":"https:\/\/www.europesays.com\/fi\/wp-json\/wp\/v2\/categories?post=104596"},{"taxonomy":"post_tag","embeddable":true,"href":"https:\/\/www.europesays.com\/fi\/wp-json\/wp\/v2\/tags?post=104596"}],"curies":[{"name":"wp","href":"https:\/\/api.w.org\/{rel}","templated":true}]}}