{"id":104603,"date":"2025-12-01T07:14:09","date_gmt":"2025-12-01T07:14:09","guid":{"rendered":"https:\/\/www.europesays.com\/fi\/104603\/"},"modified":"2025-12-01T07:14:09","modified_gmt":"2025-12-01T07:14:09","slug":"yha-useampi-valitsee-tallaisen-alypuhelimen-ilmio-nakyy-nyt-kaupoissa","status":"publish","type":"post","link":"https:\/\/www.europesays.com\/fi\/104603\/","title":{"rendered":"Yh\u00e4 useampi valitsee t\u00e4llaisen \u00e4lypuhelimen, ilmi\u00f6 n\u00e4kyy nyt kaupoissa"},"content":{"rendered":"<p class=\"ai-optimize-6 ai-optimize-introduction\">\u00c4lypuhelimien myynti k\u00e4vi vilkkaana marraskuussa, ilmenee puhelinoperaattoreiden DNA:n, Elisan ja Telian julkaisemista tilastoista. Kaikkien kolmen ketjun liikkeiss\u00e4 myynti\u00e4 vauhdittivat etenkin marraskuun loppupuolen Black Friday -tarjouskampanjat.<\/p>\n<p class=\"ai-optimize-7\">DNA:n laitemyynnin osastop\u00e4\u00e4llik\u00f6n<strong> Jesse Kieksin<\/strong> mukaan selv\u00e4sti yli puolet marraskuun kokonaismyynnist\u00e4 tehtiin Black Friday -kampanjan aikana.<\/p>\n<p class=\"ai-optimize-8\">Ketjujen myydyimpien puhelimien joukossa olivat esimerkiksi Samsung Galaxy A16, Samsung Galaxy A56 ja OnePlus Nord CE5. My\u00f6s kalliimmat laitteet l\u00f6ysiv\u00e4t asiakkaansa, ja esimerkiksi Applen iPhone 17 ja OnePlus 15 olivat marraskuussa kysyttyj\u00e4 puhelimia.<\/p>\n<p class=\"ai-optimize-9\">\u2013 Uskomme, ett\u00e4 suomalaisten ostovoima on vahvistumassa ja my\u00f6s kaupan liitto odottaa maltillista joulukaupan kasvua. Kysynt\u00e4 olikin viime vuotta vilkkaampaa koko marraskuun ajan, etenkin Black Fridayn aikaan. Kuluttajat l\u00f6ysiv\u00e4t my\u00f6s Etuhinta-kampanjan laitteista omat suosikkinsa t\u00e4ss\u00e4 kuussa, kertoo Elisan kuluttajien laiteliiketoiminnasta vastaava johtaja <strong>Tuomas Lamp\u00e9n<\/strong> tiedotteessa.<\/p>\n<p class=\"ai-optimize-10\">Uusien laitteiden lis\u00e4ksi yh\u00e4 useampi kuluttaja valitsee itselleen k\u00e4ytetyn puhelimen. Ilmi\u00f6 on havaittu kaikissa kolmessa operaattoriketjussa.<\/p>\n<p class=\"ai-optimize-11\">\u2013 Kierr\u00e4tyspuhelimista on tullut n\u00e4kyv\u00e4 ja suosittu osa valikoimaamme, ja asiakkaamme selv\u00e4sti l\u00f6yt\u00e4v\u00e4t niist\u00e4 itselleen sopivan vaihtoehdon. Kierr\u00e4tyspuhelimissa asiakkaita houkuttelee tietysti fiksu hintataso ja kest\u00e4vyysn\u00e4k\u00f6kulmasta kyse on monelle my\u00f6s lifestyle-valinnasta, Telian laiteliiketoimintajohtaja <strong>Patrik Westerberg<\/strong> sanoo.<\/p>\n<p>DNA:n myydyimm\u00e4t puhelimet marraskuussa 2025 (kuluttaja-asiakkaat)<\/p>\n<ol>\n<li class=\"ai-optimize-13\">Apple iPhone 15 5G<\/li>\n<li class=\"ai-optimize-14\">Samsung Galaxy A16<\/li>\n<li class=\"ai-optimize-15\">Samsung Galaxy A56 5G<\/li>\n<li class=\"ai-optimize-16\">Apple iPhone 16 5G<\/li>\n<li class=\"ai-optimize-17\">Apple iPhone 17 Pro Max 5G<\/li>\n<li class=\"ai-optimize-18\">Apple iPhone 17 Pro 5G<\/li>\n<li class=\"ai-optimize-19\">OnePlus Nord CE 5 5G<\/li>\n<li class=\"ai-optimize-20\">Apple iPhone 16e 5G<\/li>\n<li class=\"ai-optimize-21\">Honor 200 5G<\/li>\n<li class=\"ai-optimize-22\">Samsung Galaxy S25 5G<\/li>\n<\/ol>\n<p>Elisan myydyimm\u00e4t puhelimet marraskuussa 2025 (kuluttaja-asiakkaat)<\/p>\n<ol>\n<li class=\"ai-optimize-24\">Samsung Galaxy A16 4G<\/li>\n<li class=\"ai-optimize-25\">OnePlus Nord CE5 5G<\/li>\n<li class=\"ai-optimize-26\">Samsung Galaxy A56 5G<\/li>\n<li class=\"ai-optimize-27\">Samsung Galaxy S25 5G<\/li>\n<li class=\"ai-optimize-28\">OnePlus 15 5G<\/li>\n<li class=\"ai-optimize-29\">Samsung Galaxy A16 5G<\/li>\n<li class=\"ai-optimize-30\">OnePlus Nord 5<\/li>\n<li class=\"ai-optimize-31\">Apple iPhone 16 5G<\/li>\n<li class=\"ai-optimize-32\">Honor X5c Plus<\/li>\n<li class=\"ai-optimize-33\">Apple iPhone 17 Pro 5G<\/li>\n<\/ol>\n<p>Telian myydyimm\u00e4t puhelimet marraskuussa 2025 (kuluttaja-asiakkaat)<\/p>\n<ol>\n<li class=\"ai-optimize-35\">Apple iPhone 15 5G<\/li>\n<li class=\"ai-optimize-35\">2. Samsung Galaxy A56 5G<\/li>\n<li class=\"ai-optimize-35\">Apple iPhone 17 Pro<\/li>\n<li class=\"ai-optimize-35\">Apple iPhone 17 Pro Max<\/li>\n<li class=\"ai-optimize-35\">Apple iPhone 16 5G<\/li>\n<li class=\"ai-optimize-35\">OnePlus 13R 5G<\/li>\n<li class=\"ai-optimize-35\">OnePlus 15 5G<\/li>\n<li class=\"ai-optimize-35\">Samsung Galaxy A26 5G<\/li>\n<li class=\"ai-optimize-35\">Samsung Galaxy S25 5G<\/li>\n<li class=\"ai-optimize-35\">Kierr\u00e4tetty iPhone 12 5G<\/li>\n<\/ol>\n<p class=\"ai-optimize-45\"><strong>LUE MY\u00d6S:<\/strong><br \/><a href=\"https:\/\/www.verkkouutiset.fi\/a\/sadan-vai-tuhannen-euron-alypuhelin-asiantuntijalta-suora-vastaus\/\" target=\"_blank\" rel=\"noopener nofollow\">Sadan vai tuhannen euron \u00e4lypuhelin? Asiantuntijalta suora vastaus<\/a><\/p>\n","protected":false},"excerpt":{"rendered":"\u00c4lypuhelimien myynti k\u00e4vi vilkkaana marraskuussa, ilmenee puhelinoperaattoreiden DNA:n, Elisan ja Telian julkaisemista tilastoista. Kaikkien kolmen ketjun liikkeiss\u00e4 myynti\u00e4&hellip;\n","protected":false},"author":2,"featured_media":104604,"comment_status":"","ping_status":"","sticky":false,"template":"","format":"standard","meta":{"footnotes":""},"categories":[84],"tags":[562,33,31,30,1246,32,91,92],"class_list":{"0":"post-104603","1":"post","2":"type-post","3":"status-publish","4":"format-standard","5":"has-post-thumbnail","7":"category-teknologia","8":"tag-alypuhelimet","9":"tag-fi","10":"tag-finland","11":"tag-finnish","12":"tag-kuluttajat","13":"tag-suomi","14":"tag-technology","15":"tag-teknologia"},"share_on_mastodon":{"url":"https:\/\/pubeurope.com\/@fi\/115643079976505101","error":""},"_links":{"self":[{"href":"https:\/\/www.europesays.com\/fi\/wp-json\/wp\/v2\/posts\/104603","targetHints":{"allow":["GET"]}}],"collection":[{"href":"https:\/\/www.europesays.com\/fi\/wp-json\/wp\/v2\/posts"}],"about":[{"href":"https:\/\/www.europesays.com\/fi\/wp-json\/wp\/v2\/types\/post"}],"author":[{"embeddable":true,"href":"https:\/\/www.europesays.com\/fi\/wp-json\/wp\/v2\/users\/2"}],"replies":[{"embeddable":true,"href":"https:\/\/www.europesays.com\/fi\/wp-json\/wp\/v2\/comments?post=104603"}],"version-history":[{"count":0,"href":"https:\/\/www.europesays.com\/fi\/wp-json\/wp\/v2\/posts\/104603\/revisions"}],"wp:featuredmedia":[{"embeddable":true,"href":"https:\/\/www.europesays.com\/fi\/wp-json\/wp\/v2\/media\/104604"}],"wp:attachment":[{"href":"https:\/\/www.europesays.com\/fi\/wp-json\/wp\/v2\/media?parent=104603"}],"wp:term":[{"taxonomy":"category","embeddable":true,"href":"https:\/\/www.europesays.com\/fi\/wp-json\/wp\/v2\/categories?post=104603"},{"taxonomy":"post_tag","embeddable":true,"href":"https:\/\/www.europesays.com\/fi\/wp-json\/wp\/v2\/tags?post=104603"}],"curies":[{"name":"wp","href":"https:\/\/api.w.org\/{rel}","templated":true}]}}