{"id":104613,"date":"2025-12-01T07:30:11","date_gmt":"2025-12-01T07:30:11","guid":{"rendered":"https:\/\/www.europesays.com\/fi\/104613\/"},"modified":"2025-12-01T07:30:11","modified_gmt":"2025-12-01T07:30:11","slug":"tata-et-tiennyt-demarivaltuutettu-mika-einiosta-hatilan-ismo-laitela-fanittaa-iskelmaa-ja-hanella-on-salattu-ura-tvssa-paikalliset","status":"publish","type":"post","link":"https:\/\/www.europesays.com\/fi\/104613\/","title":{"rendered":"T\u00e4t\u00e4 et tiennyt demarivaltuutettu Mika Eini\u00f6st\u00e4: H\u00e4til\u00e4n Ismo Laitela fanittaa iskelm\u00e4\u00e4 ja h\u00e4nell\u00e4 on salattu ura tv:ss\u00e4 | Paikalliset"},"content":{"rendered":"<p>H\u00e4meenlinnan valtuustossa kolmatta kautta istuva Eini\u00f6 ei ole palopuheiden pit\u00e4j\u00e4, vaan arvostaa j\u00e4rjest\u00f6ty\u00f6t\u00e4.<\/p>\n<p>H\u00e4meenlinnalainen <strong>Mika Eini\u00f6<\/strong> on monen roolin mies. Kuntapoliitikkona demarivaltuutettu on mieluummin taustavaikuttaja kuin palopuheiden pit\u00e4j\u00e4, mutta muuten h\u00e4n on \u00e4\u00e4ness\u00e4 usein ja mielell\u00e4\u00e4n.<\/p>\n","protected":false},"excerpt":{"rendered":"H\u00e4meenlinnan valtuustossa kolmatta kautta istuva Eini\u00f6 ei ole palopuheiden pit\u00e4j\u00e4, vaan arvostaa j\u00e4rjest\u00f6ty\u00f6t\u00e4. H\u00e4meenlinnalainen Mika Eini\u00f6 on monen&hellip;\n","protected":false},"author":2,"featured_media":104614,"comment_status":"","ping_status":"","sticky":false,"template":"","format":"standard","meta":{"footnotes":""},"categories":[136],"tags":[407,137,33,31,30,2109,3888,19797,408,3238,19796,209,32,1247,109],"class_list":{"0":"post-104613","1":"post","2":"type-post","3":"status-publish","4":"format-standard","5":"has-post-thumbnail","7":"category-julkkikset","8":"tag-celebrities","9":"tag-entertainment","10":"tag-fi","11":"tag-finland","12":"tag-finnish","13":"tag-hameenlinna","14":"tag-hameenlinnan-seutukunta","15":"tag-hameenlinnan-tyovaenyhdistys","16":"tag-julkkikset","17":"tag-lidl","18":"tag-mika-einio","19":"tag-salatut-elamat","20":"tag-suomi","21":"tag-televisio","22":"tag-viihde"},"share_on_mastodon":{"url":"https:\/\/pubeurope.com\/@fi\/115643142833032745","error":""},"_links":{"self":[{"href":"https:\/\/www.europesays.com\/fi\/wp-json\/wp\/v2\/posts\/104613","targetHints":{"allow":["GET"]}}],"collection":[{"href":"https:\/\/www.europesays.com\/fi\/wp-json\/wp\/v2\/posts"}],"about":[{"href":"https:\/\/www.europesays.com\/fi\/wp-json\/wp\/v2\/types\/post"}],"author":[{"embeddable":true,"href":"https:\/\/www.europesays.com\/fi\/wp-json\/wp\/v2\/users\/2"}],"replies":[{"embeddable":true,"href":"https:\/\/www.europesays.com\/fi\/wp-json\/wp\/v2\/comments?post=104613"}],"version-history":[{"count":0,"href":"https:\/\/www.europesays.com\/fi\/wp-json\/wp\/v2\/posts\/104613\/revisions"}],"wp:featuredmedia":[{"embeddable":true,"href":"https:\/\/www.europesays.com\/fi\/wp-json\/wp\/v2\/media\/104614"}],"wp:attachment":[{"href":"https:\/\/www.europesays.com\/fi\/wp-json\/wp\/v2\/media?parent=104613"}],"wp:term":[{"taxonomy":"category","embeddable":true,"href":"https:\/\/www.europesays.com\/fi\/wp-json\/wp\/v2\/categories?post=104613"},{"taxonomy":"post_tag","embeddable":true,"href":"https:\/\/www.europesays.com\/fi\/wp-json\/wp\/v2\/tags?post=104613"}],"curies":[{"name":"wp","href":"https:\/\/api.w.org\/{rel}","templated":true}]}}