{"id":104617,"date":"2025-12-01T07:38:09","date_gmt":"2025-12-01T07:38:09","guid":{"rendered":"https:\/\/www.europesays.com\/fi\/104617\/"},"modified":"2025-12-01T07:38:09","modified_gmt":"2025-12-01T07:38:09","slug":"campbellin-johtaja-haukkui-tuotteitaan-ilta-sanomat","status":"publish","type":"post","link":"https:\/\/www.europesays.com\/fi\/104617\/","title":{"rendered":"Campbellin johtaja haukkui tuotteitaan &#8211; Ilta-Sanomat"},"content":{"rendered":"<p>Liiallinen avomielisyys koitui elintarvikeyrityksen johtajan kohtaloksi.<\/p>\n<p class=\"article-body mb-nof-24 px-nof-16\">Amerikkalaisen elintarvikeyritys Campbell Soup Companyn johtaja siirrettiin v\u00e4liaikaisesti syrj\u00e4\u00e4n sen j\u00e4lkeen kun t\u00e4m\u00e4 oli haukkunut yrityksen tuotteita \u201dvitun k\u00f6yhille teht\u00e4v\u00e4ksi paskaksi\u201d.<\/p>\n<p class=\"article-body mb-nof-24 px-nof-16\">Asiasta kertoo muun muassa brittilehti <a class=\"article-genericlink\" href=\"https:\/\/www.theguardian.com\/us-news\/2025\/nov\/25\/campbell-soup-executive-comments\" rel=\"nofollow noopener\" target=\"_blank\">The Guardian<\/a>.<\/p>\n<p class=\"article-body mb-nof-24 px-nof-16\">Asia tuli ilmi yrityksen entisen ty\u00f6ntekij\u00e4n nostamassa oikeusjutussa.<\/p>\n<p class=\"article-body mb-nof-24 px-nof-16\">Campbellin it-osaston varajohtaja <a class=\"article-personlink\" href=\"https:\/\/www.is.fi\/haku\/?query=Martin%20Bally\" rel=\"nofollow noopener\" target=\"_blank\">Martin Bally<\/a> oli keskustellut ty\u00f6ntekij\u00e4n kanssa t\u00e4m\u00e4n esitt\u00e4m\u00e4st\u00e4 palkankorotuksesta.<\/p>\n<p class=\"article-body mb-nof-24 px-nof-16\">Palkankorotuskeskustelun lis\u00e4ksi Bally oli esitt\u00e4nyt rasistisia kommentteja yrityksen intialaisista ty\u00f6ntekij\u00f6ist\u00e4, moittinut Campbellin tuotteita ja my\u00f6nt\u00e4nyt tulevansa v\u00e4lill\u00e4 t\u00f6ihin pilvess\u00e4.<\/p>\n<p class=\"article-body mb-nof-24 px-nof-16\">Ty\u00f6ntekij\u00e4 oli salaa nauhoittanut keskustelun.<\/p>\n<p class=\"article-body mb-nof-24 px-nof-16\">\u2013\u2009Kuka ostaa t\u00e4t\u00e4 paskaa? En osta Campbellin tuotteita juuri ollenkaan en\u00e4\u00e4. Ne eiv\u00e4t ole terveellisi\u00e4, kun tied\u00e4n mit\u00e4 niiss\u00e4 on, Bally totesi.<\/p>\n<p class=\"article-body mb-nof-24 px-nof-16\">\u2013\u2009En halua ostaa kananpalaa, joka tuli 3D-printterist\u00e4.<\/p>\n<p class=\"article-body mb-nof-24 px-nof-16\">Ty\u00f6ntekij\u00e4 vei huomionsa ylimm\u00e4lle johdolle ja sai jonkun ajan kuluttua potkut. T\u00e4m\u00e4n j\u00e4lkeen h\u00e4n nosti oikeusjutun.<\/p>\n<p class=\"article-body mb-nof-24 px-nof-16\">Campbell on nyt ilmoittanut tutkivansa asiaa ja panneensa Ballyn hyllylle.<\/p>\n<p class=\"article-body mb-nof-24 px-nof-16\">\u2013\u2009Jos n\u00e4m\u00e4 kommentit osoittautuvat todeksi, ne eiv\u00e4t ole hyv\u00e4ksytt\u00e4vi\u00e4. Ne eiv\u00e4t vastaa arvojamme ja yrityskulttuuriamme, Campbellin tiedotteessa todetaan.<\/p>\n<p class=\"article-body mb-nof-24 px-nof-16\">Campbellin keittot\u00f6lkit nousivat maailmanmaineeseen varhain 1960-luvulla, kun pop-taiteilija <a class=\"article-personlink\" href=\"https:\/\/www.is.fi\/haku\/?query=Andy%20Warhol\" rel=\"nofollow noopener\" target=\"_blank\">Andy Warhol<\/a> oli k\u00e4ytt\u00e4nyt niit\u00e4 aiheena kuvataiteessaan.<\/p>\n<p class=\"article-body mb-nof-24 px-nof-16\">Warhol kertoi nauttivansa Campbellin keittoja joka p\u00e4iv\u00e4.<\/p>\n","protected":false},"excerpt":{"rendered":"Liiallinen avomielisyys koitui elintarvikeyrityksen johtajan kohtaloksi. Amerikkalaisen elintarvikeyritys Campbell Soup Companyn johtaja siirrettiin v\u00e4liaikaisesti syrj\u00e4\u00e4n sen j\u00e4lkeen kun&hellip;\n","protected":false},"author":2,"featured_media":104618,"comment_status":"","ping_status":"","sticky":false,"template":"","format":"standard","meta":{"footnotes":""},"categories":[130],"tags":[137,33,31,30,34,32,109],"class_list":{"0":"post-104617","1":"post","2":"type-post","3":"status-publish","4":"format-standard","5":"has-post-thumbnail","7":"category-viihde","8":"tag-entertainment","9":"tag-fi","10":"tag-finland","11":"tag-finnish","12":"tag-ilta-sanomat","13":"tag-suomi","14":"tag-viihde"},"share_on_mastodon":{"url":"https:\/\/pubeurope.com\/@fi\/115643174370995098","error":""},"_links":{"self":[{"href":"https:\/\/www.europesays.com\/fi\/wp-json\/wp\/v2\/posts\/104617","targetHints":{"allow":["GET"]}}],"collection":[{"href":"https:\/\/www.europesays.com\/fi\/wp-json\/wp\/v2\/posts"}],"about":[{"href":"https:\/\/www.europesays.com\/fi\/wp-json\/wp\/v2\/types\/post"}],"author":[{"embeddable":true,"href":"https:\/\/www.europesays.com\/fi\/wp-json\/wp\/v2\/users\/2"}],"replies":[{"embeddable":true,"href":"https:\/\/www.europesays.com\/fi\/wp-json\/wp\/v2\/comments?post=104617"}],"version-history":[{"count":0,"href":"https:\/\/www.europesays.com\/fi\/wp-json\/wp\/v2\/posts\/104617\/revisions"}],"wp:featuredmedia":[{"embeddable":true,"href":"https:\/\/www.europesays.com\/fi\/wp-json\/wp\/v2\/media\/104618"}],"wp:attachment":[{"href":"https:\/\/www.europesays.com\/fi\/wp-json\/wp\/v2\/media?parent=104617"}],"wp:term":[{"taxonomy":"category","embeddable":true,"href":"https:\/\/www.europesays.com\/fi\/wp-json\/wp\/v2\/categories?post=104617"},{"taxonomy":"post_tag","embeddable":true,"href":"https:\/\/www.europesays.com\/fi\/wp-json\/wp\/v2\/tags?post=104617"}],"curies":[{"name":"wp","href":"https:\/\/api.w.org\/{rel}","templated":true}]}}