{"id":104621,"date":"2025-12-01T07:41:07","date_gmt":"2025-12-01T07:41:07","guid":{"rendered":"https:\/\/www.europesays.com\/fi\/104621\/"},"modified":"2025-12-01T07:41:07","modified_gmt":"2025-12-01T07:41:07","slug":"kotimaisten-tuotteiden-kysynta-kasvaa-itsenaisyyspaivan-alla-jopa-50-prosenttia","status":"publish","type":"post","link":"https:\/\/www.europesays.com\/fi\/104621\/","title":{"rendered":"Kotimaisten tuotteiden kysynt\u00e4 kasvaa itsen\u00e4isyysp\u00e4iv\u00e4n alla jopa 50 prosenttia"},"content":{"rendered":"<p>S-ryhm\u00e4n myyntidatan valossa kotimaisten tuotteiden kysynt\u00e4 korostuu vuoden varrella erityisesti juhlapyhien alla eik\u00e4 tuleva itsen\u00e4isyysp\u00e4iv\u00e4 ole poikkeus.<\/p>\n<p>Itsen\u00e4isyysp\u00e4iv\u00e4n alla kotimaisten tuotteiden myynti kasvaa S-ryhm\u00e4n ruokakaupoissa merkitt\u00e4v\u00e4sti.<\/p>\n<p>\u2013 Usein juhlapyhien tarjoiluihin tyk\u00e4t\u00e4\u00e4n panostaa ja laittaa erityist\u00e4 ajatusta. Moni kuluttaja suosii mielell\u00e4\u00e4n juhlan hetkell\u00e4 tavanomaista enemm\u00e4n my\u00f6s kotimaisia tuotteita ja t\u00e4m\u00e4 n\u00e4kyy my\u00f6s itsen\u00e4isyysp\u00e4iv\u00e4n valmisteluissa. Viime vuonna S-ryhm\u00e4n ruokakaupoissa kotimaisten tuotteiden myynti nousi itsen\u00e4isyysp\u00e4iv\u00e4n alla 50 prosenttia tavanomaiseen kauppap\u00e4iv\u00e4\u00e4n verrattuna, S-ryhm\u00e4n p\u00e4ivitt\u00e4istavarakaupan myyntijohtaja <strong>Hans Backstr\u00f6m<\/strong> kertoo tiedotteessa.<\/p>\n<p>My\u00f6s S-ryhm\u00e4n Kotimaista-br\u00e4ndin myynti kasvoi viime vuonna itsen\u00e4isyysp\u00e4iv\u00e4n alla yli 60 prosenttia.<\/p>\n<p>S-ryhm\u00e4n mukaan monet suomalaiset kunnioittavat itsen\u00e4isyysp\u00e4iv\u00e4\u00e4 perinteisill\u00e4 mauilla ja raaka-aineilla. Kala, liha ja peruna sek\u00e4 makeat leivonnaiset ja limppu kuuluvat p\u00e4iv\u00e4n alla monen ostoslistoille.<\/p>\n<p>Erojakin tosin l\u00f6ytyy: yli 65-vuotiaat ostavat kalaa ja lihaa selv\u00e4sti enemm\u00e4n kuin alle 35-vuotiaat, joiden ostoksissa korostuvat puolestaan enemm\u00e4n esimerkiksi erilaiset sipsit, pizzat, kastikkeet, pastat, riisi ja texmex-tuotteet.<\/p>\n<p>\u2013 Nuoremmilla itsen\u00e4isyysp\u00e4iv\u00e4n herkuttelussa korostuvat modernimmat maut, joista on helppoa nauttia isommallakin porukalla yst\u00e4vien tai perheen kesken. Vanhemmat ik\u00e4ryhm\u00e4t pit\u00e4ytyv\u00e4t sitten perinteisemmiss\u00e4 ratkaisuissa. Karjalan- ja naudanpaisti ovat edelleen suosittuja juhlaruokia, B\u00e4ckstr\u00f6m sanoo.\u00a0<\/p>\n","protected":false},"excerpt":{"rendered":"S-ryhm\u00e4n myyntidatan valossa kotimaisten tuotteiden kysynt\u00e4 korostuu vuoden varrella erityisesti juhlapyhien alla eik\u00e4 tuleva itsen\u00e4isyysp\u00e4iv\u00e4 ole poikkeus. Itsen\u00e4isyysp\u00e4iv\u00e4n&hellip;\n","protected":false},"author":2,"featured_media":104622,"comment_status":"","ping_status":"","sticky":false,"template":"","format":"standard","meta":{"footnotes":""},"categories":[76],"tags":[79,77,33,31,30,32,78],"class_list":{"0":"post-104621","1":"post","2":"type-post","3":"status-publish","4":"format-standard","5":"has-post-thumbnail","7":"category-talous","8":"tag-business","9":"tag-economy","10":"tag-fi","11":"tag-finland","12":"tag-finnish","13":"tag-suomi","14":"tag-talous"},"share_on_mastodon":{"url":"https:\/\/pubeurope.com\/@fi\/115643186216708159","error":""},"_links":{"self":[{"href":"https:\/\/www.europesays.com\/fi\/wp-json\/wp\/v2\/posts\/104621","targetHints":{"allow":["GET"]}}],"collection":[{"href":"https:\/\/www.europesays.com\/fi\/wp-json\/wp\/v2\/posts"}],"about":[{"href":"https:\/\/www.europesays.com\/fi\/wp-json\/wp\/v2\/types\/post"}],"author":[{"embeddable":true,"href":"https:\/\/www.europesays.com\/fi\/wp-json\/wp\/v2\/users\/2"}],"replies":[{"embeddable":true,"href":"https:\/\/www.europesays.com\/fi\/wp-json\/wp\/v2\/comments?post=104621"}],"version-history":[{"count":0,"href":"https:\/\/www.europesays.com\/fi\/wp-json\/wp\/v2\/posts\/104621\/revisions"}],"wp:featuredmedia":[{"embeddable":true,"href":"https:\/\/www.europesays.com\/fi\/wp-json\/wp\/v2\/media\/104622"}],"wp:attachment":[{"href":"https:\/\/www.europesays.com\/fi\/wp-json\/wp\/v2\/media?parent=104621"}],"wp:term":[{"taxonomy":"category","embeddable":true,"href":"https:\/\/www.europesays.com\/fi\/wp-json\/wp\/v2\/categories?post=104621"},{"taxonomy":"post_tag","embeddable":true,"href":"https:\/\/www.europesays.com\/fi\/wp-json\/wp\/v2\/tags?post=104621"}],"curies":[{"name":"wp","href":"https:\/\/api.w.org\/{rel}","templated":true}]}}