{"id":104625,"date":"2025-12-01T07:43:08","date_gmt":"2025-12-01T07:43:08","guid":{"rendered":"https:\/\/www.europesays.com\/fi\/104625\/"},"modified":"2025-12-01T07:43:08","modified_gmt":"2025-12-01T07:43:08","slug":"koulubussi-onnettomuudessa-konginkankaalla","status":"publish","type":"post","link":"https:\/\/www.europesays.com\/fi\/104625\/","title":{"rendered":"Koulubussi onnettomuudessa Konginkankaalla"},"content":{"rendered":"<p>Pelastuslaitos sai ilmoituksen kello 8.29.<\/p>\n<p class=\"paragraph\">\u00c4\u00e4nekoskella Konginkankaan Liimattalantiell\u00e4 on tapahtunut keskisuuri tieliikenneonnettomuus, kertoo pelastuslaitos. Kyseess\u00e4 on koulubussi, joka on suistunut tielt\u00e4 liukkauden vuoksi.<\/p>\n<p class=\"paragraph\">Linja-autoyritt\u00e4j\u00e4 Koivuranta Oy:n toimitusjohtaja <strong>Juha Suokivi<\/strong> kertoo Iltalehdelle, ett\u00e4 koulubussin suisti ojaan hoitamaton tie. Paikan p\u00e4\u00e4ll\u00e4 on peilij\u00e4\u00e4t\u00e4 ja hyvin liukasta.<\/p>\n<p class=\"paragraph\">\u2013 Nuoret ovat p\u00e4\u00e4sseet kaikki ulos autosta. Mutta siell\u00e4 on niin liukasta, etteiv\u00e4t he meinaa pysy\u00e4 ollenkaan pystyss\u00e4.<\/p>\n<p class=\"paragraph\">Bussin kyydiss\u00e4 ollut 15-vuotias oppilas kertoo, ett\u00e4 bussin kyydiss\u00e4 oli 30-40 oppilasta. Kyydiss\u00e4 oli yl\u00e4kouluik\u00e4isi\u00e4 ja opiskelijoita toiselta asteelta.<\/p>\n<p class=\"paragraph\">H\u00e4nen mukaansa oppilaiden joukossa ei ole vakavasti loukkaantuneita, mutta bussin vasemman kyljen ikkunat meniv\u00e4t onnettomuudessa rikki.<\/p>\n<p class=\"paragraph\">Oppilaat odottavat t\u00e4ll\u00e4 hetkell\u00e4 uutta kuljetusta.<\/p>\n<p class=\"paragraph\">Pelastuslaitos sai ilmoituksen asiasta kello 8.29.<\/p>\n<p class=\"paragraph\">Tilanne p\u00e4ivittyy.<\/p>\n","protected":false},"excerpt":{"rendered":"Pelastuslaitos sai ilmoituksen kello 8.29. \u00c4\u00e4nekoskella Konginkankaan Liimattalantiell\u00e4 on tapahtunut keskisuuri tieliikenneonnettomuus, kertoo pelastuslaitos. Kyseess\u00e4 on koulubussi, joka&hellip;\n","protected":false},"author":2,"featured_media":104626,"comment_status":"","ping_status":"","sticky":false,"template":"","format":"standard","meta":{"footnotes":""},"categories":[12],"tags":[35,22,23,26,27,33,31,30,17,24,25,121,28,29,15,837,120,18,21,103,32,19,20,16,796],"class_list":{"0":"post-104625","1":"post","2":"type-post","3":"status-publish","4":"format-standard","5":"has-post-thumbnail","7":"category-suomi","8":"tag-24h","9":"tag-breaking-news","10":"tag-breakingnews","11":"tag-featured-news","12":"tag-featurednews","13":"tag-fi","14":"tag-finland","15":"tag-finnish","16":"tag-headlines","17":"tag-latest-news","18":"tag-latestnews","19":"tag-liikenne-ja-kuljetus","20":"tag-main-news","21":"tag-mainnews","22":"tag-news","23":"tag-onnettomuudet","24":"tag-onnettomuustapaus","25":"tag-otsikot","26":"tag-paauutiset","27":"tag-sosiaalikysymykset","28":"tag-suomi","29":"tag-top-stories","30":"tag-topstories","31":"tag-uutiset","32":"tag-yhteiskunta"},"share_on_mastodon":{"url":"https:\/\/pubeurope.com\/@fi\/115643194131469629","error":""},"_links":{"self":[{"href":"https:\/\/www.europesays.com\/fi\/wp-json\/wp\/v2\/posts\/104625","targetHints":{"allow":["GET"]}}],"collection":[{"href":"https:\/\/www.europesays.com\/fi\/wp-json\/wp\/v2\/posts"}],"about":[{"href":"https:\/\/www.europesays.com\/fi\/wp-json\/wp\/v2\/types\/post"}],"author":[{"embeddable":true,"href":"https:\/\/www.europesays.com\/fi\/wp-json\/wp\/v2\/users\/2"}],"replies":[{"embeddable":true,"href":"https:\/\/www.europesays.com\/fi\/wp-json\/wp\/v2\/comments?post=104625"}],"version-history":[{"count":0,"href":"https:\/\/www.europesays.com\/fi\/wp-json\/wp\/v2\/posts\/104625\/revisions"}],"wp:featuredmedia":[{"embeddable":true,"href":"https:\/\/www.europesays.com\/fi\/wp-json\/wp\/v2\/media\/104626"}],"wp:attachment":[{"href":"https:\/\/www.europesays.com\/fi\/wp-json\/wp\/v2\/media?parent=104625"}],"wp:term":[{"taxonomy":"category","embeddable":true,"href":"https:\/\/www.europesays.com\/fi\/wp-json\/wp\/v2\/categories?post=104625"},{"taxonomy":"post_tag","embeddable":true,"href":"https:\/\/www.europesays.com\/fi\/wp-json\/wp\/v2\/tags?post=104625"}],"curies":[{"name":"wp","href":"https:\/\/api.w.org\/{rel}","templated":true}]}}