{"id":104627,"date":"2025-12-01T07:44:08","date_gmt":"2025-12-01T07:44:08","guid":{"rendered":"https:\/\/www.europesays.com\/fi\/104627\/"},"modified":"2025-12-01T07:44:08","modified_gmt":"2025-12-01T07:44:08","slug":"puolustusministeri-antti-hakkanen-vierailee-yhdysvalloissa-2-7-joulukuuta","status":"publish","type":"post","link":"https:\/\/www.europesays.com\/fi\/104627\/","title":{"rendered":"Puolustusministeri Antti H\u00e4kk\u00e4nen vierailee Yhdysvalloissa 2.\u20137. joulukuuta"},"content":{"rendered":"<p>Puolustusministeri Antti H\u00e4kk\u00e4nen suuntaa pois maasta.<\/p>\n<p class=\"article-body mb-nof-24 px-nof-16\">Puolustusministeri <a class=\"article-personlink\" href=\"https:\/\/www.is.fi\/haku\/?query=Antti%20H%C3%A4kk%C3%A4nen\" rel=\"nofollow noopener\" target=\"_blank\">Antti H\u00e4kk\u00e4nen<\/a> (kok) tekee t\u00e4ll\u00e4 viikolla virkamatkan Yhdysvaltoihin. Puolustusministeri\u00f6n tiedotteen mukaan matkan ajankohta on 2.\u20137. joulukuuta, joten n\u00e4in ollen ministeri\u00e4 ei n\u00e4hd\u00e4 lauantaina presidentin itsen\u00e4isyysp\u00e4iv\u00e4n vastaanotolla.<\/p>\n<p class=\"article-body mb-nof-24 px-nof-16\">H\u00e4kk\u00e4nen osallistuu Yhdysvalloissa Kalifornian Simi Valleyssa Reaganin kansallisen puolustusfoorumin paneelikeskusteluun.<\/p>\n<p class=\"article-body mb-nof-24 px-nof-16\">Kyseess\u00e4 on Yhdysvaltojen t\u00e4rkein turvallisuus- ja puolustusfoorumi, joka tuo yhteen puolustushallinnon johtoa, puolustusyhteis\u00f6n keskeisi\u00e4 sidosryhmi\u00e4, kongressin j\u00e4seni\u00e4 sek\u00e4 puolustusteollisuusjohtajia.<\/p>\n<p class=\"article-body mb-nof-24 px-nof-16\">Ty\u00f6vierailun aikana H\u00e4kk\u00e4nen vierailee my\u00f6s sotilastukikohta Joint Base Hickamissa ja tapaa tukikohdan johtoa. Camp Smithiss\u00e4 ministeri H\u00e4kk\u00e4sell\u00e4 on lis\u00e4ksi tapaaminen Yhdysvaltain asevoimien indopasifisen toimialueen komentajan, amiraali <a class=\"article-personlink\" href=\"https:\/\/www.is.fi\/haku\/?query=Samuel%20John%20Paparo%20Jr:n\" rel=\"nofollow noopener\" target=\"_blank\">Samuel John Paparo Jr:n<\/a> kanssa.<\/p>\n<p class=\"article-body mb-nof-24 px-nof-16\">\u2013 Olemme aktiivisesti syvent\u00e4neet Suomen ja Yhdysvaltojen v\u00e4list\u00e4 puolustusyhteisty\u00f6t\u00e4, joka on t\u00e4ll\u00e4 hetkell\u00e4 tiiviimp\u00e4\u00e4 kuin koskaan aikaisemmin. Virkamatkani tapaamisissa ja neuvotteluissa Yhdysvaltojen poliittisen ja sotilasjohdon edustajien kanssa suunnittelemme t\u00e4m\u00e4n yhteisty\u00f6n syvent\u00e4mist\u00e4 edelleen, H\u00e4kk\u00e4nen sanoo tiedotteessa.<\/p>\n","protected":false},"excerpt":{"rendered":"Puolustusministeri Antti H\u00e4kk\u00e4nen suuntaa pois maasta. Puolustusministeri Antti H\u00e4kk\u00e4nen (kok) tekee t\u00e4ll\u00e4 viikolla virkamatkan Yhdysvaltoihin. Puolustusministeri\u00f6n tiedotteen mukaan&hellip;\n","protected":false},"author":2,"featured_media":104628,"comment_status":"","ping_status":"","sticky":false,"template":"","format":"standard","meta":{"footnotes":""},"categories":[5],"tags":[22,23,26,27,33,31,30,17,34,24,25,28,29,15,18,21,32,19,20,16],"class_list":{"0":"post-104627","1":"post","2":"type-post","3":"status-publish","4":"format-standard","5":"has-post-thumbnail","7":"category-otsikot","8":"tag-breaking-news","9":"tag-breakingnews","10":"tag-featured-news","11":"tag-featurednews","12":"tag-fi","13":"tag-finland","14":"tag-finnish","15":"tag-headlines","16":"tag-ilta-sanomat","17":"tag-latest-news","18":"tag-latestnews","19":"tag-main-news","20":"tag-mainnews","21":"tag-news","22":"tag-otsikot","23":"tag-paauutiset","24":"tag-suomi","25":"tag-top-stories","26":"tag-topstories","27":"tag-uutiset"},"share_on_mastodon":{"url":"https:\/\/pubeurope.com\/@fi\/115643197884090378","error":""},"_links":{"self":[{"href":"https:\/\/www.europesays.com\/fi\/wp-json\/wp\/v2\/posts\/104627","targetHints":{"allow":["GET"]}}],"collection":[{"href":"https:\/\/www.europesays.com\/fi\/wp-json\/wp\/v2\/posts"}],"about":[{"href":"https:\/\/www.europesays.com\/fi\/wp-json\/wp\/v2\/types\/post"}],"author":[{"embeddable":true,"href":"https:\/\/www.europesays.com\/fi\/wp-json\/wp\/v2\/users\/2"}],"replies":[{"embeddable":true,"href":"https:\/\/www.europesays.com\/fi\/wp-json\/wp\/v2\/comments?post=104627"}],"version-history":[{"count":0,"href":"https:\/\/www.europesays.com\/fi\/wp-json\/wp\/v2\/posts\/104627\/revisions"}],"wp:featuredmedia":[{"embeddable":true,"href":"https:\/\/www.europesays.com\/fi\/wp-json\/wp\/v2\/media\/104628"}],"wp:attachment":[{"href":"https:\/\/www.europesays.com\/fi\/wp-json\/wp\/v2\/media?parent=104627"}],"wp:term":[{"taxonomy":"category","embeddable":true,"href":"https:\/\/www.europesays.com\/fi\/wp-json\/wp\/v2\/categories?post=104627"},{"taxonomy":"post_tag","embeddable":true,"href":"https:\/\/www.europesays.com\/fi\/wp-json\/wp\/v2\/tags?post=104627"}],"curies":[{"name":"wp","href":"https:\/\/api.w.org\/{rel}","templated":true}]}}