{"id":104631,"date":"2025-12-01T08:00:15","date_gmt":"2025-12-01T08:00:15","guid":{"rendered":"https:\/\/www.europesays.com\/fi\/104631\/"},"modified":"2025-12-01T08:00:15","modified_gmt":"2025-12-01T08:00:15","slug":"kuinka-sujuvat-entiselta-judas-priest-laulajalta-yhtyeen-klassikot-tana-paivana-videoita-katsottavissa","status":"publish","type":"post","link":"https:\/\/www.europesays.com\/fi\/104631\/","title":{"rendered":"Kuinka sujuvat entiselt\u00e4 Judas Priest -laulajalta yhtyeen klassikot t\u00e4n\u00e4 p\u00e4iv\u00e4n\u00e4? Videoita katsottavissa"},"content":{"rendered":"<p>Judas Priestin, KK\u2019s Priestin ja Iced Earthin riveist\u00e4 tuttu Tim \u201dRipper\u201d Owens esiintyi 28. marraskuuta Vr\u00fatkyss\u00e4, Slovakiassa. Settilista koostui l\u00e4hinn\u00e4 kyseisten yhtyeiden tuotannosta, nojaten toki vahvasti Priestin suuntaan.<\/p>\n<p>Owens kiert\u00e4\u00e4 Eurooppaa kokoonpanolla, johon kuuluvat kitaristit Nazzareno Zacconi\u00a0ja\u00a0Emiliano Tessitore, basisti Francesco Caporaletti sek\u00e4 rumpali Alessio Palizzi.<\/p>\n<p>Alla katsomosta k\u00e4sin taltioituja videoita Judas Priest -vedoista.<\/p>\n<p><img loading=\"lazy\" decoding=\"async\" alt=\"YouTube video\" width=\"480\" height=\"360\" data-pin-nopin=\"true\" nopin=\"nopin\" class=\"perfmatters-lazy\" src=\"https:\/\/www.europesays.com\/fi\/wp-content\/uploads\/2025\/12\/1764576009_162_hqdefault.jpg\"\/><\/p>\n<p><img loading=\"lazy\" decoding=\"async\" alt=\"YouTube video\" width=\"480\" height=\"360\" data-pin-nopin=\"true\" nopin=\"nopin\" class=\"perfmatters-lazy\" src=\"https:\/\/www.europesays.com\/fi\/wp-content\/uploads\/2025\/12\/1764576011_727_hqdefault.jpg\"\/><\/p>\n<p><img loading=\"lazy\" decoding=\"async\" alt=\"YouTube video\" width=\"480\" height=\"360\" data-pin-nopin=\"true\" nopin=\"nopin\" class=\"perfmatters-lazy\" src=\"https:\/\/www.europesays.com\/fi\/wp-content\/uploads\/2025\/12\/1764576012_846_hqdefault.jpg\"\/><\/p>\n<p><img loading=\"lazy\" decoding=\"async\" alt=\"YouTube video\" width=\"480\" height=\"360\" data-pin-nopin=\"true\" nopin=\"nopin\" class=\"perfmatters-lazy\" src=\"https:\/\/www.europesays.com\/fi\/wp-content\/uploads\/2025\/12\/1764576013_599_hqdefault.jpg\"\/><\/p>\n<p><img loading=\"lazy\" decoding=\"async\" alt=\"YouTube video\" width=\"480\" height=\"360\" data-pin-nopin=\"true\" nopin=\"nopin\" class=\"perfmatters-lazy\" src=\"https:\/\/www.europesays.com\/fi\/wp-content\/uploads\/2025\/12\/1764576014_14_hqdefault.jpg\"\/><\/p>\n<p><img loading=\"lazy\" decoding=\"async\" alt=\"YouTube video\" width=\"480\" height=\"360\" data-pin-nopin=\"true\" nopin=\"nopin\" class=\"perfmatters-lazy\" src=\"https:\/\/www.europesays.com\/fi\/wp-content\/uploads\/2025\/12\/1764576014_88_hqdefault.jpg\"\/><\/p>\n","protected":false},"excerpt":{"rendered":"Judas Priestin, KK\u2019s Priestin ja Iced Earthin riveist\u00e4 tuttu Tim \u201dRipper\u201d Owens esiintyi 28. marraskuuta Vr\u00fatkyss\u00e4, Slovakiassa. Settilista&hellip;\n","protected":false},"author":2,"featured_media":60106,"comment_status":"","ping_status":"","sticky":false,"template":"","format":"standard","meta":{"footnotes":""},"categories":[132],"tags":[137,33,31,30,195,47,32,109],"class_list":{"0":"post-104631","1":"post","2":"type-post","3":"status-publish","4":"format-standard","5":"has-post-thumbnail","7":"category-musiikki","8":"tag-entertainment","9":"tag-fi","10":"tag-finland","11":"tag-finnish","12":"tag-music","13":"tag-musiikki","14":"tag-suomi","15":"tag-viihde"},"share_on_mastodon":{"url":"https:\/\/pubeurope.com\/@fi\/115643261413733500","error":""},"_links":{"self":[{"href":"https:\/\/www.europesays.com\/fi\/wp-json\/wp\/v2\/posts\/104631","targetHints":{"allow":["GET"]}}],"collection":[{"href":"https:\/\/www.europesays.com\/fi\/wp-json\/wp\/v2\/posts"}],"about":[{"href":"https:\/\/www.europesays.com\/fi\/wp-json\/wp\/v2\/types\/post"}],"author":[{"embeddable":true,"href":"https:\/\/www.europesays.com\/fi\/wp-json\/wp\/v2\/users\/2"}],"replies":[{"embeddable":true,"href":"https:\/\/www.europesays.com\/fi\/wp-json\/wp\/v2\/comments?post=104631"}],"version-history":[{"count":0,"href":"https:\/\/www.europesays.com\/fi\/wp-json\/wp\/v2\/posts\/104631\/revisions"}],"wp:featuredmedia":[{"embeddable":true,"href":"https:\/\/www.europesays.com\/fi\/wp-json\/wp\/v2\/media\/60106"}],"wp:attachment":[{"href":"https:\/\/www.europesays.com\/fi\/wp-json\/wp\/v2\/media?parent=104631"}],"wp:term":[{"taxonomy":"category","embeddable":true,"href":"https:\/\/www.europesays.com\/fi\/wp-json\/wp\/v2\/categories?post=104631"},{"taxonomy":"post_tag","embeddable":true,"href":"https:\/\/www.europesays.com\/fi\/wp-json\/wp\/v2\/tags?post=104631"}],"curies":[{"name":"wp","href":"https:\/\/api.w.org\/{rel}","templated":true}]}}